{"id":17906,"date":"2025-09-30T15:16:50","date_gmt":"2025-09-30T13:16:50","guid":{"rendered":"https:\/\/agora.xtec.cat\/ceipcastellciuro\/?p=17906"},"modified":"2025-11-27T13:54:29","modified_gmt":"2025-11-27T12:54:29","slug":"projecte-descola-curs-2025-2026","status":"publish","type":"post","link":"https:\/\/agora.xtec.cat\/ceipcastellciuro\/general\/projecte-descola-curs-2025-2026\/","title":{"rendered":"Projecte del curs 2025\/2026: \u201cEntre mites i llegendes\u201d"},"content":{"rendered":"<p data-start=\"290\" data-end=\"433\">Aquest curs, el nostre centre s\u2019endinsa en un m\u00f3n ple de fantasia, misteri i saviesa ancestral amb la tem\u00e0tica <strong data-start=\"401\" data-end=\"430\">\u201cEntre mites i llegendes\u201d<\/strong>.<\/p>\n<p data-start=\"435\" data-end=\"578\">El projecte dona vida tamb\u00e9 al vest\u00edbul de l\u2019escola, que s\u2019ha convertit en un espai m\u00e0gic inspirat en hist\u00f2ries llegend\u00e0ries d\u2019arreu del m\u00f3n.<\/p>\n<p data-start=\"580\" data-end=\"782\">Cada grup ha escollit <strong data-start=\"602\" data-end=\"637\">una llegenda, mite o personatge<\/strong> per investigar col\u00b7lectivament, i d\u2019aquesta manera ha adoptat <strong data-start=\"700\" data-end=\"720\">un nom de classe<\/strong> que reflecteix la seva elecci\u00f3 i identitat al llarg del curs.<\/p>\n<div class=\"_tableContainer_1rjym_1\">\n<div class=\"group _tableWrapper_1rjym_13 flex w-fit flex-col-reverse\" tabindex=\"-1\">\n<table class=\"w-fit min-w-(--thread-content-width)\" data-start=\"784\" data-end=\"1244\">\n<thead data-start=\"784\" data-end=\"821\">\n<tr data-start=\"784\" data-end=\"821\">\n<th data-start=\"784\" data-end=\"797\" data-col-size=\"sm\"><strong data-start=\"786\" data-end=\"796\">Nivell<\/strong><\/th>\n<th data-start=\"797\" data-end=\"821\" data-col-size=\"sm\"><strong data-start=\"799\" data-end=\"819\">Nom de la classe<\/strong><\/th>\n<\/tr>\n<\/thead>\n<tbody data-start=\"862\" data-end=\"1244\">\n<tr data-start=\"862\" data-end=\"890\">\n<td data-start=\"862\" data-end=\"867\" data-col-size=\"sm\">I3<\/td>\n<td data-col-size=\"sm\" data-start=\"867\" data-end=\"890\">El drac de Banyoles<\/td>\n<\/tr>\n<tr data-start=\"891\" data-end=\"935\">\n<td data-start=\"891\" data-end=\"896\" data-col-size=\"sm\">I4<\/td>\n<td data-col-size=\"sm\" data-start=\"896\" data-end=\"935\">La llegenda dels colors dels ocells<\/td>\n<\/tr>\n<tr data-start=\"936\" data-end=\"952\">\n<td data-start=\"936\" data-end=\"941\" data-col-size=\"sm\">I5<\/td>\n<td data-col-size=\"sm\" data-start=\"941\" data-end=\"952\">Kitsune<\/td>\n<\/tr>\n<tr data-start=\"953\" data-end=\"994\">\n<td data-start=\"953\" data-end=\"970\" data-col-size=\"sm\">1r de Prim\u00e0ria<\/td>\n<td data-col-size=\"sm\" data-start=\"970\" data-end=\"994\">El forat de la lluna<\/td>\n<\/tr>\n<tr data-start=\"995\" data-end=\"1030\">\n<td data-start=\"995\" data-end=\"1012\" data-col-size=\"sm\">2n de Prim\u00e0ria<\/td>\n<td data-col-size=\"sm\" data-start=\"1012\" data-end=\"1030\">El llop Amarok<\/td>\n<\/tr>\n<tr data-start=\"1031\" data-end=\"1060\">\n<td data-start=\"1031\" data-end=\"1049\" data-col-size=\"sm\">3rA de Prim\u00e0ria<\/td>\n<td data-col-size=\"sm\" data-start=\"1049\" data-end=\"1060\">Simurgh<\/td>\n<\/tr>\n<tr data-start=\"1061\" data-end=\"1088\">\n<td data-start=\"1061\" data-end=\"1079\" data-col-size=\"sm\">3rB de Prim\u00e0ria<\/td>\n<td data-col-size=\"sm\" data-start=\"1079\" data-end=\"1088\">Kirin<\/td>\n<\/tr>\n<tr data-start=\"1089\" data-end=\"1119\">\n<td data-start=\"1089\" data-end=\"1107\" data-col-size=\"sm\">4tA de Prim\u00e0ria<\/td>\n<td data-col-size=\"sm\" data-start=\"1107\" data-end=\"1119\">Au F\u00e8nix<\/td>\n<\/tr>\n<tr data-start=\"1120\" data-end=\"1151\">\n<td data-start=\"1120\" data-end=\"1138\" data-col-size=\"sm\">4tB de Prim\u00e0ria<\/td>\n<td data-col-size=\"sm\" data-start=\"1138\" data-end=\"1151\">Minotaure<\/td>\n<\/tr>\n<tr data-start=\"1152\" data-end=\"1177\">\n<td data-start=\"1152\" data-end=\"1169\" data-col-size=\"sm\">5\u00e8 de Prim\u00e0ria<\/td>\n<td data-col-size=\"sm\" data-start=\"1169\" data-end=\"1177\">Dips<\/td>\n<\/tr>\n<tr data-start=\"1178\" data-end=\"1207\">\n<td data-start=\"1178\" data-end=\"1196\" data-col-size=\"sm\">6\u00e8A de Prim\u00e0ria<\/td>\n<td data-col-size=\"sm\" data-start=\"1196\" data-end=\"1207\">Pandora<\/td>\n<\/tr>\n<tr data-start=\"1208\" data-end=\"1244\">\n<td data-start=\"1208\" data-end=\"1226\" data-col-size=\"sm\">6\u00e8B de Prim\u00e0ria<\/td>\n<td data-col-size=\"sm\" data-start=\"1226\" data-end=\"1244\">L\u2019home del sac<\/td>\n<\/tr>\n<\/tbody>\n<\/table>\n<\/div>\n<\/div>\n<p data-start=\"1246\" data-end=\"1399\">A trav\u00e9s d\u2019aquest projecte, els infants descobriran hist\u00f2ries antigues plenes de valors, imaginaci\u00f3 i aprenentatges que connecten cultures i generacions.<\/p>\n","protected":false},"excerpt":{"rendered":"<p>Aquest curs, el nostre centre s\u2019endinsa en un m\u00f3n ple de fantasia, misteri i saviesa ancestral amb la tem\u00e0tica \u201cEntre mites i llegendes\u201d.<br \/>\nEl projecte dona vida tamb\u00e9 al vest\u00edbul de l\u2019escola, que s\u2019ha convertit en un espai m\u00e0gic inspirat en hist\u00f2ries llegend\u00e0ries d\u2019arreu del m\u00f3n.<br \/>\nCada&hellip;  <a href=\"https:\/\/agora.xtec.cat\/ceipcastellciuro\/general\/projecte-descola-curs-2025-2026\/\" title=\"Read Projecte del curs 2025\/2026: \u201cEntre mites i llegendes\u201d\">Llegeix m\u00e9s\u00bb<\/a><\/p>\n","protected":false},"author":1,"featured_media":0,"comment_status":"open","ping_status":"open","sticky":false,"template":"","format":"standard","meta":{"_bbp_topic_count":0,"_bbp_reply_count":0,"_bbp_total_topic_count":0,"_bbp_total_reply_count":0,"_bbp_voice_count":0,"_bbp_anonymous_reply_count":0,"_bbp_topic_count_hidden":0,"_bbp_reply_count_hidden":0,"_bbp_forum_subforum_count":0,"footnotes":""},"categories":[1,4],"tags":[],"class_list":["post-17906","post","type-post","status-publish","format-standard","hentry","category-general","category-portada"],"post_mailing_queue_ids":[],"_links":{"self":[{"href":"https:\/\/agora.xtec.cat\/ceipcastellciuro\/wp-json\/wp\/v2\/posts\/17906","targetHints":{"allow":["GET"]}}],"collection":[{"href":"https:\/\/agora.xtec.cat\/ceipcastellciuro\/wp-json\/wp\/v2\/posts"}],"about":[{"href":"https:\/\/agora.xtec.cat\/ceipcastellciuro\/wp-json\/wp\/v2\/types\/post"}],"author":[{"embeddable":true,"href":"https:\/\/agora.xtec.cat\/ceipcastellciuro\/wp-json\/wp\/v2\/users\/1"}],"replies":[{"embeddable":true,"href":"https:\/\/agora.xtec.cat\/ceipcastellciuro\/wp-json\/wp\/v2\/comments?post=17906"}],"version-history":[{"count":3,"href":"https:\/\/agora.xtec.cat\/ceipcastellciuro\/wp-json\/wp\/v2\/posts\/17906\/revisions"}],"predecessor-version":[{"id":17927,"href":"https:\/\/agora.xtec.cat\/ceipcastellciuro\/wp-json\/wp\/v2\/posts\/17906\/revisions\/17927"}],"wp:attachment":[{"href":"https:\/\/agora.xtec.cat\/ceipcastellciuro\/wp-json\/wp\/v2\/media?parent=17906"}],"wp:term":[{"taxonomy":"category","embeddable":true,"href":"https:\/\/agora.xtec.cat\/ceipcastellciuro\/wp-json\/wp\/v2\/categories?post=17906"},{"taxonomy":"post_tag","embeddable":true,"href":"https:\/\/agora.xtec.cat\/ceipcastellciuro\/wp-json\/wp\/v2\/tags?post=17906"}],"curies":[{"name":"wp","href":"https:\/\/api.w.org\/{rel}","templated":true}]}}