{"id":17894,"date":"2025-10-27T16:48:16","date_gmt":"2025-10-27T15:48:16","guid":{"rendered":"https:\/\/agora.xtec.cat\/ceipcastellciuro\/?p=17894"},"modified":"2025-11-27T13:52:18","modified_gmt":"2025-11-27T12:52:18","slug":"eleccions-al-consell-escolar","status":"publish","type":"post","link":"https:\/\/agora.xtec.cat\/ceipcastellciuro\/general\/eleccions-al-consell-escolar\/","title":{"rendered":"Eleccions al Consell Escolar"},"content":{"rendered":"<h3 data-start=\"195\" data-end=\"248\"><strong>Qu\u00e8 \u00e9s el Consell Escolar i per qu\u00e8 \u00e9s important?<\/strong><\/h3>\n<p data-start=\"249\" data-end=\"516\">El\u00a0<strong data-start=\"252\" data-end=\"271\">Consell Escolar<\/strong>\u00a0\u00e9s l\u2019\u00f2rgan de participaci\u00f3 de tota la comunitat educativa: fam\u00edlies, alumnat, professorat i personal del centre.<br data-start=\"384\" data-end=\"387\" \/>\u00c9s aqu\u00ed on es prenen decisions rellevants sobre el funcionament de l\u2019escola, els projectes educatius i la gesti\u00f3 dels recursos.<\/p>\n<p data-start=\"518\" data-end=\"795\">La\u00a0<strong data-start=\"521\" data-end=\"553\">participaci\u00f3 de les fam\u00edlies<\/strong>\u00a0\u00e9s essencial per fer sentir la seva veu, contribuir a la millora del centre i refor\u00e7ar el vincle entre escola i comunitat.<br data-start=\"676\" data-end=\"679\" \/>Com m\u00e9s implicaci\u00f3 hi hagi, m\u00e9s rica ser\u00e0 la vida escolar i m\u00e9s adaptada a les necessitats de tots els alumnes.<\/p>\n<p>En aquesta convocat\u00f2ria <strong>cal renovar dos representants del sector de pares i mares i dos del sector mestres<\/strong>. Us animem a participar-hi presentant la vostra candidatura com a representants de les fam\u00edlies i tamb\u00e9 exercint el vostre dret a vot.<\/p>\n<h3 data-start=\"802\" data-end=\"833\"><strong>Presentaci\u00f3 de candidatures:<\/strong><\/h3>\n<p data-start=\"834\" data-end=\"954\">Fins al <strong>09\u00a0de novembre<\/strong>\u00a0podreu\u00a0<strong data-start=\"868\" data-end=\"903\">presentar la vostra candidatura<\/strong> per representar les fam\u00edlies al Consell Escolar. Cal complimentar el <a href=\"https:\/\/drive.google.com\/file\/d\/15O0Ho6CQcUo4qRbVmzJoeYUrM9J7vSwt\/view?usp=sharing\">Document de presentaci\u00f3 de candidatures<\/a> i lliurar-lo a la <strong data-start=\"1042\" data-end=\"1065\">direcci\u00f3 del centre<\/strong>.<\/p>\n<h3><strong>Calendari del proc\u00e9s electoral:<\/strong><\/h3>\n<ul>\n<li style=\"list-style-type: none;\">\n<ul>\n<li style=\"list-style-type: none;\">\n<ul>\n<li>Publicaci\u00f3 del cens electoral edifici direcci\u00f3:<em> 27 de novembre <\/em><\/li>\n<li>Presentaci\u00f3 de candidatures: <em>abans del 10 de novembre<\/em><\/li>\n<li>Publicaci\u00f3 de candidatures definitives: <em>11 de novembre<\/em><\/li>\n<li>Jornada de votacions: <em>18 novembre<\/em><\/li>\n<li>Proclamaci\u00f3 dels resultats: <em>19 de novembre<\/em><\/li>\n<\/ul>\n<\/li>\n<\/ul>\n<\/li>\n<\/ul>\n<h5 data-start=\"1725\" data-end=\"1874\"><strong data-start=\"1728\" data-end=\"1783\">Us animem a participar activament en aquest proc\u00e9s!<\/strong><br data-start=\"1783\" data-end=\"1786\" \/>Cada veu compta per seguir construint una escola participativa, transparent i de tothom.<\/h5>\n","protected":false},"excerpt":{"rendered":"<p>Qu\u00e8 \u00e9s el Consell Escolar i per qu\u00e8 \u00e9s important?<br \/>\nEl\u00a0Consell Escolar\u00a0\u00e9s l\u2019\u00f2rgan de participaci\u00f3 de tota la comunitat educativa: fam\u00edlies, alumnat, professorat i personal del centre.\u00c9s aqu\u00ed on es prenen decisions rellevants sobre el funcionament de l\u2019escola, els projectes educatius i la gesti\u00f3 dels recursos.<br \/>\nLa\u00a0participaci\u00f3&hellip;  <a href=\"https:\/\/agora.xtec.cat\/ceipcastellciuro\/general\/eleccions-al-consell-escolar\/\" title=\"Read Eleccions al Consell Escolar\">Llegeix m\u00e9s\u00bb<\/a><\/p>\n","protected":false},"author":1,"featured_media":0,"comment_status":"open","ping_status":"open","sticky":false,"template":"","format":"standard","meta":{"_bbp_topic_count":0,"_bbp_reply_count":0,"_bbp_total_topic_count":0,"_bbp_total_reply_count":0,"_bbp_voice_count":0,"_bbp_anonymous_reply_count":0,"_bbp_topic_count_hidden":0,"_bbp_reply_count_hidden":0,"_bbp_forum_subforum_count":0,"footnotes":""},"categories":[1,4],"tags":[],"class_list":["post-17894","post","type-post","status-publish","format-standard","hentry","category-general","category-portada"],"post_mailing_queue_ids":[],"_links":{"self":[{"href":"https:\/\/agora.xtec.cat\/ceipcastellciuro\/wp-json\/wp\/v2\/posts\/17894","targetHints":{"allow":["GET"]}}],"collection":[{"href":"https:\/\/agora.xtec.cat\/ceipcastellciuro\/wp-json\/wp\/v2\/posts"}],"about":[{"href":"https:\/\/agora.xtec.cat\/ceipcastellciuro\/wp-json\/wp\/v2\/types\/post"}],"author":[{"embeddable":true,"href":"https:\/\/agora.xtec.cat\/ceipcastellciuro\/wp-json\/wp\/v2\/users\/1"}],"replies":[{"embeddable":true,"href":"https:\/\/agora.xtec.cat\/ceipcastellciuro\/wp-json\/wp\/v2\/comments?post=17894"}],"version-history":[{"count":6,"href":"https:\/\/agora.xtec.cat\/ceipcastellciuro\/wp-json\/wp\/v2\/posts\/17894\/revisions"}],"predecessor-version":[{"id":17905,"href":"https:\/\/agora.xtec.cat\/ceipcastellciuro\/wp-json\/wp\/v2\/posts\/17894\/revisions\/17905"}],"wp:attachment":[{"href":"https:\/\/agora.xtec.cat\/ceipcastellciuro\/wp-json\/wp\/v2\/media?parent=17894"}],"wp:term":[{"taxonomy":"category","embeddable":true,"href":"https:\/\/agora.xtec.cat\/ceipcastellciuro\/wp-json\/wp\/v2\/categories?post=17894"},{"taxonomy":"post_tag","embeddable":true,"href":"https:\/\/agora.xtec.cat\/ceipcastellciuro\/wp-json\/wp\/v2\/tags?post=17894"}],"curies":[{"name":"wp","href":"https:\/\/api.w.org\/{rel}","templated":true}]}}