{"id":17789,"date":"2025-03-05T15:17:28","date_gmt":"2025-03-05T14:17:28","guid":{"rendered":"https:\/\/agora.xtec.cat\/ceipcastellciuro\/?p=17789"},"modified":"2025-03-11T09:52:53","modified_gmt":"2025-03-11T08:52:53","slug":"glorios-1r-premi-carnestoltes-2025-%f0%9f%8e%ad","status":"publish","type":"post","link":"https:\/\/agora.xtec.cat\/ceipcastellciuro\/general\/glorios-1r-premi-carnestoltes-2025-%f0%9f%8e%ad\/","title":{"rendered":"GLORI\u00d3S 1r PREMI CARNESTOLTES 2025 \ud83c\udfad"},"content":{"rendered":"<p>El jurat del Comit\u00e8 de l&#8217;Antifa\u00e7 ha proclamat la nostra escola, Castell Ciur\u00f3, com a guanyadora del primer premi per la nostra participaci\u00f3 a la Gran Rua de Carnestoltes! \ud83c\udf1f\ud83d\udc51<\/p>\n<p>Aquest \u00e8xit no hauria estat possible sense l\u2019esfor\u00e7 i dedicaci\u00f3 de totes les fam\u00edlies volunt\u00e0ries que han treballat incansablement. Un agra\u00efment immens per tot el que feu!<\/p>\n<p>Moltes felicitats a tothom! \ud83e\udd73<\/p>\n<p><img loading=\"lazy\" decoding=\"async\" class=\"alignleft wp-image-17794 size-full\" src=\"https:\/\/agora.xtec.cat\/ceipcastellciuro\/wp-content\/uploads\/usu890\/2025\/03\/20250304_090804-1-scaled.jpg\" alt=\"\" width=\"2560\" height=\"1470\" srcset=\"https:\/\/agora.xtec.cat\/ceipcastellciuro\/wp-content\/uploads\/usu890\/2025\/03\/20250304_090804-1-scaled.jpg 2560w, https:\/\/agora.xtec.cat\/ceipcastellciuro\/wp-content\/uploads\/usu890\/2025\/03\/20250304_090804-1-300x172.jpg 300w, https:\/\/agora.xtec.cat\/ceipcastellciuro\/wp-content\/uploads\/usu890\/2025\/03\/20250304_090804-1-1024x588.jpg 1024w, https:\/\/agora.xtec.cat\/ceipcastellciuro\/wp-content\/uploads\/usu890\/2025\/03\/20250304_090804-1-768x441.jpg 768w, https:\/\/agora.xtec.cat\/ceipcastellciuro\/wp-content\/uploads\/usu890\/2025\/03\/20250304_090804-1-1536x882.jpg 1536w, https:\/\/agora.xtec.cat\/ceipcastellciuro\/wp-content\/uploads\/usu890\/2025\/03\/20250304_090804-1-2048x1176.jpg 2048w\" sizes=\"auto, (max-width: 2560px) 100vw, 2560px\" \/> <img loading=\"lazy\" decoding=\"async\" class=\"alignright wp-image-17791 size-full\" src=\"https:\/\/agora.xtec.cat\/ceipcastellciuro\/wp-content\/uploads\/usu890\/2025\/03\/IMG-20250304-WA0004.jpg\" alt=\"\" width=\"1600\" height=\"720\" srcset=\"https:\/\/agora.xtec.cat\/ceipcastellciuro\/wp-content\/uploads\/usu890\/2025\/03\/IMG-20250304-WA0004.jpg 1600w, https:\/\/agora.xtec.cat\/ceipcastellciuro\/wp-content\/uploads\/usu890\/2025\/03\/IMG-20250304-WA0004-300x135.jpg 300w, https:\/\/agora.xtec.cat\/ceipcastellciuro\/wp-content\/uploads\/usu890\/2025\/03\/IMG-20250304-WA0004-1024x461.jpg 1024w, https:\/\/agora.xtec.cat\/ceipcastellciuro\/wp-content\/uploads\/usu890\/2025\/03\/IMG-20250304-WA0004-768x346.jpg 768w, https:\/\/agora.xtec.cat\/ceipcastellciuro\/wp-content\/uploads\/usu890\/2025\/03\/IMG-20250304-WA0004-1536x691.jpg 1536w\" sizes=\"auto, (max-width: 1600px) 100vw, 1600px\" \/><\/p>\n","protected":false},"excerpt":{"rendered":"<p>El jurat del Comit\u00e8 de l&#8217;Antifa\u00e7 ha proclamat la nostra escola, Castell Ciur\u00f3, com a guanyadora del primer premi per la nostra participaci\u00f3 a la Gran Rua de Carnestoltes! \ud83c\udf1f\ud83d\udc51<br \/>\nAquest \u00e8xit no hauria estat possible sense l\u2019esfor\u00e7 i dedicaci\u00f3 de totes les fam\u00edlies volunt\u00e0ries que&hellip;  <a href=\"https:\/\/agora.xtec.cat\/ceipcastellciuro\/general\/glorios-1r-premi-carnestoltes-2025-%f0%9f%8e%ad\/\" title=\"Read GLORI\u00d3S 1r PREMI CARNESTOLTES 2025 \ud83c\udfad\">Llegeix m\u00e9s\u00bb<\/a><\/p>\n","protected":false},"author":1,"featured_media":0,"comment_status":"open","ping_status":"closed","sticky":false,"template":"","format":"standard","meta":{"_bbp_topic_count":0,"_bbp_reply_count":0,"_bbp_total_topic_count":0,"_bbp_total_reply_count":0,"_bbp_voice_count":0,"_bbp_anonymous_reply_count":0,"_bbp_topic_count_hidden":0,"_bbp_reply_count_hidden":0,"_bbp_forum_subforum_count":0,"footnotes":""},"categories":[1,4],"tags":[],"class_list":["post-17789","post","type-post","status-publish","format-standard","hentry","category-general","category-portada"],"post_mailing_queue_ids":[],"_links":{"self":[{"href":"https:\/\/agora.xtec.cat\/ceipcastellciuro\/wp-json\/wp\/v2\/posts\/17789","targetHints":{"allow":["GET"]}}],"collection":[{"href":"https:\/\/agora.xtec.cat\/ceipcastellciuro\/wp-json\/wp\/v2\/posts"}],"about":[{"href":"https:\/\/agora.xtec.cat\/ceipcastellciuro\/wp-json\/wp\/v2\/types\/post"}],"author":[{"embeddable":true,"href":"https:\/\/agora.xtec.cat\/ceipcastellciuro\/wp-json\/wp\/v2\/users\/1"}],"replies":[{"embeddable":true,"href":"https:\/\/agora.xtec.cat\/ceipcastellciuro\/wp-json\/wp\/v2\/comments?post=17789"}],"version-history":[{"count":6,"href":"https:\/\/agora.xtec.cat\/ceipcastellciuro\/wp-json\/wp\/v2\/posts\/17789\/revisions"}],"predecessor-version":[{"id":17817,"href":"https:\/\/agora.xtec.cat\/ceipcastellciuro\/wp-json\/wp\/v2\/posts\/17789\/revisions\/17817"}],"wp:attachment":[{"href":"https:\/\/agora.xtec.cat\/ceipcastellciuro\/wp-json\/wp\/v2\/media?parent=17789"}],"wp:term":[{"taxonomy":"category","embeddable":true,"href":"https:\/\/agora.xtec.cat\/ceipcastellciuro\/wp-json\/wp\/v2\/categories?post=17789"},{"taxonomy":"post_tag","embeddable":true,"href":"https:\/\/agora.xtec.cat\/ceipcastellciuro\/wp-json\/wp\/v2\/tags?post=17789"}],"curies":[{"name":"wp","href":"https:\/\/api.w.org\/{rel}","templated":true}]}}