{"id":17709,"date":"2024-12-20T11:26:30","date_gmt":"2024-12-20T10:26:30","guid":{"rendered":"https:\/\/agora.xtec.cat\/ceipcastellciuro\/?p=17709"},"modified":"2024-12-20T23:40:38","modified_gmt":"2024-12-20T22:40:38","slug":"visita-al-castell-ciuro","status":"publish","type":"post","link":"https:\/\/agora.xtec.cat\/ceipcastellciuro\/general\/visita-al-castell-ciuro\/","title":{"rendered":"Visita al Castell Ciur\u00f3"},"content":{"rendered":"<p style=\"text-align: left;\" data-pm-slice=\"1 1 []\">Com ja sabeu, des de fa uns anys tenim apadrinat el Castell Ciur\u00f3, situat en el cor de la serra de Collserola.<\/p>\n<p>Hem tingut la sort de rebre la visita del pare de l&#8217;Aran d&#8217;I3. Ha vingut a col\u00b7laborar amb els nostres alumnes i els ha explicat com era un castell medieval i, els ha ajudat a construir un castell amb materials diferents. Ha estat una experi\u00e8ncia enriquidora i divertida. Aprofitem per agrair aquesta col\u00b7laboraci\u00f3 tan valuosa.<\/p>\n<p>Per continuar amb el nostre projecte hem visitat les runes del Castell Ciur\u00f3.<\/p>\n<p>Els infants d\u2019I3 han pintat el castell tal com l\u2019han descobert, I4 ha completat el dibuix imaginant-se com podia haver sigut antigament i els alumnes d\u2019I5 li han donat vida amb els personatges que possiblement el van poblar. Els ha quedat preci\u00f3s!<\/p>\n<p style=\"text-align: center;\">\r\n\t<div class=\"slideshow_container slideshow_container_style-light\" style=\"height: 300px; \" data-slideshow-id=\"17732\" data-style-name=\"style-light\" data-style-version=\"2.3.1\" >\r\n\r\n\t\t\t\t\t<div class=\"slideshow_loading_icon\"><\/div>\r\n\t\t\r\n\t\t<div class=\"slideshow_content\" style=\"display: none;\">\r\n\r\n\t\t\t<div class=\"slideshow_view\">\r\n\t\t\t\t<div class=\"slideshow_slide slideshow_slide_image\">\r\n\t\t\t\t\t\t\t\t\t\t\t<img src=\"https:\/\/agora.xtec.cat\/ceipcastellciuro\/wp-content\/uploads\/usu890\/2024\/12\/Castell-Ciuro-exposicio-i-construccio-WEB.jpg\" alt=\"Castell Ciur\u00f3 exposici\u00f3 i construcci\u00f3 WEB\" width=\"423\" height=\"336\" \/>\r\n\t\t\t\t\t\t\t\t\t\t<div class=\"slideshow_description_box slideshow_transparent\">\r\n\t\t\t\t\t\t<h1 class=\"slideshow_title\">Castell Ciur\u00f3 exposici\u00f3 i construcci\u00f3 WEB<\/h1>\t\t\t\t\t\t\t\t\t\t\t<\/div>\r\n\t\t\t\t<\/div>\r\n\r\n\t\t\t\t\t\t<div style=\"clear: both;\"><\/div><\/div><div class=\"slideshow_view\">\r\n\t\t\t\t<div class=\"slideshow_slide slideshow_slide_image\">\r\n\t\t\t\t\t\t\t\t\t\t\t<img src=\"https:\/\/agora.xtec.cat\/ceipcastellciuro\/wp-content\/uploads\/usu890\/2024\/12\/Castell-Ciuro-construccions-WEB.jpg\" alt=\"Castell Ciur\u00f3 construccions WEB\" width=\"448\" height=\"299\" \/>\r\n\t\t\t\t\t\t\t\t\t\t<div class=\"slideshow_description_box slideshow_transparent\">\r\n\t\t\t\t\t\t<h2 class=\"slideshow_title\">Castell Ciur\u00f3 construccions WEB<\/h2>\t\t\t\t\t\t\t\t\t\t\t<\/div>\r\n\t\t\t\t<\/div>\r\n\r\n\t\t\t\t\t\t<div style=\"clear: both;\"><\/div><\/div><div class=\"slideshow_view\">\r\n\t\t\t\t<div class=\"slideshow_slide slideshow_slide_image\">\r\n\t\t\t\t\t\t\t\t\t\t\t<img src=\"https:\/\/agora.xtec.cat\/ceipcastellciuro\/wp-content\/uploads\/usu890\/2024\/12\/Mural-castell-Ciuro-infantil-WEB-1-2.jpg\" alt=\"Mural castell Ciur\u00f3 infantil WEB\" width=\"448\" height=\"326\" \/>\r\n\t\t\t\t\t\t\t\t\t\t<div class=\"slideshow_description_box slideshow_transparent\">\r\n\t\t\t\t\t\t<h3 class=\"slideshow_title\">Mural castell Ciur\u00f3 infantil WEB<\/h3>\t\t\t\t\t\t\t\t\t\t\t<\/div>\r\n\t\t\t\t<\/div>\r\n\r\n\t\t\t\t\t\t<div style=\"clear: both;\"><\/div><\/div><div class=\"slideshow_view\">\r\n\t\t\t\t<div class=\"slideshow_slide slideshow_slide_image\">\r\n\t\t\t\t\t\t\t\t\t\t\t<img src=\"https:\/\/agora.xtec.cat\/ceipcastellciuro\/wp-content\/uploads\/usu890\/2024\/12\/Visita-Castell-Ciuro-WEB-1.jpg\" alt=\"Visita Castell Ciur\u00f3 WEB\" width=\"252\" height=\"448\" \/>\r\n\t\t\t\t\t\t\t\t\t\t<div class=\"slideshow_description_box slideshow_transparent\">\r\n\t\t\t\t\t\t<h4 class=\"slideshow_title\">Visita Castell Ciur\u00f3 WEB<\/h4>\t\t\t\t\t\t\t\t\t\t\t<\/div>\r\n\t\t\t\t<\/div>\r\n\r\n\t\t\t\t\t\t<div style=\"clear: both;\"><\/div><\/div><div class=\"slideshow_view\">\r\n\t\t\t\t<div class=\"slideshow_slide slideshow_slide_image\">\r\n\t\t\t\t\t\t\t\t\t\t\t<img src=\"https:\/\/agora.xtec.cat\/ceipcastellciuro\/wp-content\/uploads\/usu890\/2024\/12\/Visita-Castell-Ciuro-II-WEB-2.jpg\" alt=\"Visita Castell Ciur\u00f3 II WEB\" width=\"448\" height=\"290\" \/>\r\n\t\t\t\t\t\t\t\t\t\t<div class=\"slideshow_description_box slideshow_transparent\">\r\n\t\t\t\t\t\t<h5 class=\"slideshow_title\">Visita Castell Ciur\u00f3 II WEB<\/h5>\t\t\t\t\t\t\t\t\t\t\t<\/div>\r\n\t\t\t\t<\/div>\r\n\r\n\t\t\t\t\t\t<div style=\"clear: both;\"><\/div><\/div>\r\n\t\t<\/div>\r\n\r\n\t\t<div class=\"slideshow_controlPanel slideshow_transparent\" style=\"display: none;\"><ul><li class=\"slideshow_togglePlay\" data-play-text=\"Visualitza\" data-pause-text=\"Pausa\"><\/li><\/ul><\/div>\r\n\r\n\t\t<div class=\"slideshow_button slideshow_previous slideshow_transparent\" role=\"button\" data-previous-text=\"Anterior\" style=\"display: none;\"><\/div>\r\n\t\t<div class=\"slideshow_button slideshow_next slideshow_transparent\" role=\"button\" data-next-text=\"Seg\u00fcent\" style=\"display: none;\"><\/div>\r\n\r\n\t\t<div class=\"slideshow_pagination\" style=\"display: none;\" data-go-to-text=\"V\u00e9s a la diapositiva\"><div class=\"slideshow_pagination_center\"><\/div><\/div>\r\n\r\n\t\t<!-- WordPress Slideshow Version 2.3.1 -->\r\n\r\n\t\t\t<\/div>\r\n\r\n<\/p>\n","protected":false},"excerpt":{"rendered":"<p>Com ja sabeu, des de fa uns anys tenim apadrinat el Castell Ciur\u00f3, situat en el cor de la serra de Collserola.<br \/>\nHem tingut la sort de rebre la visita del pare de l&#8217;Aran d&#8217;I3. Ha vingut a col\u00b7laborar amb els nostres alumnes i els ha&hellip;  <a href=\"https:\/\/agora.xtec.cat\/ceipcastellciuro\/general\/visita-al-castell-ciuro\/\" title=\"Read Visita al Castell Ciur\u00f3\">Llegeix m\u00e9s\u00bb<\/a><\/p>\n","protected":false},"author":1,"featured_media":0,"comment_status":"open","ping_status":"closed","sticky":false,"template":"","format":"standard","meta":{"_bbp_topic_count":0,"_bbp_reply_count":0,"_bbp_total_topic_count":0,"_bbp_total_reply_count":0,"_bbp_voice_count":0,"_bbp_anonymous_reply_count":0,"_bbp_topic_count_hidden":0,"_bbp_reply_count_hidden":0,"_bbp_forum_subforum_count":0,"footnotes":""},"categories":[1,10,4],"tags":[],"class_list":["post-17709","post","type-post","status-publish","format-standard","hentry","category-general","category-infantil","category-portada"],"post_mailing_queue_ids":[],"_links":{"self":[{"href":"https:\/\/agora.xtec.cat\/ceipcastellciuro\/wp-json\/wp\/v2\/posts\/17709","targetHints":{"allow":["GET"]}}],"collection":[{"href":"https:\/\/agora.xtec.cat\/ceipcastellciuro\/wp-json\/wp\/v2\/posts"}],"about":[{"href":"https:\/\/agora.xtec.cat\/ceipcastellciuro\/wp-json\/wp\/v2\/types\/post"}],"author":[{"embeddable":true,"href":"https:\/\/agora.xtec.cat\/ceipcastellciuro\/wp-json\/wp\/v2\/users\/1"}],"replies":[{"embeddable":true,"href":"https:\/\/agora.xtec.cat\/ceipcastellciuro\/wp-json\/wp\/v2\/comments?post=17709"}],"version-history":[{"count":6,"href":"https:\/\/agora.xtec.cat\/ceipcastellciuro\/wp-json\/wp\/v2\/posts\/17709\/revisions"}],"predecessor-version":[{"id":17740,"href":"https:\/\/agora.xtec.cat\/ceipcastellciuro\/wp-json\/wp\/v2\/posts\/17709\/revisions\/17740"}],"wp:attachment":[{"href":"https:\/\/agora.xtec.cat\/ceipcastellciuro\/wp-json\/wp\/v2\/media?parent=17709"}],"wp:term":[{"taxonomy":"category","embeddable":true,"href":"https:\/\/agora.xtec.cat\/ceipcastellciuro\/wp-json\/wp\/v2\/categories?post=17709"},{"taxonomy":"post_tag","embeddable":true,"href":"https:\/\/agora.xtec.cat\/ceipcastellciuro\/wp-json\/wp\/v2\/tags?post=17709"}],"curies":[{"name":"wp","href":"https:\/\/api.w.org\/{rel}","templated":true}]}}