{"id":17659,"date":"2024-11-08T16:32:33","date_gmt":"2024-11-08T15:32:33","guid":{"rendered":"https:\/\/agora.xtec.cat\/ceipcastellciuro\/?p=17659"},"modified":"2024-12-17T16:32:31","modified_gmt":"2024-12-17T15:32:31","slug":"solidaritat-amb-el-poble-valencia","status":"publish","type":"post","link":"https:\/\/agora.xtec.cat\/ceipcastellciuro\/portada\/solidaritat-amb-el-poble-valencia\/","title":{"rendered":"Solidaritat amb el poble Valenci\u00e0!"},"content":{"rendered":"<p data-pm-slice=\"1 1 []\">L\u2019equip de mestres agra\u00efm la generositat de les fam\u00edlies del Ciur\u00f3. Hem aconseguit recaptar una gran quantitat de donacions de material per les escoles afectades pel temporal Dana. Moltes gr\u00e0cies a totes i una menci\u00f3 especial a les persones que han vingut volunt\u00e0ries a l\u2019escola per classificar, empaquetar i inventariar-ho tot.<\/p>\n<p><img loading=\"lazy\" decoding=\"async\" class=\"wp-image-17660 alignleft\" src=\"https:\/\/agora.xtec.cat\/ceipcastellciuro\/wp-content\/uploads\/usu890\/2024\/11\/87ac841e-6993-4b73-a64f-ca66534c8591.jpg\" alt=\"\" width=\"237\" height=\"530\" srcset=\"https:\/\/agora.xtec.cat\/ceipcastellciuro\/wp-content\/uploads\/usu890\/2024\/11\/87ac841e-6993-4b73-a64f-ca66534c8591.jpg 911w, https:\/\/agora.xtec.cat\/ceipcastellciuro\/wp-content\/uploads\/usu890\/2024\/11\/87ac841e-6993-4b73-a64f-ca66534c8591-134x300.jpg 134w, https:\/\/agora.xtec.cat\/ceipcastellciuro\/wp-content\/uploads\/usu890\/2024\/11\/87ac841e-6993-4b73-a64f-ca66534c8591-457x1024.jpg 457w, https:\/\/agora.xtec.cat\/ceipcastellciuro\/wp-content\/uploads\/usu890\/2024\/11\/87ac841e-6993-4b73-a64f-ca66534c8591-768x1720.jpg 768w, https:\/\/agora.xtec.cat\/ceipcastellciuro\/wp-content\/uploads\/usu890\/2024\/11\/87ac841e-6993-4b73-a64f-ca66534c8591-686x1536.jpg 686w\" sizes=\"auto, (max-width: 237px) 100vw, 237px\" \/><img loading=\"lazy\" decoding=\"async\" class=\"wp-image-17661 alignnone\" src=\"https:\/\/agora.xtec.cat\/ceipcastellciuro\/wp-content\/uploads\/usu890\/2024\/11\/b69871fc-d587-426f-b904-99423039ba83.jpg\" alt=\"\" width=\"715\" height=\"536\" srcset=\"https:\/\/agora.xtec.cat\/ceipcastellciuro\/wp-content\/uploads\/usu890\/2024\/11\/b69871fc-d587-426f-b904-99423039ba83.jpg 2048w, https:\/\/agora.xtec.cat\/ceipcastellciuro\/wp-content\/uploads\/usu890\/2024\/11\/b69871fc-d587-426f-b904-99423039ba83-300x225.jpg 300w, https:\/\/agora.xtec.cat\/ceipcastellciuro\/wp-content\/uploads\/usu890\/2024\/11\/b69871fc-d587-426f-b904-99423039ba83-1024x768.jpg 1024w, https:\/\/agora.xtec.cat\/ceipcastellciuro\/wp-content\/uploads\/usu890\/2024\/11\/b69871fc-d587-426f-b904-99423039ba83-768x576.jpg 768w, https:\/\/agora.xtec.cat\/ceipcastellciuro\/wp-content\/uploads\/usu890\/2024\/11\/b69871fc-d587-426f-b904-99423039ba83-1536x1152.jpg 1536w, https:\/\/agora.xtec.cat\/ceipcastellciuro\/wp-content\/uploads\/usu890\/2024\/11\/b69871fc-d587-426f-b904-99423039ba83-200x150.jpg 200w\" sizes=\"auto, (max-width: 715px) 100vw, 715px\" \/><\/p>\n","protected":false},"excerpt":{"rendered":"<p>L\u2019equip de mestres agra\u00efm la generositat de les fam\u00edlies del Ciur\u00f3. Hem aconseguit recaptar una gran quantitat de donacions de material per les escoles afectades pel temporal Dana. Moltes gr\u00e0cies a totes i una menci\u00f3 especial a les persones que han vingut volunt\u00e0ries a l\u2019escola&hellip;  <a href=\"https:\/\/agora.xtec.cat\/ceipcastellciuro\/portada\/solidaritat-amb-el-poble-valencia\/\" title=\"Read Solidaritat amb el poble Valenci\u00e0!\">Llegeix m\u00e9s\u00bb<\/a><\/p>\n","protected":false},"author":1,"featured_media":0,"comment_status":"open","ping_status":"closed","sticky":false,"template":"","format":"standard","meta":{"_bbp_topic_count":0,"_bbp_reply_count":0,"_bbp_total_topic_count":0,"_bbp_total_reply_count":0,"_bbp_voice_count":0,"_bbp_anonymous_reply_count":0,"_bbp_topic_count_hidden":0,"_bbp_reply_count_hidden":0,"_bbp_forum_subforum_count":0,"footnotes":""},"categories":[4],"tags":[],"class_list":["post-17659","post","type-post","status-publish","format-standard","hentry","category-portada"],"post_mailing_queue_ids":[],"_links":{"self":[{"href":"https:\/\/agora.xtec.cat\/ceipcastellciuro\/wp-json\/wp\/v2\/posts\/17659","targetHints":{"allow":["GET"]}}],"collection":[{"href":"https:\/\/agora.xtec.cat\/ceipcastellciuro\/wp-json\/wp\/v2\/posts"}],"about":[{"href":"https:\/\/agora.xtec.cat\/ceipcastellciuro\/wp-json\/wp\/v2\/types\/post"}],"author":[{"embeddable":true,"href":"https:\/\/agora.xtec.cat\/ceipcastellciuro\/wp-json\/wp\/v2\/users\/1"}],"replies":[{"embeddable":true,"href":"https:\/\/agora.xtec.cat\/ceipcastellciuro\/wp-json\/wp\/v2\/comments?post=17659"}],"version-history":[{"count":6,"href":"https:\/\/agora.xtec.cat\/ceipcastellciuro\/wp-json\/wp\/v2\/posts\/17659\/revisions"}],"predecessor-version":[{"id":17667,"href":"https:\/\/agora.xtec.cat\/ceipcastellciuro\/wp-json\/wp\/v2\/posts\/17659\/revisions\/17667"}],"wp:attachment":[{"href":"https:\/\/agora.xtec.cat\/ceipcastellciuro\/wp-json\/wp\/v2\/media?parent=17659"}],"wp:term":[{"taxonomy":"category","embeddable":true,"href":"https:\/\/agora.xtec.cat\/ceipcastellciuro\/wp-json\/wp\/v2\/categories?post=17659"},{"taxonomy":"post_tag","embeddable":true,"href":"https:\/\/agora.xtec.cat\/ceipcastellciuro\/wp-json\/wp\/v2\/tags?post=17659"}],"curies":[{"name":"wp","href":"https:\/\/api.w.org\/{rel}","templated":true}]}}