{"id":17651,"date":"2024-10-29T16:17:47","date_gmt":"2024-10-29T15:17:47","guid":{"rendered":"https:\/\/agora.xtec.cat\/ceipcastellciuro\/?p=17651"},"modified":"2024-10-29T16:20:20","modified_gmt":"2024-10-29T15:20:20","slug":"posat-la-gorra-2024","status":"publish","type":"post","link":"https:\/\/agora.xtec.cat\/ceipcastellciuro\/general\/posat-la-gorra-2024\/","title":{"rendered":"Posa&#8217;t la Gorra 2024!"},"content":{"rendered":"<p><strong>El diumenge 24 de novembre, de 10 a 14 h, se celebra la 18a edici\u00f3 de la festa &#8220;Posa\u2019t la Gorra!&#8221; a la pla\u00e7a de la Llibertat.\u00a0<\/strong><\/p>\n<p>El \u201cPosa\u2019t la Gorra!\u201d \u00e9s una campanya de sensibilitzaci\u00f3 per donar a con\u00e8ixer l\u2019exist\u00e8ncia del c\u00e0ncer infantil, amb l\u2019objectiu de normalitzar la malaltia i pal\u00b7liar les necessitats que<img loading=\"lazy\" decoding=\"async\" class=\"wp-image-17652 alignleft\" src=\"https:\/\/agora.xtec.cat\/ceipcastellciuro\/wp-content\/uploads\/usu890\/2024\/10\/gorra.jpg\" alt=\"\" width=\"163\" height=\"138\" srcset=\"https:\/\/agora.xtec.cat\/ceipcastellciuro\/wp-content\/uploads\/usu890\/2024\/10\/gorra.jpg 360w, https:\/\/agora.xtec.cat\/ceipcastellciuro\/wp-content\/uploads\/usu890\/2024\/10\/gorra-300x254.jpg 300w\" sizes=\"auto, (max-width: 163px) 100vw, 163px\" \/><span style=\"font-family: inherit; font-size: 1em;\">\u00a0sorgeixen a partir del seu diagn\u00f2stic.\u00a0\ud83e\udde2\u2764\ufe0f<\/span><\/p>\n<p><strong><em>La campanya 2024-25 posa en valor el coratge, el poder i la for\u00e7a que treuen els nens i nenes enfront de la malaltia.<\/em><\/strong><\/p>\n<p>Des de l\u2019escola, ajudem a fer difusi\u00f3 d\u2019aquesta campanya solid\u00e0ria. Per col\u00b7laborar, podeu comprar la gorra per nom\u00e9s\u00a0<strong>8 \u20ac<\/strong>, que dona acc\u00e9s gratu\u00eft a la festa.<\/p>\n<p>Tots units per una bona causa!\u00a0\ud83e\udd17\ud83d\udcab<\/p>\n<p>https:\/\/afanoc.org\/posat-la-gorra\/<\/p>\n<p>&nbsp;<\/p>\n","protected":false},"excerpt":{"rendered":"<p>El diumenge 24 de novembre, de 10 a 14 h, se celebra la 18a edici\u00f3 de la festa &#8220;Posa\u2019t la Gorra!&#8221; a la pla\u00e7a de la Llibertat.\u00a0<br \/>\nEl \u201cPosa\u2019t la Gorra!\u201d \u00e9s una campanya de sensibilitzaci\u00f3 per donar a con\u00e8ixer l\u2019exist\u00e8ncia del c\u00e0ncer infantil, amb l\u2019objectiu&hellip;  <a href=\"https:\/\/agora.xtec.cat\/ceipcastellciuro\/general\/posat-la-gorra-2024\/\" title=\"Read Posa&#8217;t la Gorra 2024!\">Llegeix m\u00e9s\u00bb<\/a><\/p>\n","protected":false},"author":1,"featured_media":0,"comment_status":"open","ping_status":"closed","sticky":false,"template":"","format":"standard","meta":{"_bbp_topic_count":0,"_bbp_reply_count":0,"_bbp_total_topic_count":0,"_bbp_total_reply_count":0,"_bbp_voice_count":0,"_bbp_anonymous_reply_count":0,"_bbp_topic_count_hidden":0,"_bbp_reply_count_hidden":0,"_bbp_forum_subforum_count":0,"footnotes":""},"categories":[1,4],"tags":[],"class_list":["post-17651","post","type-post","status-publish","format-standard","hentry","category-general","category-portada"],"post_mailing_queue_ids":[],"_links":{"self":[{"href":"https:\/\/agora.xtec.cat\/ceipcastellciuro\/wp-json\/wp\/v2\/posts\/17651","targetHints":{"allow":["GET"]}}],"collection":[{"href":"https:\/\/agora.xtec.cat\/ceipcastellciuro\/wp-json\/wp\/v2\/posts"}],"about":[{"href":"https:\/\/agora.xtec.cat\/ceipcastellciuro\/wp-json\/wp\/v2\/types\/post"}],"author":[{"embeddable":true,"href":"https:\/\/agora.xtec.cat\/ceipcastellciuro\/wp-json\/wp\/v2\/users\/1"}],"replies":[{"embeddable":true,"href":"https:\/\/agora.xtec.cat\/ceipcastellciuro\/wp-json\/wp\/v2\/comments?post=17651"}],"version-history":[{"count":3,"href":"https:\/\/agora.xtec.cat\/ceipcastellciuro\/wp-json\/wp\/v2\/posts\/17651\/revisions"}],"predecessor-version":[{"id":17655,"href":"https:\/\/agora.xtec.cat\/ceipcastellciuro\/wp-json\/wp\/v2\/posts\/17651\/revisions\/17655"}],"wp:attachment":[{"href":"https:\/\/agora.xtec.cat\/ceipcastellciuro\/wp-json\/wp\/v2\/media?parent=17651"}],"wp:term":[{"taxonomy":"category","embeddable":true,"href":"https:\/\/agora.xtec.cat\/ceipcastellciuro\/wp-json\/wp\/v2\/categories?post=17651"},{"taxonomy":"post_tag","embeddable":true,"href":"https:\/\/agora.xtec.cat\/ceipcastellciuro\/wp-json\/wp\/v2\/tags?post=17651"}],"curies":[{"name":"wp","href":"https:\/\/api.w.org\/{rel}","templated":true}]}}