{"id":17563,"date":"2024-01-18T15:35:31","date_gmt":"2024-01-18T14:35:31","guid":{"rendered":"https:\/\/agora.xtec.cat\/ceipcastellciuro\/?p=17563"},"modified":"2024-01-19T18:25:42","modified_gmt":"2024-01-19T17:25:42","slug":"mostra-de-carnaval-2024","status":"publish","type":"post","link":"https:\/\/agora.xtec.cat\/ceipcastellciuro\/general\/mostra-de-carnaval-2024\/","title":{"rendered":"MOSTRA DE CARNAVAL 2024"},"content":{"rendered":"<p style=\"text-align: center;\"><img loading=\"lazy\" decoding=\"async\" class=\"alignnone wp-image-17564 aligncenter\" src=\"https:\/\/agora.xtec.cat\/ceipcastellciuro\/wp-content\/uploads\/usu890\/2024\/01\/13-carnival-antifac-FREE-STOCK-SVG-150x150.png\" alt=\"\" width=\"134\" height=\"134\" \/>vectorportal<\/p>\n<p>L&#8217;escola celebra la festa de carnaval el proper <strong>divendres 9 de febrer a les 15:15 de la tarda<\/strong>. Tornar\u00e0 a ser una mostra oberta a les fam\u00edlies que hi vulgueu assistir per gaudir dels balls de les comparses que dissenyen l\u2019equip de monitors i monitores de menjador en l\u2019espai de lleure del migdia. L\u2019equip de mestres donem suport i ajudem a fer visible aquest treball que, entre d&#8217;altres, forma part de la tasca educativa di\u00e0ria en aquest servei de menjador.<\/p>\n<p>Aquest any, la tem\u00e0tica girar\u00e0 entorn dels <em><strong>HIPPIES<\/strong><\/em>.<\/p>\n<ul>\n<li>Es far\u00e0 a la pista gran del pati.<\/li>\n<li>T\u00e9 una durada prevista d\u2019una hora aproximadament.<\/li>\n<li>Despr\u00e9s de la mostra, l&#8217;alumnat tornar\u00e0 a les classes i la sortida es produir\u00e0 en el mateix ordre i porta que cada dia.<\/li>\n<li>Si plou, s\u2019haur\u00e0 de fer al gimn\u00e0s i no podran entrar les fam\u00edlies. (no hi ha prou aforament)<\/li>\n<\/ul>\n<p>Com que \u00e9s una festa oberta a tothom, facilitem al m\u00e0xim la participaci\u00f3 de tots els nens i nenes que habitualment no es queden al menjador, assajant el ball en sessions de temps lectiu i fent la disfressa a la classe amb el tutor o tutora. A m\u00e9s a m\u00e9s, posem en el vostre coneixement els dies d\u2019assaig del ball de cada classe en temps de menjador; per si volunt\u00e0riament us va b\u00e9 que els vostres fills i filles es quedin a dinar algun d&#8217;aquests dies.<\/p>\n<p>Per a m\u00e9s detalls, podeu consultar la\u00a0<a href=\"https:\/\/drive.google.com\/file\/d\/1NUxmaibrygLo8uPXj3kobTrie5Xu5KS2\/view?usp=drive_link\" target=\"_blank\" rel=\"noopener\"><b> CIRCULAR 13<\/b><\/a>.<\/p>\n<p>&nbsp;<\/p>\n","protected":false},"excerpt":{"rendered":"<p>vectorportal<br \/>\nL&#8217;escola celebra la festa de carnaval el proper divendres 9 de febrer a les 15:15 de la tarda. Tornar\u00e0 a ser una mostra oberta a les fam\u00edlies que hi vulgueu assistir per gaudir dels balls de les comparses que dissenyen l\u2019equip de monitors i monitores&hellip;  <a href=\"https:\/\/agora.xtec.cat\/ceipcastellciuro\/general\/mostra-de-carnaval-2024\/\" title=\"Read MOSTRA DE CARNAVAL 2024\">Llegeix m\u00e9s\u00bb<\/a><\/p>\n","protected":false},"author":1,"featured_media":0,"comment_status":"open","ping_status":"closed","sticky":false,"template":"","format":"standard","meta":{"_bbp_topic_count":0,"_bbp_reply_count":0,"_bbp_total_topic_count":0,"_bbp_total_reply_count":0,"_bbp_voice_count":0,"_bbp_anonymous_reply_count":0,"_bbp_topic_count_hidden":0,"_bbp_reply_count_hidden":0,"_bbp_forum_subforum_count":0,"footnotes":""},"categories":[1,4],"tags":[],"class_list":["post-17563","post","type-post","status-publish","format-standard","hentry","category-general","category-portada"],"post_mailing_queue_ids":[],"_links":{"self":[{"href":"https:\/\/agora.xtec.cat\/ceipcastellciuro\/wp-json\/wp\/v2\/posts\/17563","targetHints":{"allow":["GET"]}}],"collection":[{"href":"https:\/\/agora.xtec.cat\/ceipcastellciuro\/wp-json\/wp\/v2\/posts"}],"about":[{"href":"https:\/\/agora.xtec.cat\/ceipcastellciuro\/wp-json\/wp\/v2\/types\/post"}],"author":[{"embeddable":true,"href":"https:\/\/agora.xtec.cat\/ceipcastellciuro\/wp-json\/wp\/v2\/users\/1"}],"replies":[{"embeddable":true,"href":"https:\/\/agora.xtec.cat\/ceipcastellciuro\/wp-json\/wp\/v2\/comments?post=17563"}],"version-history":[{"count":6,"href":"https:\/\/agora.xtec.cat\/ceipcastellciuro\/wp-json\/wp\/v2\/posts\/17563\/revisions"}],"predecessor-version":[{"id":17572,"href":"https:\/\/agora.xtec.cat\/ceipcastellciuro\/wp-json\/wp\/v2\/posts\/17563\/revisions\/17572"}],"wp:attachment":[{"href":"https:\/\/agora.xtec.cat\/ceipcastellciuro\/wp-json\/wp\/v2\/media?parent=17563"}],"wp:term":[{"taxonomy":"category","embeddable":true,"href":"https:\/\/agora.xtec.cat\/ceipcastellciuro\/wp-json\/wp\/v2\/categories?post=17563"},{"taxonomy":"post_tag","embeddable":true,"href":"https:\/\/agora.xtec.cat\/ceipcastellciuro\/wp-json\/wp\/v2\/tags?post=17563"}],"curies":[{"name":"wp","href":"https:\/\/api.w.org\/{rel}","templated":true}]}}