{"id":17544,"date":"2023-12-13T18:23:25","date_gmt":"2023-12-13T17:23:25","guid":{"rendered":"https:\/\/agora.xtec.cat\/ceipcastellciuro\/?p=17544"},"modified":"2023-12-15T17:48:30","modified_gmt":"2023-12-15T16:48:30","slug":"fi-trimestre-i-celebracio-nadal-23","status":"publish","type":"post","link":"https:\/\/agora.xtec.cat\/ceipcastellciuro\/general\/fi-trimestre-i-celebracio-nadal-23\/","title":{"rendered":"Fi trimestre i celebraci\u00f3 Nadal 23"},"content":{"rendered":"<p>&nbsp;<\/p>\n<p style=\"text-align: center;\"><img loading=\"lazy\" decoding=\"async\" class=\"size-thumbnail wp-image-17545 aligncenter\" src=\"https:\/\/agora.xtec.cat\/ceipcastellciuro\/wp-content\/uploads\/usu890\/2023\/12\/arbol-de-navidad-FREEPIK-2023-150x150.png\" alt=\"\" width=\"150\" height=\"150\" srcset=\"https:\/\/agora.xtec.cat\/ceipcastellciuro\/wp-content\/uploads\/usu890\/2023\/12\/arbol-de-navidad-FREEPIK-2023-150x150.png 150w, https:\/\/agora.xtec.cat\/ceipcastellciuro\/wp-content\/uploads\/usu890\/2023\/12\/arbol-de-navidad-FREEPIK-2023-300x300.png 300w, https:\/\/agora.xtec.cat\/ceipcastellciuro\/wp-content\/uploads\/usu890\/2023\/12\/arbol-de-navidad-FREEPIK-2023.png 512w\" sizes=\"auto, (max-width: 150px) 100vw, 150px\" \/> FREEPIK<\/p>\n<p><strong>DIMARTS 19<\/strong><strong>: <\/strong><\/p>\n<p><strong>\u00a0<\/strong><strong>Tarda de Concerts a l\u2019INS Bernat el Ferrer\u00a0<\/strong><strong>i berenar col\u00b7lectiu a l\u2019escola.<\/strong><\/p>\n<ul>\n<li><strong>A les 15h<\/strong><strong>,<\/strong> concert d\u2019Educaci\u00f3 Infantil i Cicle Inicial a l&#8217;INS. Bernat el Ferrer. Les portes s\u2019obriran a les 14.45h aprox.<\/li>\n<li><strong>A les 16h<\/strong><strong>,<\/strong> Concert de Cicle Mitj\u00e0 i Superior a l&#8217;INS. Bernat el Ferrer. (ordre: 6\u00e8, 3r, 4t i 5\u00e8). Les portes s\u2019obriran a les 15.45h aprox.<\/li>\n<li>A partir de les <strong>16:15h,<\/strong> es poden recollir els d&#8217;infants d\u2019Educaci\u00f3 Infantil i Cicle Inicial a les seves classes, per anar a la t\u00f3mbola. Les fam\u00edlies que tenen fills o filles al segon concert no cal que corrin, l&#8217;alumnat estar\u00e0 amb les mestres a la classe fins a les 17h, o fins que les fam\u00edlies els vagin a buscar despr\u00e9s del segon concert.<\/li>\n<li>A partir de les <strong>16:30h<\/strong>, obertura de la T\u00f3mbola organitzada per 6\u00e8 al gimn\u00e0s de l\u2019escola.<\/li>\n<li>A partir de les <strong>17:00h,<\/strong> berenar de les totes les fam\u00edlies: Ed. Infantil al menjador, 1r i 2n al vest\u00edbul de les seves classes i de 3r a 6\u00e8 de prim\u00e0ria a les seves classes.<\/li>\n<\/ul>\n<p><strong>DIMECRES 20:<\/strong><\/p>\n<p><strong>Esmorzar col\u00b7lectiu per cicles.<\/strong><\/p>\n<ul>\n<li>No caldr\u00e0 l\u2019esmorzar de casa: educaci\u00f3 Infantil menjar\u00e0 el que el cagar\u00e0 el ti\u00f3, i a prim\u00e0ria es repartir\u00e0 coca i xocolata a les classes. (Es tindran en compte al\u00b7l\u00e8rgies)<\/li>\n<li><strong>I3 i I4 aniran a la piscina.<\/strong><\/li>\n<li><strong>Es far\u00e0 Cagar el ti\u00f3 a C. Inicial.<\/strong><\/li>\n<li><strong>Es far\u00e0 l\u2019amic invisible a C Mitj\u00e0 i C Superior.<\/strong><\/li>\n<\/ul>\n<ul>\n<li>L\u2019activitat lectiva finalitzar\u00e0 a les <strong>13h<\/strong><\/li>\n<li>El menjador finalitzar\u00e0 a les <strong>15:30h<\/strong><\/li>\n<\/ul>\n<p><strong style=\"font-family: inherit; font-size: 1em;\">_________<\/strong><\/p>\n<p>Prim\u00e0ria: rebreu els <strong>informes trimestrals<\/strong> dels vostres fills i filles al final de la jornada per <strong>correu electr\u00f2nic<\/strong><\/p>\n<p><a href=\"https:\/\/drive.google.com\/file\/d\/1yJ7kKMGOYSKurqR8r5GWaYWpgT2Bz1cg\/view?usp=drive_link\" target=\"_blank\" rel=\"noopener\">CIRCULAR 08<\/a><\/p>\n<p><a href=\"https:\/\/drive.google.com\/file\/d\/1FphACdvwB5DB-f37y-dAvmXZfpfx9MuE\/view?usp=drive_link\" target=\"_blank\" rel=\"noopener\">CIRCULAR 09<\/a><\/p>\n<p><a href=\"https:\/\/drive.google.com\/file\/d\/1LdVJe4Y5QKXcHQFW5wm48zFdbGk502dw\/view?usp=sharing\" target=\"_blank\" rel=\"noopener\">PROGRAMA DEL CONCERT<\/a><\/p>\n","protected":false},"excerpt":{"rendered":"<p>&nbsp;<br \/>\n FREEPIK<br \/>\nDIMARTS 19:<br \/>\n\u00a0Tarda de Concerts a l\u2019INS Bernat el Ferrer\u00a0i berenar col\u00b7lectiu a l\u2019escola.<\/p>\n<ul>\n<li>A les 15h, concert d\u2019Educaci\u00f3 Infantil i Cicle Inicial a l&#8217;INS. Bernat el Ferrer. Les portes s\u2019obriran a les 14.45h aprox.<\/li>\n<li>A les 16h, Concert de Cicle Mitj\u00e0 i Superior a l&#8217;INS.&hellip;  <a href=\"https:\/\/agora.xtec.cat\/ceipcastellciuro\/general\/fi-trimestre-i-celebracio-nadal-23\/\" title=\"Read Fi trimestre i celebraci\u00f3 Nadal 23\">Llegeix m\u00e9s\u00bb<\/a><br \/>\n","protected":false},"author":1,"featured_media":0,"comment_status":"open","ping_status":"closed","sticky":false,"template":"","format":"standard","meta":{"_bbp_topic_count":0,"_bbp_reply_count":0,"_bbp_total_topic_count":0,"_bbp_total_reply_count":0,"_bbp_voice_count":0,"_bbp_anonymous_reply_count":0,"_bbp_topic_count_hidden":0,"_bbp_reply_count_hidden":0,"_bbp_forum_subforum_count":0,"footnotes":""},"categories":[1,4],"tags":[],"class_list":["post-17544","post","type-post","status-publish","format-standard","hentry","category-general","category-portada"],"post_mailing_queue_ids":[],"_links":{"self":[{"href":"https:\/\/agora.xtec.cat\/ceipcastellciuro\/wp-json\/wp\/v2\/posts\/17544","targetHints":{"allow":["GET"]}}],"collection":[{"href":"https:\/\/agora.xtec.cat\/ceipcastellciuro\/wp-json\/wp\/v2\/posts"}],"about":[{"href":"https:\/\/agora.xtec.cat\/ceipcastellciuro\/wp-json\/wp\/v2\/types\/post"}],"author":[{"embeddable":true,"href":"https:\/\/agora.xtec.cat\/ceipcastellciuro\/wp-json\/wp\/v2\/users\/1"}],"replies":[{"embeddable":true,"href":"https:\/\/agora.xtec.cat\/ceipcastellciuro\/wp-json\/wp\/v2\/comments?post=17544"}],"version-history":[{"count":4,"href":"https:\/\/agora.xtec.cat\/ceipcastellciuro\/wp-json\/wp\/v2\/posts\/17544\/revisions"}],"predecessor-version":[{"id":17549,"href":"https:\/\/agora.xtec.cat\/ceipcastellciuro\/wp-json\/wp\/v2\/posts\/17544\/revisions\/17549"}],"wp:attachment":[{"href":"https:\/\/agora.xtec.cat\/ceipcastellciuro\/wp-json\/wp\/v2\/media?parent=17544"}],"wp:term":[{"taxonomy":"category","embeddable":true,"href":"https:\/\/agora.xtec.cat\/ceipcastellciuro\/wp-json\/wp\/v2\/categories?post=17544"},{"taxonomy":"post_tag","embeddable":true,"href":"https:\/\/agora.xtec.cat\/ceipcastellciuro\/wp-json\/wp\/v2\/tags?post=17544"}],"curies":[{"name":"wp","href":"https:\/\/api.w.org\/{rel}","templated":true}]}}