{"id":17534,"date":"2023-10-31T17:41:06","date_gmt":"2023-10-31T16:41:06","guid":{"rendered":"https:\/\/agora.xtec.cat\/ceipcastellciuro\/?p=17534"},"modified":"2023-12-13T18:24:30","modified_gmt":"2023-12-13T17:24:30","slug":"eleccions-al-consell-escolar-del-centre-nov-23","status":"publish","type":"post","link":"https:\/\/agora.xtec.cat\/ceipcastellciuro\/general\/eleccions-al-consell-escolar-del-centre-nov-23\/","title":{"rendered":"ELECCIONS AL CONSELL ESCOLAR DEL CENTRE &#8211; NOV 23"},"content":{"rendered":"<p><img loading=\"lazy\" decoding=\"async\" class=\"alignnone size-full wp-image-17536\" src=\"https:\/\/agora.xtec.cat\/ceipcastellciuro\/wp-content\/uploads\/usu890\/2023\/11\/consells-escolars.png_412773741.png\" alt=\"\" width=\"750\" height=\"183\" srcset=\"https:\/\/agora.xtec.cat\/ceipcastellciuro\/wp-content\/uploads\/usu890\/2023\/11\/consells-escolars.png_412773741.png 750w, https:\/\/agora.xtec.cat\/ceipcastellciuro\/wp-content\/uploads\/usu890\/2023\/11\/consells-escolars.png_412773741-300x73.png 300w\" sizes=\"auto, (max-width: 750px) 100vw, 750px\" \/><\/p>\n<p>Durant el mes de novembre es porta\u00a0 a terme el proc\u00e9s de renovaci\u00f3 del Consell Escolar, que \u00e9s <strong>l&#8217;\u00f2rgan col\u00b7legiat de participaci\u00f3 de la comunitat escolar en el govern del centre<\/strong>. En el consell escolar hi ha representats tots els col\u00b7lectius que intervenen en la comunitat educativa: professorat, fam\u00edlies, personal d&#8217;administraci\u00f3 i serveis, equip directiu de l\u2019escola, representants de l\u2019AFA i de l\u2019ajuntament.<\/p>\n<p>Els representants dels sectors professorat i progenitors es renoven per meitats cada dos anys, i qui \u00e9s elegit roman al consell 4 anys.<\/p>\n<p>Del sector mares\/pares, aquest any toca renovar <strong>dues de les places<\/strong>. Tots els progenitors teniu dret a vot i sou elegibles.<\/p>\n<p>Atenci\u00f3\u00a0 al calendari del proc\u00e9s:<\/p>\n<ul>\n<li style=\"line-height: 150%;\"><span style=\"font-family: 'Arial',sans-serif;\">2 de novembre de 2023 publicaci\u00f3 del cens electoral de cada sector (a la porta interior)<\/span><\/li>\n<li style=\"line-height: 150%;\"><span style=\"font-family: 'Arial',sans-serif;\">del 3 al 8 de novembre 2023: reclamacions al cens electoral.<\/span><\/li>\n<li style=\"line-height: 150%;\"><span style=\"font-family: 'Arial',sans-serif;\">9 de novembre 2023:publicaci\u00f3 dels cens definitiu.<\/span><\/li>\n<li style=\"line-height: 150%;\"><span style=\"font-family: 'Arial',sans-serif;\">9 de novembre 2023:sorteig per tal de designar els membres vocals de les meses electorals.<\/span><\/li>\n<li style=\"line-height: 150%;\"><span style=\"font-family: 'Arial',sans-serif;\">10 de novembre 2023: constituci\u00f3 de les meses electorals<\/span><\/li>\n<li style=\"line-height: 150%;\"><span style=\"font-family: 'Arial',sans-serif;\"><strong>fins el 16 de novembre 2023 presentaci\u00f3 de candidatures<\/strong>.<\/span><\/li>\n<li style=\"line-height: 150%;\"><span style=\"font-family: 'Arial',sans-serif;\">dimarts 21 de novembre 2023 votacions sector pas (personal d\u2019administraci\u00f3 i serveis).<\/span><\/li>\n<li style=\"line-height: 150%;\"><span style=\"font-family: 'Arial',sans-serif;\">dimarts 21 de novembre 2023 votacions sector mestres.<\/span><\/li>\n<li style=\"line-height: 150%;\"><span style=\"font-family: 'Arial',sans-serif;\"><strong>dijous 23 de novembre 2023 votacions sector pares i mares<\/strong>. <\/span><\/li>\n<li style=\"line-height: 150%;\"><span style=\"font-family: 'Arial',sans-serif;\"><strong>dimarts 12 de desembre 2023 CONSTITUCI\u00d3 DEL NOU CONSELL ESCOLAR<\/strong>.<\/span><\/li>\n<\/ul>\n<p style=\"margin: 0cm; line-height: 150%;\"><span style=\"font-family: 'Arial',sans-serif;\">PER M\u00c9S INFORMACI\u00d3: <\/span><\/p>\n<p style=\"margin: 0cm; line-height: 150%;\"><span style=\"font-family: 'Arial',sans-serif;\"><a href=\"https:\/\/educacio.gencat.cat\/ca\/arees-actuacio\/centres-serveis-educatius\/centres\/consells-escolars-centres\/centres-publics\/\" target=\"_blank\" rel=\"noopener\">https:\/\/educacio.gencat.cat\/ca\/arees-actuacio\/families\/recursos\/recomanacions\/eleccions-consells-escolars\/<\/a><\/span><\/p>\n<p><a href=\"https:\/\/drive.google.com\/file\/d\/1ik85WVixECeQPiRqBr-dmRPa_V2LOc6K\/view?usp=sharing\" target=\"_blank\" rel=\"noopener\">Circular 05<\/a> \u00a0 \u00a0\/\/\u00a0 \u00a0<a href=\"https:\/\/drive.google.com\/file\/d\/1jkJp1tQKTVPOAgA3ZATtl9gjE7BEOCYR\/view?usp=sharing\" target=\"_blank\" rel=\"noopener\">Circular 06<\/a> \u00a0 \u00a0\/\/\u00a0 \u00a0<a href=\"https:\/\/drive.google.com\/file\/d\/1xAEknVleYRayB_LhvW72URpwts0WbaWi\/view?usp=sharing\" target=\"_blank\" rel=\"noopener\">Circular 07<\/a><\/p>\n","protected":false},"excerpt":{"rendered":"<p>Durant el mes de novembre es porta\u00a0 a terme el proc\u00e9s de renovaci\u00f3 del Consell Escolar, que \u00e9s l&#8217;\u00f2rgan col\u00b7legiat de participaci\u00f3 de la comunitat escolar en el govern del centre. En el consell escolar hi ha representats tots els col\u00b7lectius que intervenen en la&hellip;  <a href=\"https:\/\/agora.xtec.cat\/ceipcastellciuro\/general\/eleccions-al-consell-escolar-del-centre-nov-23\/\" title=\"Read ELECCIONS AL CONSELL ESCOLAR DEL CENTRE &#8211; NOV 23\">Llegeix m\u00e9s\u00bb<\/a><\/p>\n","protected":false},"author":1,"featured_media":0,"comment_status":"open","ping_status":"closed","sticky":false,"template":"","format":"standard","meta":{"_bbp_topic_count":0,"_bbp_reply_count":0,"_bbp_total_topic_count":0,"_bbp_total_reply_count":0,"_bbp_voice_count":0,"_bbp_anonymous_reply_count":0,"_bbp_topic_count_hidden":0,"_bbp_reply_count_hidden":0,"_bbp_forum_subforum_count":0,"footnotes":""},"categories":[1,4],"tags":[],"class_list":["post-17534","post","type-post","status-publish","format-standard","hentry","category-general","category-portada"],"post_mailing_queue_ids":[],"_links":{"self":[{"href":"https:\/\/agora.xtec.cat\/ceipcastellciuro\/wp-json\/wp\/v2\/posts\/17534","targetHints":{"allow":["GET"]}}],"collection":[{"href":"https:\/\/agora.xtec.cat\/ceipcastellciuro\/wp-json\/wp\/v2\/posts"}],"about":[{"href":"https:\/\/agora.xtec.cat\/ceipcastellciuro\/wp-json\/wp\/v2\/types\/post"}],"author":[{"embeddable":true,"href":"https:\/\/agora.xtec.cat\/ceipcastellciuro\/wp-json\/wp\/v2\/users\/1"}],"replies":[{"embeddable":true,"href":"https:\/\/agora.xtec.cat\/ceipcastellciuro\/wp-json\/wp\/v2\/comments?post=17534"}],"version-history":[{"count":3,"href":"https:\/\/agora.xtec.cat\/ceipcastellciuro\/wp-json\/wp\/v2\/posts\/17534\/revisions"}],"predecessor-version":[{"id":17541,"href":"https:\/\/agora.xtec.cat\/ceipcastellciuro\/wp-json\/wp\/v2\/posts\/17534\/revisions\/17541"}],"wp:attachment":[{"href":"https:\/\/agora.xtec.cat\/ceipcastellciuro\/wp-json\/wp\/v2\/media?parent=17534"}],"wp:term":[{"taxonomy":"category","embeddable":true,"href":"https:\/\/agora.xtec.cat\/ceipcastellciuro\/wp-json\/wp\/v2\/categories?post=17534"},{"taxonomy":"post_tag","embeddable":true,"href":"https:\/\/agora.xtec.cat\/ceipcastellciuro\/wp-json\/wp\/v2\/tags?post=17534"}],"curies":[{"name":"wp","href":"https:\/\/api.w.org\/{rel}","templated":true}]}}