{"id":17521,"date":"2023-10-27T13:54:30","date_gmt":"2023-10-27T11:54:30","guid":{"rendered":"https:\/\/agora.xtec.cat\/ceipcastellciuro\/?p=17521"},"modified":"2023-10-27T15:36:41","modified_gmt":"2023-10-27T13:36:41","slug":"posat-la-gorra-2023","status":"publish","type":"post","link":"https:\/\/agora.xtec.cat\/ceipcastellciuro\/general\/posat-la-gorra-2023\/","title":{"rendered":"POSA&#8217;T LA GORRA &#8211; 2023"},"content":{"rendered":"<p style=\"text-align: center;\"><img loading=\"lazy\" decoding=\"async\" class=\"aligncenter wp-image-17523\" src=\"https:\/\/agora.xtec.cat\/ceipcastellciuro\/wp-content\/uploads\/usu890\/2023\/10\/05-nen-amb-xukli.jpg\" alt=\"\" width=\"158\" height=\"106\" \/>afanoc<\/p>\n<p>Un any m\u00e9s ens fem ress\u00f2 de la campanya <strong><em>\u201cPosa\u2019t la gorra\u201d<\/em><\/strong>. \u00a0\u00a0Aquesta campanya t\u00e9 el prop\u00f2sit de sensibilitzar i donar a con\u00e8ixer a la societat catalana la realitat del c\u00e0ncer infantil.<br \/>\nL&#8217;AFANOC organitza uns festa solid\u00e0ria a Molins de Rei, en la seva 17a edici\u00f3.<\/p>\n<p>Des de l\u2019escola, ajudem a fer difusi\u00f3 d\u2019aquesta campanya solid\u00e0ria i els tutors i tutores recolliran el donatiu voluntari de <strong>8\u20ac, en efectiu<\/strong>, a cada classe, <strong>fins el 10 de novembre.<\/strong><\/p>\n<ul>\n<li>La gorra tindr\u00e0 un cost de <strong>8\u20ac i permetr\u00e0 l\u2019entrada gratu\u00efta a la festa<\/strong>:<img loading=\"lazy\" decoding=\"async\" class=\"wp-image-17522 alignright\" src=\"https:\/\/agora.xtec.cat\/ceipcastellciuro\/wp-content\/uploads\/usu890\/2023\/10\/04-gorra-afanoc-23-300x200.jpg\" alt=\"\" width=\"173\" height=\"115\" srcset=\"https:\/\/agora.xtec.cat\/ceipcastellciuro\/wp-content\/uploads\/usu890\/2023\/10\/04-gorra-afanoc-23-300x200.jpg 300w, https:\/\/agora.xtec.cat\/ceipcastellciuro\/wp-content\/uploads\/usu890\/2023\/10\/04-gorra-afanoc-23-1024x683.jpg 1024w, https:\/\/agora.xtec.cat\/ceipcastellciuro\/wp-content\/uploads\/usu890\/2023\/10\/04-gorra-afanoc-23-768x512.jpg 768w, https:\/\/agora.xtec.cat\/ceipcastellciuro\/wp-content\/uploads\/usu890\/2023\/10\/04-gorra-afanoc-23-1536x1024.jpg 1536w, https:\/\/agora.xtec.cat\/ceipcastellciuro\/wp-content\/uploads\/usu890\/2023\/10\/04-gorra-afanoc-23-2048x1365.jpg 2048w\" sizes=\"auto, (max-width: 173px) 100vw, 173px\" \/><\/li>\n<li><strong>DIUMENGE 26 DE NOVEMBRE, a la pla\u00e7a de la Llibertat, de 10 h a 14 h<\/strong><\/li>\n<li>Activitats per infants, actuacions, sorteig&#8230;<\/li>\n<\/ul>\n<p><a href=\"https:\/\/drive.google.com\/file\/d\/13zldRHcbUnrf1TCpiZTXX12nYRTv56ju\/view?usp=sharing\" target=\"_blank\" rel=\"noopener\">CIRCULAR 04<\/a><\/p>\n<p><a href=\"https:\/\/drive.google.com\/file\/d\/1eUD7P3lDur-z_pZIztis7vPLJFgg-Z8r\/view?usp=sharing\" target=\"_blank\" rel=\"noopener\">CARTELL DE LA FESTA<\/a><\/p>\n","protected":false},"excerpt":{"rendered":"<p>afanoc<br \/>\nUn any m\u00e9s ens fem ress\u00f2 de la campanya \u201cPosa\u2019t la gorra\u201d. \u00a0\u00a0Aquesta campanya t\u00e9 el prop\u00f2sit de sensibilitzar i donar a con\u00e8ixer a la societat catalana la realitat del c\u00e0ncer infantil.<br \/>\nL&#8217;AFANOC organitza uns festa solid\u00e0ria a Molins de Rei, en la seva 17a edici\u00f3.<br \/>\nDes&hellip;  <a href=\"https:\/\/agora.xtec.cat\/ceipcastellciuro\/general\/posat-la-gorra-2023\/\" title=\"Read POSA&#8217;T LA GORRA &#8211; 2023\">Llegeix m\u00e9s\u00bb<\/a><\/p>\n","protected":false},"author":1,"featured_media":0,"comment_status":"open","ping_status":"closed","sticky":false,"template":"","format":"standard","meta":{"_bbp_topic_count":0,"_bbp_reply_count":0,"_bbp_total_topic_count":0,"_bbp_total_reply_count":0,"_bbp_voice_count":0,"_bbp_anonymous_reply_count":0,"_bbp_topic_count_hidden":0,"_bbp_reply_count_hidden":0,"_bbp_forum_subforum_count":0,"footnotes":""},"categories":[1,4],"tags":[],"class_list":["post-17521","post","type-post","status-publish","format-standard","hentry","category-general","category-portada"],"post_mailing_queue_ids":[],"_links":{"self":[{"href":"https:\/\/agora.xtec.cat\/ceipcastellciuro\/wp-json\/wp\/v2\/posts\/17521","targetHints":{"allow":["GET"]}}],"collection":[{"href":"https:\/\/agora.xtec.cat\/ceipcastellciuro\/wp-json\/wp\/v2\/posts"}],"about":[{"href":"https:\/\/agora.xtec.cat\/ceipcastellciuro\/wp-json\/wp\/v2\/types\/post"}],"author":[{"embeddable":true,"href":"https:\/\/agora.xtec.cat\/ceipcastellciuro\/wp-json\/wp\/v2\/users\/1"}],"replies":[{"embeddable":true,"href":"https:\/\/agora.xtec.cat\/ceipcastellciuro\/wp-json\/wp\/v2\/comments?post=17521"}],"version-history":[{"count":3,"href":"https:\/\/agora.xtec.cat\/ceipcastellciuro\/wp-json\/wp\/v2\/posts\/17521\/revisions"}],"predecessor-version":[{"id":17528,"href":"https:\/\/agora.xtec.cat\/ceipcastellciuro\/wp-json\/wp\/v2\/posts\/17521\/revisions\/17528"}],"wp:attachment":[{"href":"https:\/\/agora.xtec.cat\/ceipcastellciuro\/wp-json\/wp\/v2\/media?parent=17521"}],"wp:term":[{"taxonomy":"category","embeddable":true,"href":"https:\/\/agora.xtec.cat\/ceipcastellciuro\/wp-json\/wp\/v2\/categories?post=17521"},{"taxonomy":"post_tag","embeddable":true,"href":"https:\/\/agora.xtec.cat\/ceipcastellciuro\/wp-json\/wp\/v2\/tags?post=17521"}],"curies":[{"name":"wp","href":"https:\/\/api.w.org\/{rel}","templated":true}]}}