{"id":17403,"date":"2023-03-23T12:17:33","date_gmt":"2023-03-23T11:17:33","guid":{"rendered":"https:\/\/agora.xtec.cat\/ceipcastellciuro\/?p=17403"},"modified":"2023-07-06T16:45:17","modified_gmt":"2023-07-06T14:45:17","slug":"sant-jordi-2023","status":"publish","type":"post","link":"https:\/\/agora.xtec.cat\/ceipcastellciuro\/general\/sant-jordi-2023\/","title":{"rendered":"Sant Jordi 2023"},"content":{"rendered":"<p style=\"text-align: center;\"><img loading=\"lazy\" decoding=\"async\" class=\"aligncenter wp-image-17404\" src=\"https:\/\/agora.xtec.cat\/ceipcastellciuro\/wp-content\/uploads\/usu890\/2023\/03\/llibre-i-rosa-St-jordi-FREEPIK-150x150.png\" alt=\"\" width=\"120\" height=\"120\" srcset=\"https:\/\/agora.xtec.cat\/ceipcastellciuro\/wp-content\/uploads\/usu890\/2023\/03\/llibre-i-rosa-St-jordi-FREEPIK-150x150.png 150w, https:\/\/agora.xtec.cat\/ceipcastellciuro\/wp-content\/uploads\/usu890\/2023\/03\/llibre-i-rosa-St-jordi-FREEPIK-300x300.png 300w, https:\/\/agora.xtec.cat\/ceipcastellciuro\/wp-content\/uploads\/usu890\/2023\/03\/llibre-i-rosa-St-jordi-FREEPIK.png 512w\" sizes=\"auto, (max-width: 120px) 100vw, 120px\" \/>freepik<\/p>\n<p>Torna la festa de Sant Jordi!!<\/p>\n<p>Obrirem l\u2019escola i us convidem a venir al centre el <strong>divendres 21 d\u2019abril a la tarda<\/strong>.<\/p>\n<p>Gaudireu de les <strong>diferents parades<\/strong> de:<\/p>\n<ul>\n<li>llibres de segona m\u00e0,<\/li>\n<li>petites manualitats<\/li>\n<li>i berenar<\/li>\n<\/ul>\n<p>Tamb\u00e9 assistireu a una <strong>sessi\u00f3 de recitaci\u00f3 de poemes<\/strong>, en la que intervindran <strong>tots els nens i nenes<\/strong> de totes les classes.<\/p>\n<p>La <strong>tarda del dilluns dia 24 celebrarem la tradicional tarda del conte<\/strong>.<\/p>\n<p>La vostra col\u00b7laboraci\u00f3 \u00e9s imprescindible per:<\/p>\n<ul>\n<li><strong>SER VOLUNT\u00c0RIES<\/strong> per <strong>explicar contes<\/strong> el dilluns 24 d\u2019abril a la \u201cTarda del Conte\u201d<\/li>\n<li><strong>PORTAR<\/strong> llibres usats per la <strong>Fira del llibre usat<\/strong> del 21 d\u2019abril.<\/li>\n<li><strong style=\"font-family: inherit; font-size: 1em;\">PARTICIPAR<\/strong><span style=\"font-family: inherit; font-size: 1em;\"> en la convocat\u00f2ria de <\/span><strong style=\"font-family: inherit; font-size: 1em;\">concurs familiar pl\u00e0stic<\/strong><span style=\"font-family: inherit; font-size: 1em;\"> per la diada de Sant Jordi.<\/span><\/li>\n<\/ul>\n<p><a href=\"https:\/\/drive.google.com\/file\/d\/1tMhGh7vKr-ukfDxhUN2N1CpxVR2nkRnf\/view?usp=share_link\" target=\"_blank\" rel=\"noopener\">CIRCULAR 16<\/a><\/p>\n<p><a href=\"https:\/\/drive.google.com\/file\/d\/1KJwld9w6KJ-I1gJQdzK05c2d9HFTI641\/view?usp=share_link\" target=\"_blank\" rel=\"noopener\">CONVOCAT\u00d2RIA TARDA DEL CONTE<\/a><\/p>\n<p><a href=\"https:\/\/drive.google.com\/file\/d\/1NBlZ9yCpsdrO7KKoSVCr-LiadczsEmL2\/view?usp=share_link\" target=\"_blank\" rel=\"noopener\">CONVOCAT\u00d2RIA FAMILIAR TREBALLS PL\u00c0STICS<\/a><\/p>\n<p><a href=\"https:\/\/drive.google.com\/file\/d\/1c7HwM2M8P9KTzX4Aaw_jhzzN_YsBeecH\/view?usp=share_link\" target=\"_blank\" rel=\"noopener\">DEMANDA DE LLIBRES\u00a0 PER LA XXIX FIRA DEL LLIBRE USAT<\/a><\/p>\n<h6><strong><em><a href=\"https:\/\/drive.google.com\/file\/d\/15VdJUfe8sIQ-XlKwImKlTQnOTDwkfFdL\/view?usp=share_link\" target=\"_blank\" rel=\"noopener\">CIRCULAR 17 &#8211; DIADA DE SANT JORDI EN DETALL<\/a><\/em><\/strong><\/h6>\n","protected":false},"excerpt":{"rendered":"<p>freepik<br \/>\nTorna la festa de Sant Jordi!!<br \/>\nObrirem l\u2019escola i us convidem a venir al centre el divendres 21 d\u2019abril a la tarda.<br \/>\nGaudireu de les diferents parades de:<\/p>\n<ul>\n<li>llibres de segona m\u00e0,<\/li>\n<li>petites manualitats<\/li>\n<li>i berenar<\/li>\n<\/ul>\n<p>Tamb\u00e9 assistireu a una sessi\u00f3 de recitaci\u00f3 de poemes, en la que intervindran tots els&hellip;  <a href=\"https:\/\/agora.xtec.cat\/ceipcastellciuro\/general\/sant-jordi-2023\/\" title=\"Read Sant Jordi 2023\">Llegeix m\u00e9s\u00bb<\/a><\/p>\n","protected":false},"author":1,"featured_media":0,"comment_status":"open","ping_status":"closed","sticky":false,"template":"","format":"standard","meta":{"_bbp_topic_count":0,"_bbp_reply_count":0,"_bbp_total_topic_count":0,"_bbp_total_reply_count":0,"_bbp_voice_count":0,"_bbp_anonymous_reply_count":0,"_bbp_topic_count_hidden":0,"_bbp_reply_count_hidden":0,"_bbp_forum_subforum_count":0,"footnotes":""},"categories":[1,4],"tags":[],"class_list":["post-17403","post","type-post","status-publish","format-standard","hentry","category-general","category-portada"],"post_mailing_queue_ids":[],"_links":{"self":[{"href":"https:\/\/agora.xtec.cat\/ceipcastellciuro\/wp-json\/wp\/v2\/posts\/17403","targetHints":{"allow":["GET"]}}],"collection":[{"href":"https:\/\/agora.xtec.cat\/ceipcastellciuro\/wp-json\/wp\/v2\/posts"}],"about":[{"href":"https:\/\/agora.xtec.cat\/ceipcastellciuro\/wp-json\/wp\/v2\/types\/post"}],"author":[{"embeddable":true,"href":"https:\/\/agora.xtec.cat\/ceipcastellciuro\/wp-json\/wp\/v2\/users\/1"}],"replies":[{"embeddable":true,"href":"https:\/\/agora.xtec.cat\/ceipcastellciuro\/wp-json\/wp\/v2\/comments?post=17403"}],"version-history":[{"count":3,"href":"https:\/\/agora.xtec.cat\/ceipcastellciuro\/wp-json\/wp\/v2\/posts\/17403\/revisions"}],"predecessor-version":[{"id":17421,"href":"https:\/\/agora.xtec.cat\/ceipcastellciuro\/wp-json\/wp\/v2\/posts\/17403\/revisions\/17421"}],"wp:attachment":[{"href":"https:\/\/agora.xtec.cat\/ceipcastellciuro\/wp-json\/wp\/v2\/media?parent=17403"}],"wp:term":[{"taxonomy":"category","embeddable":true,"href":"https:\/\/agora.xtec.cat\/ceipcastellciuro\/wp-json\/wp\/v2\/categories?post=17403"},{"taxonomy":"post_tag","embeddable":true,"href":"https:\/\/agora.xtec.cat\/ceipcastellciuro\/wp-json\/wp\/v2\/tags?post=17403"}],"curies":[{"name":"wp","href":"https:\/\/api.w.org\/{rel}","templated":true}]}}