{"id":17384,"date":"2023-02-22T19:06:01","date_gmt":"2023-02-22T18:06:01","guid":{"rendered":"https:\/\/agora.xtec.cat\/ceipcastellciuro\/?p=17384"},"modified":"2023-04-25T18:50:59","modified_gmt":"2023-04-25T16:50:59","slug":"22a-setmana-mediambiental-2023","status":"publish","type":"post","link":"https:\/\/agora.xtec.cat\/ceipcastellciuro\/general\/22a-setmana-mediambiental-2023\/","title":{"rendered":"22a SETMANA MEDIAMBIENTAL &#8211;  2023"},"content":{"rendered":"<p style=\"text-align: center;\"><img loading=\"lazy\" decoding=\"async\" class=\"aligncenter wp-image-17387\" src=\"https:\/\/agora.xtec.cat\/ceipcastellciuro\/wp-content\/uploads\/usu890\/2023\/02\/salve-el-planeta-article-22-set-med-SMALL-SMILES-150x150.png\" alt=\"\" width=\"89\" height=\"89\" srcset=\"https:\/\/agora.xtec.cat\/ceipcastellciuro\/wp-content\/uploads\/usu890\/2023\/02\/salve-el-planeta-article-22-set-med-SMALL-SMILES-150x150.png 150w, https:\/\/agora.xtec.cat\/ceipcastellciuro\/wp-content\/uploads\/usu890\/2023\/02\/salve-el-planeta-article-22-set-med-SMALL-SMILES-300x300.png 300w, https:\/\/agora.xtec.cat\/ceipcastellciuro\/wp-content\/uploads\/usu890\/2023\/02\/salve-el-planeta-article-22-set-med-SMALL-SMILES.png 512w\" sizes=\"auto, (max-width: 89px) 100vw, 89px\" \/>small-smiles<\/p>\n<p>Del 27 de febrer al 3 de mar\u00e7 celebrem la 22a edici\u00f3 de la Setmana Mediambiental.\u00a0Aquest any el lema \u00e9s <strong>ARA DE VERITAT, \u00daLTIMA OPORTUNITAT!. TINGUEM CURA DEL NOSTRE PLANETA<\/strong>.<\/p>\n<p>Volem reflexionar sobre els efectes del canvi clim\u00e0tic i com podem actuar per aturar-lo.<\/p>\n<p>Farem un munt d&#8217;activitats com:<\/p>\n<ul>\n<li>Activitats pr\u00f2pies del cicle per treballar el <strong>dec\u00e0leg mediambiental<\/strong> de l\u2019escola.<\/li>\n<li><em>Elaboraci\u00f3 d\u2019una <strong>representaci\u00f3 pl\u00e0stica<\/strong> d\u2019accions negatives sobre el planeta i propostes de millora, que ambientaran el vest\u00edbul de prim\u00e0ria.<\/em><\/li>\n<li><strong>Exposici\u00f3<\/strong> de plafons sobre la tem\u00e0tica d\u2019aquest curs.<\/li>\n<li><em><strong>Sortides <\/strong>o tallers relacionats amb la tem\u00e0tica ambiental.<\/em><\/li>\n<li><strong>Tallers 4R<\/strong> (reduir, reutilitzar, reparar i reciclar). Treballem per la gran import\u00e0ncia que t\u00e9 separar les deixalles per evitar tota la contaminaci\u00f3 atmosf\u00e8rica que suposa el seu tractament.<\/li>\n<li><em>Tallers de l\u2019\u201d<strong>Escola de Consum<\/strong>\u201d (diferents per a cada curs d\u2019Educaci\u00f3 Prim\u00e0ria)<\/em>.<\/li>\n<li><strong>Educaci\u00f3 F\u00edsica <em>SOBRE RODES<\/em><\/strong>: alumnat de prim\u00e0ria amb patins o patinets.<\/li>\n<li><em><strong>Treballs de jardineria<\/strong> per millorar els espais lliures de l\u2019escola: els patis, el bosc, la bassa&#8230;.<\/em><\/li>\n<li>Divendres dia 3: <strong>ACTE CONJUNT amb tots els grups de l\u2019escola.<\/strong><\/li>\n<\/ul>\n<p><a href=\"https:\/\/drive.google.com\/file\/d\/1nH5xdfTVcbDt3Nj7Z6BIkkx7L_DIBEnD\/view?usp=share_link\" target=\"_blank\" rel=\"noopener\">CIRCULAR 13<\/a><\/p>\n","protected":false},"excerpt":{"rendered":"<p>small-smiles<br \/>\nDel 27 de febrer al 3 de mar\u00e7 celebrem la 22a edici\u00f3 de la Setmana Mediambiental.\u00a0Aquest any el lema \u00e9s ARA DE VERITAT, \u00daLTIMA OPORTUNITAT!. TINGUEM CURA DEL NOSTRE PLANETA.<br \/>\nVolem reflexionar sobre els efectes del canvi clim\u00e0tic i com podem actuar per aturar-lo.<br \/>\nFarem un munt&hellip;  <a href=\"https:\/\/agora.xtec.cat\/ceipcastellciuro\/general\/22a-setmana-mediambiental-2023\/\" title=\"Read 22a SETMANA MEDIAMBIENTAL &#8211;  2023\">Llegeix m\u00e9s\u00bb<\/a><\/p>\n","protected":false},"author":1,"featured_media":0,"comment_status":"open","ping_status":"closed","sticky":false,"template":"","format":"standard","meta":{"_bbp_topic_count":0,"_bbp_reply_count":0,"_bbp_total_topic_count":0,"_bbp_total_reply_count":0,"_bbp_voice_count":0,"_bbp_anonymous_reply_count":0,"_bbp_topic_count_hidden":0,"_bbp_reply_count_hidden":0,"_bbp_forum_subforum_count":0,"footnotes":""},"categories":[1,4],"tags":[],"class_list":["post-17384","post","type-post","status-publish","format-standard","hentry","category-general","category-portada"],"post_mailing_queue_ids":[],"_links":{"self":[{"href":"https:\/\/agora.xtec.cat\/ceipcastellciuro\/wp-json\/wp\/v2\/posts\/17384","targetHints":{"allow":["GET"]}}],"collection":[{"href":"https:\/\/agora.xtec.cat\/ceipcastellciuro\/wp-json\/wp\/v2\/posts"}],"about":[{"href":"https:\/\/agora.xtec.cat\/ceipcastellciuro\/wp-json\/wp\/v2\/types\/post"}],"author":[{"embeddable":true,"href":"https:\/\/agora.xtec.cat\/ceipcastellciuro\/wp-json\/wp\/v2\/users\/1"}],"replies":[{"embeddable":true,"href":"https:\/\/agora.xtec.cat\/ceipcastellciuro\/wp-json\/wp\/v2\/comments?post=17384"}],"version-history":[{"count":3,"href":"https:\/\/agora.xtec.cat\/ceipcastellciuro\/wp-json\/wp\/v2\/posts\/17384\/revisions"}],"predecessor-version":[{"id":17392,"href":"https:\/\/agora.xtec.cat\/ceipcastellciuro\/wp-json\/wp\/v2\/posts\/17384\/revisions\/17392"}],"wp:attachment":[{"href":"https:\/\/agora.xtec.cat\/ceipcastellciuro\/wp-json\/wp\/v2\/media?parent=17384"}],"wp:term":[{"taxonomy":"category","embeddable":true,"href":"https:\/\/agora.xtec.cat\/ceipcastellciuro\/wp-json\/wp\/v2\/categories?post=17384"},{"taxonomy":"post_tag","embeddable":true,"href":"https:\/\/agora.xtec.cat\/ceipcastellciuro\/wp-json\/wp\/v2\/tags?post=17384"}],"curies":[{"name":"wp","href":"https:\/\/api.w.org\/{rel}","templated":true}]}}