{"id":17321,"date":"2022-11-30T19:17:57","date_gmt":"2022-11-30T18:17:57","guid":{"rendered":"https:\/\/agora.xtec.cat\/ceipcastellciuro\/?p=17321"},"modified":"2022-12-15T19:09:03","modified_gmt":"2022-12-15T18:09:03","slug":"30-de-novembre-dia-internacional-ciutat-educadora","status":"publish","type":"post","link":"https:\/\/agora.xtec.cat\/ceipcastellciuro\/general\/30-de-novembre-dia-internacional-ciutat-educadora\/","title":{"rendered":"30 de Novembre, DIA INTERNACIONAL CIUTAT EDUCADORA"},"content":{"rendered":"<p><img loading=\"lazy\" decoding=\"async\" class=\"alignleft size-full wp-image-17322\" src=\"https:\/\/agora.xtec.cat\/ceipcastellciuro\/wp-content\/uploads\/usu890\/2022\/11\/ciutat-educadora-2022.png\" alt=\"\" width=\"704\" height=\"192\" srcset=\"https:\/\/agora.xtec.cat\/ceipcastellciuro\/wp-content\/uploads\/usu890\/2022\/11\/ciutat-educadora-2022.png 704w, https:\/\/agora.xtec.cat\/ceipcastellciuro\/wp-content\/uploads\/usu890\/2022\/11\/ciutat-educadora-2022-300x82.png 300w\" sizes=\"auto, (max-width: 704px) 100vw, 704px\" \/><\/p>\n<p>&nbsp;<\/p>\n<p>&nbsp;<\/p>\n<p>&nbsp;<\/p>\n<p>&nbsp;<\/p>\n<p>&nbsp;<\/p>\n<p>L&#8217;educaci\u00f3 es dona a les escoles, per\u00f2 tamb\u00e9 m\u00e9s enll\u00e0 de les seves instal\u00b7lacions, a l&#8217;\u00e0mbit de la ciutat. \u00c9s \u00e0mpliament considerat que l&#8217;educaci\u00f3 \u00e9s essencial per la generaci\u00f3 d&#8217;un m\u00f3n en pau, i Les Ciutats Educadores, que formen una associaci\u00f3 internacional que dona aquesta import\u00e0ncia a l&#8217;educaci\u00f3 en sentit ampli celebren cada any el seu dia internacional.<\/p>\n<p>El lema d&#8217;aquest any \u00e9s <strong>LA CIUTAT EDUCADORA, CIUTAT DE PAU I OPORTUNITATS<\/strong>. El nostre municipi ha triat com a activitat comuna un joc d&#8217;origami (Els quatre sabaters) anomenat &#8220;JO EM COMPROMETO&#8221;, que serveix per reflexionar sobre activitats educadores a la ciutat que fomentin la pau. A partir del joc es pot parlar del comprom\u00eds personal envers aquestes accions.<\/p>\n<p>Alguns nois i noies ens mostren el joc:<\/p>\n<p><img loading=\"lazy\" decoding=\"async\" class=\"wp-image-17325 alignleft\" src=\"https:\/\/agora.xtec.cat\/ceipcastellciuro\/wp-content\/uploads\/usu890\/2022\/11\/foto-alumnat-ciutat-educadora-redu.jpg\" alt=\"\" width=\"365\" height=\"273\" srcset=\"https:\/\/agora.xtec.cat\/ceipcastellciuro\/wp-content\/uploads\/usu890\/2022\/11\/foto-alumnat-ciutat-educadora-redu.jpg 801w, https:\/\/agora.xtec.cat\/ceipcastellciuro\/wp-content\/uploads\/usu890\/2022\/11\/foto-alumnat-ciutat-educadora-redu-300x224.jpg 300w, https:\/\/agora.xtec.cat\/ceipcastellciuro\/wp-content\/uploads\/usu890\/2022\/11\/foto-alumnat-ciutat-educadora-redu-768x574.jpg 768w, https:\/\/agora.xtec.cat\/ceipcastellciuro\/wp-content\/uploads\/usu890\/2022\/11\/foto-alumnat-ciutat-educadora-redu-200x150.jpg 200w\" sizes=\"auto, (max-width: 365px) 100vw, 365px\" \/><img loading=\"lazy\" decoding=\"async\" class=\"wp-image-17330 alignright\" src=\"https:\/\/agora.xtec.cat\/ceipcastellciuro\/wp-content\/uploads\/usu890\/2022\/11\/cartel-def-catT-e1657635606390-ciutat-educadora.jpg\" alt=\"\" width=\"273\" height=\"398\" srcset=\"https:\/\/agora.xtec.cat\/ceipcastellciuro\/wp-content\/uploads\/usu890\/2022\/11\/cartel-def-catT-e1657635606390-ciutat-educadora.jpg 900w, https:\/\/agora.xtec.cat\/ceipcastellciuro\/wp-content\/uploads\/usu890\/2022\/11\/cartel-def-catT-e1657635606390-ciutat-educadora-206x300.jpg 206w, https:\/\/agora.xtec.cat\/ceipcastellciuro\/wp-content\/uploads\/usu890\/2022\/11\/cartel-def-catT-e1657635606390-ciutat-educadora-702x1024.jpg 702w, https:\/\/agora.xtec.cat\/ceipcastellciuro\/wp-content\/uploads\/usu890\/2022\/11\/cartel-def-catT-e1657635606390-ciutat-educadora-768x1120.jpg 768w\" sizes=\"auto, (max-width: 273px) 100vw, 273px\" \/><\/p>\n<p>&nbsp;<\/p>\n<p>&nbsp;<\/p>\n<p>&nbsp;<\/p>\n<p>&nbsp;<\/p>\n<p>&nbsp;<\/p>\n<p>&nbsp;<\/p>\n<p>&nbsp;<\/p>\n<p>&nbsp;<\/p>\n<p>&nbsp;<\/p>\n<p>&nbsp;<\/p>\n<p>M\u00e9s informaci\u00f3: <a href=\"https:\/\/www.edcities.org\/dia-internacional-cat-2022\/\" target=\"_blank\" rel=\"noopener\">https:\/\/www.edcities.org\/dia-internacional-cat-2022\/<\/a><\/p>\n","protected":false},"excerpt":{"rendered":"<p>&nbsp;<br \/>\n&nbsp;<br \/>\n&nbsp;<br \/>\n&nbsp;<br \/>\n&nbsp;<br \/>\nL&#8217;educaci\u00f3 es dona a les escoles, per\u00f2 tamb\u00e9 m\u00e9s enll\u00e0 de les seves instal\u00b7lacions, a l&#8217;\u00e0mbit de la ciutat. \u00c9s \u00e0mpliament considerat que l&#8217;educaci\u00f3 \u00e9s essencial per la generaci\u00f3 d&#8217;un m\u00f3n en pau, i Les Ciutats Educadores, que formen una associaci\u00f3 internacional que dona aquesta&hellip;  <a href=\"https:\/\/agora.xtec.cat\/ceipcastellciuro\/general\/30-de-novembre-dia-internacional-ciutat-educadora\/\" title=\"Read 30 de Novembre, DIA INTERNACIONAL CIUTAT EDUCADORA\">Llegeix m\u00e9s\u00bb<\/a><\/p>\n","protected":false},"author":1,"featured_media":0,"comment_status":"open","ping_status":"closed","sticky":false,"template":"","format":"standard","meta":{"_bbp_topic_count":0,"_bbp_reply_count":0,"_bbp_total_topic_count":0,"_bbp_total_reply_count":0,"_bbp_voice_count":0,"_bbp_anonymous_reply_count":0,"_bbp_topic_count_hidden":0,"_bbp_reply_count_hidden":0,"_bbp_forum_subforum_count":0,"footnotes":""},"categories":[1,4],"tags":[],"class_list":["post-17321","post","type-post","status-publish","format-standard","hentry","category-general","category-portada"],"post_mailing_queue_ids":[],"_links":{"self":[{"href":"https:\/\/agora.xtec.cat\/ceipcastellciuro\/wp-json\/wp\/v2\/posts\/17321","targetHints":{"allow":["GET"]}}],"collection":[{"href":"https:\/\/agora.xtec.cat\/ceipcastellciuro\/wp-json\/wp\/v2\/posts"}],"about":[{"href":"https:\/\/agora.xtec.cat\/ceipcastellciuro\/wp-json\/wp\/v2\/types\/post"}],"author":[{"embeddable":true,"href":"https:\/\/agora.xtec.cat\/ceipcastellciuro\/wp-json\/wp\/v2\/users\/1"}],"replies":[{"embeddable":true,"href":"https:\/\/agora.xtec.cat\/ceipcastellciuro\/wp-json\/wp\/v2\/comments?post=17321"}],"version-history":[{"count":3,"href":"https:\/\/agora.xtec.cat\/ceipcastellciuro\/wp-json\/wp\/v2\/posts\/17321\/revisions"}],"predecessor-version":[{"id":17334,"href":"https:\/\/agora.xtec.cat\/ceipcastellciuro\/wp-json\/wp\/v2\/posts\/17321\/revisions\/17334"}],"wp:attachment":[{"href":"https:\/\/agora.xtec.cat\/ceipcastellciuro\/wp-json\/wp\/v2\/media?parent=17321"}],"wp:term":[{"taxonomy":"category","embeddable":true,"href":"https:\/\/agora.xtec.cat\/ceipcastellciuro\/wp-json\/wp\/v2\/categories?post=17321"},{"taxonomy":"post_tag","embeddable":true,"href":"https:\/\/agora.xtec.cat\/ceipcastellciuro\/wp-json\/wp\/v2\/tags?post=17321"}],"curies":[{"name":"wp","href":"https:\/\/api.w.org\/{rel}","templated":true}]}}