{"id":17297,"date":"2022-10-28T18:11:34","date_gmt":"2022-10-28T16:11:34","guid":{"rendered":"https:\/\/agora.xtec.cat\/ceipcastellciuro\/?p=17297"},"modified":"2022-12-15T19:09:22","modified_gmt":"2022-12-15T18:09:22","slug":"campanya-solidaria-posat-la-gorra","status":"publish","type":"post","link":"https:\/\/agora.xtec.cat\/ceipcastellciuro\/general\/campanya-solidaria-posat-la-gorra\/","title":{"rendered":"Campanya solid\u00e0ria &#8220;Posa&#8217;t la Gorra&#8221;"},"content":{"rendered":"<p><img loading=\"lazy\" decoding=\"async\" class=\"wp-image-17300 alignright\" src=\"https:\/\/agora.xtec.cat\/ceipcastellciuro\/wp-content\/uploads\/usu890\/2022\/11\/05-caRTELL_Molins-de-Rei_Cartell-PGorra_XGallego-2-reduit.jpg\" alt=\"\" width=\"287\" height=\"431\" srcset=\"https:\/\/agora.xtec.cat\/ceipcastellciuro\/wp-content\/uploads\/usu890\/2022\/11\/05-caRTELL_Molins-de-Rei_Cartell-PGorra_XGallego-2-reduit.jpg 537w, https:\/\/agora.xtec.cat\/ceipcastellciuro\/wp-content\/uploads\/usu890\/2022\/11\/05-caRTELL_Molins-de-Rei_Cartell-PGorra_XGallego-2-reduit-200x300.jpg 200w\" sizes=\"auto, (max-width: 287px) 100vw, 287px\" \/>Un any m\u00e9s l&#8217;escola participa en la campanya solid\u00e0ria amb els nens i nenes malalts de c\u00e0ncer, a trav\u00e9s de la compra d&#8217;una gorra que \u00e9s el s\u00edmbol d&#8217;un dels efectes secundaris del seu tractament. Aix\u00ed col\u00b7laborem per millorar les condicions de cada pacient i de les seves fam\u00edlies.<\/p>\n<p>La gorra permet assistir a la festa que organitza l&#8217;ajuntament el dia 20 de novembre a la Pla\u00e7a de la Llibertat:<\/p>\n<p><a href=\"https:\/\/drive.google.com\/file\/d\/1u5B38zMEDcO-2-yDIW1UeTRN3wEi1GXC\/view?usp=share_link\" target=\"_blank\" rel=\"noopener\">CIRCULAR 5<\/a><\/p>\n","protected":false},"excerpt":{"rendered":"<p>Un any m\u00e9s l&#8217;escola participa en la campanya solid\u00e0ria amb els nens i nenes malalts de c\u00e0ncer, a trav\u00e9s de la compra d&#8217;una gorra que \u00e9s el s\u00edmbol d&#8217;un dels efectes secundaris del seu tractament. Aix\u00ed col\u00b7laborem per millorar les condicions de cada pacient i&hellip;  <a href=\"https:\/\/agora.xtec.cat\/ceipcastellciuro\/general\/campanya-solidaria-posat-la-gorra\/\" title=\"Read Campanya solid\u00e0ria &#8220;Posa&#8217;t la Gorra&#8221;\">Llegeix m\u00e9s\u00bb<\/a><\/p>\n","protected":false},"author":1,"featured_media":0,"comment_status":"open","ping_status":"closed","sticky":false,"template":"","format":"standard","meta":{"_bbp_topic_count":0,"_bbp_reply_count":0,"_bbp_total_topic_count":0,"_bbp_total_reply_count":0,"_bbp_voice_count":0,"_bbp_anonymous_reply_count":0,"_bbp_topic_count_hidden":0,"_bbp_reply_count_hidden":0,"_bbp_forum_subforum_count":0,"footnotes":""},"categories":[1,4],"tags":[],"class_list":["post-17297","post","type-post","status-publish","format-standard","hentry","category-general","category-portada"],"post_mailing_queue_ids":[],"_links":{"self":[{"href":"https:\/\/agora.xtec.cat\/ceipcastellciuro\/wp-json\/wp\/v2\/posts\/17297","targetHints":{"allow":["GET"]}}],"collection":[{"href":"https:\/\/agora.xtec.cat\/ceipcastellciuro\/wp-json\/wp\/v2\/posts"}],"about":[{"href":"https:\/\/agora.xtec.cat\/ceipcastellciuro\/wp-json\/wp\/v2\/types\/post"}],"author":[{"embeddable":true,"href":"https:\/\/agora.xtec.cat\/ceipcastellciuro\/wp-json\/wp\/v2\/users\/1"}],"replies":[{"embeddable":true,"href":"https:\/\/agora.xtec.cat\/ceipcastellciuro\/wp-json\/wp\/v2\/comments?post=17297"}],"version-history":[{"count":4,"href":"https:\/\/agora.xtec.cat\/ceipcastellciuro\/wp-json\/wp\/v2\/posts\/17297\/revisions"}],"predecessor-version":[{"id":17312,"href":"https:\/\/agora.xtec.cat\/ceipcastellciuro\/wp-json\/wp\/v2\/posts\/17297\/revisions\/17312"}],"wp:attachment":[{"href":"https:\/\/agora.xtec.cat\/ceipcastellciuro\/wp-json\/wp\/v2\/media?parent=17297"}],"wp:term":[{"taxonomy":"category","embeddable":true,"href":"https:\/\/agora.xtec.cat\/ceipcastellciuro\/wp-json\/wp\/v2\/categories?post=17297"},{"taxonomy":"post_tag","embeddable":true,"href":"https:\/\/agora.xtec.cat\/ceipcastellciuro\/wp-json\/wp\/v2\/tags?post=17297"}],"curies":[{"name":"wp","href":"https:\/\/api.w.org\/{rel}","templated":true}]}}