{"id":17279,"date":"2022-10-18T17:52:01","date_gmt":"2022-10-18T15:52:01","guid":{"rendered":"https:\/\/agora.xtec.cat\/ceipcastellciuro\/?p=17279"},"modified":"2022-11-04T18:10:26","modified_gmt":"2022-11-04T17:10:26","slug":"noms-de-les-classes","status":"publish","type":"post","link":"https:\/\/agora.xtec.cat\/ceipcastellciuro\/general\/noms-de-les-classes\/","title":{"rendered":"Noms de les classes curs 22-23"},"content":{"rendered":"<p><img loading=\"lazy\" decoding=\"async\" class=\"aligncenter wp-image-17281\" src=\"https:\/\/agora.xtec.cat\/ceipcastellciuro\/wp-content\/uploads\/usu890\/2022\/11\/artesanias-Amethyst-flaticon-150x150.png\" alt=\"\" width=\"122\" height=\"122\" srcset=\"https:\/\/agora.xtec.cat\/ceipcastellciuro\/wp-content\/uploads\/usu890\/2022\/11\/artesanias-Amethyst-flaticon-150x150.png 150w, https:\/\/agora.xtec.cat\/ceipcastellciuro\/wp-content\/uploads\/usu890\/2022\/11\/artesanias-Amethyst-flaticon-300x300.png 300w, https:\/\/agora.xtec.cat\/ceipcastellciuro\/wp-content\/uploads\/usu890\/2022\/11\/artesanias-Amethyst-flaticon.png 512w\" sizes=\"auto, (max-width: 122px) 100vw, 122px\" \/><\/p>\n<pre style=\"padding-left: 400px;\">Amethyst-flaticon\r\n\r\n<\/pre>\n<p>La tem\u00e0tica que centra <strong>centrar\u00e0 l\u2019ambientaci\u00f3 i els noms de cada classe <\/strong>aquest curs \u00e9s:<\/p>\n<h4 style=\"text-align: center;\"><strong><em>Vivim l\u2019artesania: amb les mans fem&#8230;<\/em><\/strong><\/h4>\n<p style=\"text-align: center;\">Mica en mica hem anat decidint col\u00b7lectivament quin \u00e0mbit de l\u2019artesania volia treballar cada grup, i \u00a0els noms de les classes tenen a veure amb l\u2019activitat artesana que volen investigar:<\/p>\n<p><img loading=\"lazy\" decoding=\"async\" class=\"aligncenter size-full wp-image-17289\" src=\"https:\/\/agora.xtec.cat\/ceipcastellciuro\/wp-content\/uploads\/usu890\/2022\/11\/noms-classes-22-23.png\" alt=\"\" width=\"757\" height=\"255\" srcset=\"https:\/\/agora.xtec.cat\/ceipcastellciuro\/wp-content\/uploads\/usu890\/2022\/11\/noms-classes-22-23.png 757w, https:\/\/agora.xtec.cat\/ceipcastellciuro\/wp-content\/uploads\/usu890\/2022\/11\/noms-classes-22-23-300x101.png 300w\" sizes=\"auto, (max-width: 757px) 100vw, 757px\" \/><\/p>\n<p>Des d\u2019aqu\u00ed convidem tothom que realitzi un treball artes\u00e0 de qualsevol tipus, ja sigui professionalment o per afici\u00f3,\u00a0 i ens el vulgui explicar a alguna de les classes com a \u201cpersones expertes\u201d.<\/p>\n<p>Els nens i les nenes de les classes estaran molt contents de rebre-us. No cal que el vostre treball o afici\u00f3 artes\u00e0 coincideixi amb les propostes dels noms de les classes.<\/p>\n<p><a href=\"https:\/\/drive.google.com\/file\/d\/1R1b9s-JNDxciuTDT9B9W4Jq5bKFQuLrg\/view\" target=\"_blank\" rel=\"noopener\">CIRCULAR 4<\/a><\/p>\n","protected":false},"excerpt":{"rendered":"<p>Amethyst-flaticon<\/p>\n<p>La tem\u00e0tica que centra centrar\u00e0 l\u2019ambientaci\u00f3 i els noms de cada classe aquest curs \u00e9s:<br \/>\nVivim l\u2019artesania: amb les mans fem&#8230;<br \/>\nMica en mica hem anat decidint col\u00b7lectivament quin \u00e0mbit de l\u2019artesania volia treballar cada grup, i \u00a0els noms de les classes tenen a veure amb l\u2019activitat&hellip;  <a href=\"https:\/\/agora.xtec.cat\/ceipcastellciuro\/general\/noms-de-les-classes\/\" title=\"Read Noms de les classes curs 22-23\">Llegeix m\u00e9s\u00bb<\/a><\/p>\n","protected":false},"author":1,"featured_media":0,"comment_status":"open","ping_status":"closed","sticky":false,"template":"","format":"standard","meta":{"_bbp_topic_count":0,"_bbp_reply_count":0,"_bbp_total_topic_count":0,"_bbp_total_reply_count":0,"_bbp_voice_count":0,"_bbp_anonymous_reply_count":0,"_bbp_topic_count_hidden":0,"_bbp_reply_count_hidden":0,"_bbp_forum_subforum_count":0,"footnotes":""},"categories":[1,4],"tags":[],"class_list":["post-17279","post","type-post","status-publish","format-standard","hentry","category-general","category-portada"],"post_mailing_queue_ids":[],"_links":{"self":[{"href":"https:\/\/agora.xtec.cat\/ceipcastellciuro\/wp-json\/wp\/v2\/posts\/17279","targetHints":{"allow":["GET"]}}],"collection":[{"href":"https:\/\/agora.xtec.cat\/ceipcastellciuro\/wp-json\/wp\/v2\/posts"}],"about":[{"href":"https:\/\/agora.xtec.cat\/ceipcastellciuro\/wp-json\/wp\/v2\/types\/post"}],"author":[{"embeddable":true,"href":"https:\/\/agora.xtec.cat\/ceipcastellciuro\/wp-json\/wp\/v2\/users\/1"}],"replies":[{"embeddable":true,"href":"https:\/\/agora.xtec.cat\/ceipcastellciuro\/wp-json\/wp\/v2\/comments?post=17279"}],"version-history":[{"count":3,"href":"https:\/\/agora.xtec.cat\/ceipcastellciuro\/wp-json\/wp\/v2\/posts\/17279\/revisions"}],"predecessor-version":[{"id":17296,"href":"https:\/\/agora.xtec.cat\/ceipcastellciuro\/wp-json\/wp\/v2\/posts\/17279\/revisions\/17296"}],"wp:attachment":[{"href":"https:\/\/agora.xtec.cat\/ceipcastellciuro\/wp-json\/wp\/v2\/media?parent=17279"}],"wp:term":[{"taxonomy":"category","embeddable":true,"href":"https:\/\/agora.xtec.cat\/ceipcastellciuro\/wp-json\/wp\/v2\/categories?post=17279"},{"taxonomy":"post_tag","embeddable":true,"href":"https:\/\/agora.xtec.cat\/ceipcastellciuro\/wp-json\/wp\/v2\/tags?post=17279"}],"curies":[{"name":"wp","href":"https:\/\/api.w.org\/{rel}","templated":true}]}}