{"id":17157,"date":"2022-04-28T19:10:14","date_gmt":"2022-04-28T17:10:14","guid":{"rendered":"https:\/\/agora.xtec.cat\/ceipcastellciuro\/?p=17157"},"modified":"2022-06-21T10:35:04","modified_gmt":"2022-06-21T08:35:04","slug":"ajuts-menjador-22-23-consell-comarcal-i-ajuntament","status":"publish","type":"post","link":"https:\/\/agora.xtec.cat\/ceipcastellciuro\/general\/ajuts-menjador-22-23-consell-comarcal-i-ajuntament\/","title":{"rendered":"Ajuts Menjador 22-23 Consell Comarcal i Ajuntament"},"content":{"rendered":"<p><a href=\"https:\/\/agora.xtec.cat\/ceipcastellciuro\/wp-content\/uploads\/usu890\/2021\/05\/comer.png\"><img loading=\"lazy\" decoding=\"async\" class=\" wp-image-17159 aligncenter\" src=\"https:\/\/agora.xtec.cat\/ceipcastellciuro\/wp-content\/uploads\/usu890\/2022\/04\/plat-menjador-1205749-150x150.png\" alt=\"\" width=\"104\" height=\"104\" srcset=\"https:\/\/agora.xtec.cat\/ceipcastellciuro\/wp-content\/uploads\/usu890\/2022\/04\/plat-menjador-1205749-150x150.png 150w, https:\/\/agora.xtec.cat\/ceipcastellciuro\/wp-content\/uploads\/usu890\/2022\/04\/plat-menjador-1205749-300x300.png 300w, https:\/\/agora.xtec.cat\/ceipcastellciuro\/wp-content\/uploads\/usu890\/2022\/04\/plat-menjador-1205749.png 512w\" sizes=\"auto, (max-width: 104px) 100vw, 104px\" \/><br \/>\n<\/a>El Consell Comarcal ha publicat les bases de convocat\u00f2ria per a l\u2019atorgament d\u2019ajuts individuals de menjador per a la utilitzaci\u00f3 del servei escolar de menjador a l\u2019alumnat d\u2019ensenyaments obligatoris i de segon cicle d\u2019educaci\u00f3 infantil de centres educatius sufragats amb fons p\u00fablics per al curs 2022-2023.<\/p>\n<p>Tamb\u00e9 es poden sol\u00b7licitar ajuts complementaris per menjador a l&#8217;ajuntament, en el mateix termini.<\/p>\n<p>Les sol\u00b7licituds es podran presentar del <strong>2 de maig al 16 de maig de 2022<\/strong> de manera telem\u00e0tica o en format paper a la secretaria de l&#8217;escola.<\/p>\n<p>&#8211; Sol\u00b7licituds Consell Comarcal : formulari al web <a href=\"https:\/\/www.elbaixllobregat.cat\/\" target=\"_blank\" rel=\"noopener\">www.elbaixllobregat.cat<\/a>, dins del termini establert.<br \/>\n&#8211; Sol\u00b7licitudsl\u2019Ajuntament de Molins de Rei: formulari al web <a href=\"http:\/\/www.molinsderei.cat\/ambits\/serveis-socials\" target=\"_blank\" rel=\"noopener\">www.molinsderei.cat\/ambits\/serveis-socials<\/a> dins les dates establertes.<\/p>\n<p>Les fam\u00edlies que no disposin de cap mitj\u00e0 electr\u00f2nic podran presentar la sol\u00b7licitud en format paper degudament complimentat. S\u2019haur\u00e0 de retornar a la secretaria de l\u2019escola dins el termini establert. Si necessiteu ajuda per la tramitaci\u00f3 haureu de demanar cita pr\u00e8via.<\/p>\n<p>Teniu tota la informaci\u00f3 sobre tramitaci\u00f3, documentaci\u00f3 necess\u00e0ria i llindars a la <a href=\"https:\/\/drive.google.com\/file\/d\/1gxVOBUdEOQBQhG2H98sjkuj5dYLWy8et\/view?usp=sharing\" target=\"_blank\" rel=\"noopener\"><strong>circular 25<\/strong><\/a>.<\/p>\n<p><a href=\"https:\/\/drive.google.com\/file\/d\/17p2T-Mxo3V0kE7o0Rz53KNq_8cIx0D4v\/view?usp=sharing\" target=\"_blank\" rel=\"noopener\"><strong>GUIA PER A COMPLETAR LA SOL\u00b7LICITUD -CAT<\/strong><\/a><\/p>\n<p><a href=\"https:\/\/drive.google.com\/file\/d\/18Xz2NElj23PKOEk17l99wrb4of1FN5Ro\/view?usp=sharing\" target=\"_blank\" rel=\"noopener\"><strong>PREGUNTES FREQ\u00dcENTS &#8211; CAT<\/strong><\/a><\/p>\n<p><a href=\"https:\/\/drive.google.com\/file\/d\/1Ue3izcH6j7KwkQO7RxAwsrLtNloknKEF\/view?usp=sharing\" target=\"_blank\" rel=\"noopener\">GUIA PER A COMPLETAR LA SOL\u00b7LICITUD -CAST<\/a><\/p>\n<p><a href=\"https:\/\/drive.google.com\/file\/d\/144YHOIIZk1y6Em5sNO7j-RHzDogZMZdE\/view?usp=sharing\" target=\"_blank\" rel=\"noopener\">PREGUNTES FREQ\u00dcENTS -CAST<\/a><\/p>\n<p><a href=\"https:\/\/www.elbaixllobregat.cat\/ajuts-menjador-2022-2023\" target=\"_blank\" rel=\"noopener\"><img loading=\"lazy\" decoding=\"async\" class=\"alignleft size-medium wp-image-17171\" src=\"https:\/\/agora.xtec.cat\/ceipcastellciuro\/wp-content\/uploads\/usu890\/2022\/04\/25-ajuts-Con-Comarcal-1-300x116.png\" alt=\"\" width=\"300\" height=\"116\" srcset=\"https:\/\/agora.xtec.cat\/ceipcastellciuro\/wp-content\/uploads\/usu890\/2022\/04\/25-ajuts-Con-Comarcal-1-300x116.png 300w, https:\/\/agora.xtec.cat\/ceipcastellciuro\/wp-content\/uploads\/usu890\/2022\/04\/25-ajuts-Con-Comarcal-1.png 753w\" sizes=\"auto, (max-width: 300px) 100vw, 300px\" \/><\/a><\/p>\n","protected":false},"excerpt":{"rendered":"<p><a href=\"https:\/\/agora.xtec.cat\/ceipcastellciuro\/wp-content\/uploads\/usu890\/2021\/05\/comer.png\"><br \/>\n<\/a>El Consell Comarcal ha publicat les bases de convocat\u00f2ria per a l\u2019atorgament d\u2019ajuts individuals de menjador per a la utilitzaci\u00f3 del servei escolar de menjador a l\u2019alumnat d\u2019ensenyaments obligatoris i de segon cicle d\u2019educaci\u00f3 infantil de centres educatius sufragats amb fons p\u00fablics per al&hellip;  <a href=\"https:\/\/agora.xtec.cat\/ceipcastellciuro\/general\/ajuts-menjador-22-23-consell-comarcal-i-ajuntament\/\" title=\"Read Ajuts Menjador 22-23 Consell Comarcal i Ajuntament\">Llegeix m\u00e9s\u00bb<\/a><\/p>\n","protected":false},"author":1,"featured_media":0,"comment_status":"open","ping_status":"closed","sticky":false,"template":"","format":"standard","meta":{"_bbp_topic_count":0,"_bbp_reply_count":0,"_bbp_total_topic_count":0,"_bbp_total_reply_count":0,"_bbp_voice_count":0,"_bbp_anonymous_reply_count":0,"_bbp_topic_count_hidden":0,"_bbp_reply_count_hidden":0,"_bbp_forum_subforum_count":0,"footnotes":""},"categories":[1,4],"tags":[],"class_list":["post-17157","post","type-post","status-publish","format-standard","hentry","category-general","category-portada"],"post_mailing_queue_ids":[],"_links":{"self":[{"href":"https:\/\/agora.xtec.cat\/ceipcastellciuro\/wp-json\/wp\/v2\/posts\/17157","targetHints":{"allow":["GET"]}}],"collection":[{"href":"https:\/\/agora.xtec.cat\/ceipcastellciuro\/wp-json\/wp\/v2\/posts"}],"about":[{"href":"https:\/\/agora.xtec.cat\/ceipcastellciuro\/wp-json\/wp\/v2\/types\/post"}],"author":[{"embeddable":true,"href":"https:\/\/agora.xtec.cat\/ceipcastellciuro\/wp-json\/wp\/v2\/users\/1"}],"replies":[{"embeddable":true,"href":"https:\/\/agora.xtec.cat\/ceipcastellciuro\/wp-json\/wp\/v2\/comments?post=17157"}],"version-history":[{"count":3,"href":"https:\/\/agora.xtec.cat\/ceipcastellciuro\/wp-json\/wp\/v2\/posts\/17157\/revisions"}],"predecessor-version":[{"id":17173,"href":"https:\/\/agora.xtec.cat\/ceipcastellciuro\/wp-json\/wp\/v2\/posts\/17157\/revisions\/17173"}],"wp:attachment":[{"href":"https:\/\/agora.xtec.cat\/ceipcastellciuro\/wp-json\/wp\/v2\/media?parent=17157"}],"wp:term":[{"taxonomy":"category","embeddable":true,"href":"https:\/\/agora.xtec.cat\/ceipcastellciuro\/wp-json\/wp\/v2\/categories?post=17157"},{"taxonomy":"post_tag","embeddable":true,"href":"https:\/\/agora.xtec.cat\/ceipcastellciuro\/wp-json\/wp\/v2\/tags?post=17157"}],"curies":[{"name":"wp","href":"https:\/\/api.w.org\/{rel}","templated":true}]}}