{"id":17112,"date":"2022-02-01T11:33:29","date_gmt":"2022-02-01T10:33:29","guid":{"rendered":"https:\/\/agora.xtec.cat\/ceipcastellciuro\/?p=17112"},"modified":"2022-03-04T12:55:21","modified_gmt":"2022-03-04T11:55:21","slug":"ja-tenim-nou-pati-a-infantil","status":"publish","type":"post","link":"https:\/\/agora.xtec.cat\/ceipcastellciuro\/general\/ja-tenim-nou-pati-a-infantil\/","title":{"rendered":"Ja tenim nou pati a Infantil!"},"content":{"rendered":"<p>Estem molt contents i contentes de poder gaudir per fi del nou pati d&#8217;infantil. En ten\u00edem moltes ganes i ben segur que l&#8217;aprofitarem d&#8217;all\u00f2 m\u00e9s!<\/p>\n<p>Mireu al nostre bloc tot el que us expliquem sobre el nou pati!: <a href=\"https:\/\/blocs.xtec.cat\/ciuroparvulari\/\">Bloc d&#8217;Educaci\u00f3 Infantil<\/a><\/p>\n","protected":false},"excerpt":{"rendered":"<p>Estem molt contents i contentes de poder gaudir per fi del nou pati d&#8217;infantil. En ten\u00edem moltes ganes i ben segur que l&#8217;aprofitarem d&#8217;all\u00f2 m\u00e9s!&hellip;  <a href=\"https:\/\/agora.xtec.cat\/ceipcastellciuro\/general\/ja-tenim-nou-pati-a-infantil\/\" title=\"Read Ja tenim nou pati a Infantil!\">Llegeix m\u00e9s\u00bb<\/a><\/p>\n","protected":false},"author":1,"featured_media":17113,"comment_status":"open","ping_status":"closed","sticky":false,"template":"","format":"standard","meta":{"_bbp_topic_count":0,"_bbp_reply_count":0,"_bbp_total_topic_count":0,"_bbp_total_reply_count":0,"_bbp_voice_count":0,"_bbp_anonymous_reply_count":0,"_bbp_topic_count_hidden":0,"_bbp_reply_count_hidden":0,"_bbp_forum_subforum_count":0,"footnotes":""},"categories":[1,10,4],"tags":[],"class_list":["post-17112","post","type-post","status-publish","format-standard","has-post-thumbnail","hentry","category-general","category-infantil","category-portada"],"post_mailing_queue_ids":[],"_links":{"self":[{"href":"https:\/\/agora.xtec.cat\/ceipcastellciuro\/wp-json\/wp\/v2\/posts\/17112","targetHints":{"allow":["GET"]}}],"collection":[{"href":"https:\/\/agora.xtec.cat\/ceipcastellciuro\/wp-json\/wp\/v2\/posts"}],"about":[{"href":"https:\/\/agora.xtec.cat\/ceipcastellciuro\/wp-json\/wp\/v2\/types\/post"}],"author":[{"embeddable":true,"href":"https:\/\/agora.xtec.cat\/ceipcastellciuro\/wp-json\/wp\/v2\/users\/1"}],"replies":[{"embeddable":true,"href":"https:\/\/agora.xtec.cat\/ceipcastellciuro\/wp-json\/wp\/v2\/comments?post=17112"}],"version-history":[{"count":1,"href":"https:\/\/agora.xtec.cat\/ceipcastellciuro\/wp-json\/wp\/v2\/posts\/17112\/revisions"}],"predecessor-version":[{"id":17114,"href":"https:\/\/agora.xtec.cat\/ceipcastellciuro\/wp-json\/wp\/v2\/posts\/17112\/revisions\/17114"}],"wp:featuredmedia":[{"embeddable":true,"href":"https:\/\/agora.xtec.cat\/ceipcastellciuro\/wp-json\/wp\/v2\/media\/17113"}],"wp:attachment":[{"href":"https:\/\/agora.xtec.cat\/ceipcastellciuro\/wp-json\/wp\/v2\/media?parent=17112"}],"wp:term":[{"taxonomy":"category","embeddable":true,"href":"https:\/\/agora.xtec.cat\/ceipcastellciuro\/wp-json\/wp\/v2\/categories?post=17112"},{"taxonomy":"post_tag","embeddable":true,"href":"https:\/\/agora.xtec.cat\/ceipcastellciuro\/wp-json\/wp\/v2\/tags?post=17112"}],"curies":[{"name":"wp","href":"https:\/\/api.w.org\/{rel}","templated":true}]}}