{"id":17044,"date":"2021-12-14T21:22:19","date_gmt":"2021-12-14T20:22:19","guid":{"rendered":"https:\/\/agora.xtec.cat\/ceipcastellciuro\/?p=17044"},"modified":"2021-12-21T23:09:43","modified_gmt":"2021-12-21T22:09:43","slug":"final-de-trimestre","status":"publish","type":"post","link":"https:\/\/agora.xtec.cat\/ceipcastellciuro\/general\/final-de-trimestre\/","title":{"rendered":"Final de trimestre"},"content":{"rendered":"<pre><img loading=\"lazy\" decoding=\"async\" class=\"wp-image-17045 aligncenter\" src=\"https:\/\/agora.xtec.cat\/ceipcastellciuro\/wp-content\/uploads\/usu890\/2021\/12\/ball-xmas-300x300.png\" alt=\"\" width=\"76\" height=\"76\" srcset=\"https:\/\/agora.xtec.cat\/ceipcastellciuro\/wp-content\/uploads\/usu890\/2021\/12\/ball-xmas-300x300.png 300w, https:\/\/agora.xtec.cat\/ceipcastellciuro\/wp-content\/uploads\/usu890\/2021\/12\/ball-xmas-150x150.png 150w, https:\/\/agora.xtec.cat\/ceipcastellciuro\/wp-content\/uploads\/usu890\/2021\/12\/ball-xmas.png 512w\" sizes=\"auto, (max-width: 76px) 100vw, 76px\" \/>\r\n\r\n\r\n<\/pre>\n<p><strong>CONCERT DE NADAL<\/strong><br \/>\nS\u2019acosta el final de trimestre, i la situaci\u00f3 epidemiol\u00f2gica est\u00e0 sent complicada al centre.<br \/>\n\u00c9s per aix\u00f2 que les celebracions corresponents al final de trimestre i Nadal hauran de ser de forma interna. Els nens i les nenes estan preparant el concert amb il\u00b7lusi\u00f3 per oferir-lo a les fam\u00edlies, per\u00f2, com l&#8217;any anterior,\u00a0haur\u00e0 de ser mitjan\u00e7ant una gravaci\u00f3, que ser\u00e0 compartida al drive dels cicles.<\/p>\n<p><strong>LLIURAMENT D\u2019INFORMES D\u2019AVALUACI\u00d3<\/strong><br \/>\nEl proper dia 22 de desembre \u00e9s l\u2019\u00faltim dia del trimestre, i l\u2019horari \u00e9s de jornada continuada.<br \/>\n\u2022 Hi haur\u00e0 Ti\u00f3 a Ed. Infantil i C. Inicial i Amic Invisible al C. Mitj\u00e0 i Superior, mantenint grups estables.<br \/>\n\u2022 L\u2019activitat escolar acabar\u00e0 a les 13h (jornada intensiva).<br \/>\n\u2022 El menjador finalitzar\u00e0 a les 15.30h.<\/p>\n<ul>\n<li>El transport sortir\u00e0 de l&#8217;escola\u00a0 a les 15:40, i arribar\u00e0 a les parades una hora abans del que \u00e9s habitual.<\/li>\n<\/ul>\n<p>El lliurament d\u2019informes es far\u00e0 a trav\u00e9s del correu electr\u00f2nic. Cada tutor\/a us els far\u00e0 arribar el dia 22 a partir del migdia.<\/p>\n<p><a href=\"https:\/\/drive.google.com\/file\/d\/1B4S6rXVDW5INwtORFxvndlim2bb2d2ly\/view?usp=sharing\" target=\"_blank\" rel=\"noopener\">Circular 12<\/a><\/p>\n<p><sub>Imatge: Freepik a www.flaticon.com <\/sub><\/p>\n","protected":false},"excerpt":{"rendered":"<p>CONCERT DE NADAL<br \/>\nS\u2019acosta el final de trimestre, i la situaci\u00f3 epidemiol\u00f2gica est\u00e0 sent complicada al centre.<br \/>\n\u00c9s per aix\u00f2 que les celebracions corresponents al final de trimestre i Nadal hauran de ser de forma interna. Els nens i les nenes estan preparant el concert amb il\u00b7lusi\u00f3&hellip;  <a href=\"https:\/\/agora.xtec.cat\/ceipcastellciuro\/general\/final-de-trimestre\/\" title=\"Read Final de trimestre\">Llegeix m\u00e9s\u00bb<\/a><\/p>\n","protected":false},"author":1,"featured_media":0,"comment_status":"open","ping_status":"closed","sticky":false,"template":"","format":"standard","meta":{"_bbp_topic_count":0,"_bbp_reply_count":0,"_bbp_total_topic_count":0,"_bbp_total_reply_count":0,"_bbp_voice_count":0,"_bbp_anonymous_reply_count":0,"_bbp_topic_count_hidden":0,"_bbp_reply_count_hidden":0,"_bbp_forum_subforum_count":0,"footnotes":""},"categories":[1,4],"tags":[],"class_list":["post-17044","post","type-post","status-publish","format-standard","hentry","category-general","category-portada"],"post_mailing_queue_ids":[],"_links":{"self":[{"href":"https:\/\/agora.xtec.cat\/ceipcastellciuro\/wp-json\/wp\/v2\/posts\/17044","targetHints":{"allow":["GET"]}}],"collection":[{"href":"https:\/\/agora.xtec.cat\/ceipcastellciuro\/wp-json\/wp\/v2\/posts"}],"about":[{"href":"https:\/\/agora.xtec.cat\/ceipcastellciuro\/wp-json\/wp\/v2\/types\/post"}],"author":[{"embeddable":true,"href":"https:\/\/agora.xtec.cat\/ceipcastellciuro\/wp-json\/wp\/v2\/users\/1"}],"replies":[{"embeddable":true,"href":"https:\/\/agora.xtec.cat\/ceipcastellciuro\/wp-json\/wp\/v2\/comments?post=17044"}],"version-history":[{"count":4,"href":"https:\/\/agora.xtec.cat\/ceipcastellciuro\/wp-json\/wp\/v2\/posts\/17044\/revisions"}],"predecessor-version":[{"id":17074,"href":"https:\/\/agora.xtec.cat\/ceipcastellciuro\/wp-json\/wp\/v2\/posts\/17044\/revisions\/17074"}],"wp:attachment":[{"href":"https:\/\/agora.xtec.cat\/ceipcastellciuro\/wp-json\/wp\/v2\/media?parent=17044"}],"wp:term":[{"taxonomy":"category","embeddable":true,"href":"https:\/\/agora.xtec.cat\/ceipcastellciuro\/wp-json\/wp\/v2\/categories?post=17044"},{"taxonomy":"post_tag","embeddable":true,"href":"https:\/\/agora.xtec.cat\/ceipcastellciuro\/wp-json\/wp\/v2\/tags?post=17044"}],"curies":[{"name":"wp","href":"https:\/\/api.w.org\/{rel}","templated":true}]}}