{"id":17027,"date":"2021-11-02T19:16:18","date_gmt":"2021-11-02T18:16:18","guid":{"rendered":"https:\/\/agora.xtec.cat\/ceipcastellciuro\/?p=17027"},"modified":"2021-12-14T21:26:12","modified_gmt":"2021-12-14T20:26:12","slug":"eleccions-al-consell-escolar-2021","status":"publish","type":"post","link":"https:\/\/agora.xtec.cat\/ceipcastellciuro\/general\/eleccions-al-consell-escolar-2021\/","title":{"rendered":"ELECCIONS AL CONSELL ESCOLAR 2021"},"content":{"rendered":"<p><a href=\"https:\/\/agora.xtec.cat\/ceipcastellciuro\/wp-content\/uploads\/usu890\/2021\/11\/Cartell-petit-CONSELL-ESCOLAR.jpg\"><img loading=\"lazy\" decoding=\"async\" class=\"size-full wp-image-17029 alignright\" src=\"https:\/\/agora.xtec.cat\/ceipcastellciuro\/wp-content\/uploads\/usu890\/2021\/11\/Cartell-petit-CONSELL-ESCOLAR.jpg\" alt=\"\" width=\"200\" height=\"288\" \/><\/a>Durant el mes de novembre es porta\u00a0 a terme el proc\u00e9s de renovaci\u00f3 del Consell Escolar, que \u00e9s <strong>l&#8217;\u00f2rgan col\u00b7legiat de participaci\u00f3 de la comunitat escolar en el govern del centre<\/strong>. En el consell escolar hi ha representats tots els col\u00b7lectius que intervenen en la comunitat educativa: professorat, fam\u00edlies, personal d&#8217;administraci\u00f3 i serveis, equip directiu de l\u2019escola, representants de l\u2019AFA i de l\u2019ajuntament.<\/p>\n<p>Atenci\u00f3\u00a0 al calendari del proc\u00e9s:<\/p>\n<ul>\n<li style=\"line-height: 150%;\"><span style=\"font-family: 'Arial',sans-serif;\">2 de novembre de 2021 publicaci\u00f3 del cens electoral de cada sector (a la porta interior)<\/span><\/li>\n<li style=\"line-height: 150%;\"><span style=\"font-family: 'Arial',sans-serif;\">del 3 al 8 de novembre 2021: reclamacions al cens electoral.<\/span><\/li>\n<li style=\"line-height: 150%;\"><span style=\"font-family: 'Arial',sans-serif;\">9 de novembre 2021:publicaci\u00f3 dels cens definitiu.<\/span><\/li>\n<li style=\"line-height: 150%;\"><span style=\"font-family: 'Arial',sans-serif;\">9 de novembre 2021:sorteig per tal de designar els membres vocals de les meses electorals.<\/span><\/li>\n<li style=\"line-height: 150%;\"><span style=\"font-family: 'Arial',sans-serif;\">11 de novembre 2021: constituci\u00f3 de les meses electorals<\/span><\/li>\n<li style=\"line-height: 150%;\"><span style=\"font-family: 'Arial',sans-serif;\"><strong>fins el 18 de novembre 2021 presentaci\u00f3 de candidatures<\/strong>.<\/span><\/li>\n<li style=\"line-height: 150%;\"><span style=\"font-family: 'Arial',sans-serif;\">dimarts 23 de novembre 2021 votacions sector pas (personal d\u2019administraci\u00f3 i serveis).<\/span><\/li>\n<li style=\"line-height: 150%;\"><span style=\"font-family: 'Arial',sans-serif;\">dijous 25 de novembre 2021 votacions sector mestres.<\/span><\/li>\n<li style=\"line-height: 150%;\"><span style=\"font-family: 'Arial',sans-serif;\"><strong>dijous 25 de novembre 2021 votacions sector pares i mares<\/strong>. <\/span><\/li>\n<li style=\"line-height: 150%;\"><span style=\"font-family: 'Arial',sans-serif;\"><strong>dimarts 14 de desembre 2021 CONSTITUCI\u00d3 DEL NOU CONSELL ESCOLAR<\/strong>.<\/span><\/li>\n<\/ul>\n<p style=\"margin: 0cm; line-height: 150%;\"><span style=\"font-family: 'Arial',sans-serif;\">PER M\u00c9S INFORMACI\u00d3: <\/span><\/p>\n<p style=\"margin: 0cm; line-height: 150%;\"><span style=\"font-family: 'Arial',sans-serif;\"><a href=\"https:\/\/educacio.gencat.cat\/ca\/arees-actuacio\/families\/recursos\/recomanacions\/eleccions-consells-escolars\/\" target=\"_blank\" rel=\"noopener\">https:\/\/educacio.gencat.cat\/ca\/arees-actuacio\/families\/recursos\/recomanacions\/eleccions-consells-escolars\/<\/a><\/span><\/p>\n<p><a href=\"https:\/\/drive.google.com\/file\/d\/1s9bcORzpJ9u2fHVg9w-3q0HjgFE6cj-9\/view\" target=\"_blank\" rel=\"noopener\">Circular 07\u00a0<\/a>\u00a0 \u00a0\/\/\u00a0 \u00a0<a href=\"https:\/\/drive.google.com\/file\/d\/1yiNhX_XoaKn6ZAVCcBEjAwdOosWM4FDl\/view\" target=\"_blank\" rel=\"noopener\">Circular 09\u00a0<\/a>\u00a0 \u00a0\/\/\u00a0 \u00a0 <a href=\"https:\/\/drive.google.com\/file\/d\/1_Prk0PSeTnshNHWwWQX0swWEuNnpSinn\/view?usp=sharing\" target=\"_blank\" rel=\"noopener\">Circular 10<\/a><\/p>\n","protected":false},"excerpt":{"rendered":"<p><a href=\"https:\/\/agora.xtec.cat\/ceipcastellciuro\/wp-content\/uploads\/usu890\/2021\/11\/Cartell-petit-CONSELL-ESCOLAR.jpg\"><\/a>Durant el mes de novembre es porta\u00a0 a terme el proc\u00e9s de renovaci\u00f3 del Consell Escolar, que \u00e9s l&#8217;\u00f2rgan col\u00b7legiat de participaci\u00f3 de la comunitat escolar en el govern del centre. En el consell escolar hi ha representats tots els col\u00b7lectius que intervenen en&hellip;  <a href=\"https:\/\/agora.xtec.cat\/ceipcastellciuro\/general\/eleccions-al-consell-escolar-2021\/\" title=\"Read ELECCIONS AL CONSELL ESCOLAR 2021\">Llegeix m\u00e9s\u00bb<\/a><\/p>\n","protected":false},"author":1,"featured_media":0,"comment_status":"open","ping_status":"closed","sticky":false,"template":"","format":"standard","meta":{"_bbp_topic_count":0,"_bbp_reply_count":0,"_bbp_total_topic_count":0,"_bbp_total_reply_count":0,"_bbp_voice_count":0,"_bbp_anonymous_reply_count":0,"_bbp_topic_count_hidden":0,"_bbp_reply_count_hidden":0,"_bbp_forum_subforum_count":0,"footnotes":""},"categories":[1,4],"tags":[],"class_list":["post-17027","post","type-post","status-publish","format-standard","hentry","category-general","category-portada"],"post_mailing_queue_ids":[],"_links":{"self":[{"href":"https:\/\/agora.xtec.cat\/ceipcastellciuro\/wp-json\/wp\/v2\/posts\/17027","targetHints":{"allow":["GET"]}}],"collection":[{"href":"https:\/\/agora.xtec.cat\/ceipcastellciuro\/wp-json\/wp\/v2\/posts"}],"about":[{"href":"https:\/\/agora.xtec.cat\/ceipcastellciuro\/wp-json\/wp\/v2\/types\/post"}],"author":[{"embeddable":true,"href":"https:\/\/agora.xtec.cat\/ceipcastellciuro\/wp-json\/wp\/v2\/users\/1"}],"replies":[{"embeddable":true,"href":"https:\/\/agora.xtec.cat\/ceipcastellciuro\/wp-json\/wp\/v2\/comments?post=17027"}],"version-history":[{"count":4,"href":"https:\/\/agora.xtec.cat\/ceipcastellciuro\/wp-json\/wp\/v2\/posts\/17027\/revisions"}],"predecessor-version":[{"id":17039,"href":"https:\/\/agora.xtec.cat\/ceipcastellciuro\/wp-json\/wp\/v2\/posts\/17027\/revisions\/17039"}],"wp:attachment":[{"href":"https:\/\/agora.xtec.cat\/ceipcastellciuro\/wp-json\/wp\/v2\/media?parent=17027"}],"wp:term":[{"taxonomy":"category","embeddable":true,"href":"https:\/\/agora.xtec.cat\/ceipcastellciuro\/wp-json\/wp\/v2\/categories?post=17027"},{"taxonomy":"post_tag","embeddable":true,"href":"https:\/\/agora.xtec.cat\/ceipcastellciuro\/wp-json\/wp\/v2\/tags?post=17027"}],"curies":[{"name":"wp","href":"https:\/\/api.w.org\/{rel}","templated":true}]}}