{"id":16978,"date":"2021-06-04T08:49:43","date_gmt":"2021-06-04T06:49:43","guid":{"rendered":"http:\/\/agora.xtec.cat\/ceipcastellciuro\/?p=16978"},"modified":"2021-06-04T08:50:57","modified_gmt":"2021-06-04T06:50:57","slug":"jornada-intensiva","status":"publish","type":"post","link":"https:\/\/agora.xtec.cat\/ceipcastellciuro\/general\/jornada-intensiva\/","title":{"rendered":"Jornada intensiva"},"content":{"rendered":"<p><a href=\"https:\/\/agora.xtec.cat\/ceipcastellciuro\/wp-content\/uploads\/usu890\/2021\/06\/calendario.png\"><img loading=\"lazy\" decoding=\"async\" class=\"wp-image-16979 aligncenter\" src=\"https:\/\/agora.xtec.cat\/ceipcastellciuro\/wp-content\/uploads\/usu890\/2021\/06\/calendario.png\" alt=\"\" width=\"84\" height=\"87\" \/><\/a><\/p>\n<p><strong>Del dilluns 7 al dimarts 22 de juny l\u2019escola far\u00e0 jornada Intensiva.<\/strong><br \/>\nServei d\u2019acollida matinal, de 7:30 a 9:00\/9:10h (extraescolar), com durant tot el curs.<\/p>\n<ul>\n<li>P4, P5, 1r, 3r i 5\u00e8 de 9h a 13h.<\/li>\n<li>P3, 2n, 4t i 6\u00e8 de 9:10h a 13:10h.<\/li>\n<li>Tot l\u2019alumnat sortir\u00e0 per les mateixes portes que ho fan durant tot l\u2019any, en funci\u00f3 del curs que facin: 1r, 4t, 5\u00e8A i B i 6\u00e8A, per la porta de l\u2019aparcament; 2n, 3r, 5\u00e8C i 6\u00e8B, per la porta principal i Infantil per la porta de les pistes.<\/li>\n<\/ul>\n<p>L\u2019horari del menjador ser\u00e0 el seg\u00fcent:<\/p>\n<ul>\n<li>P4, P5, 1r, 3r i 5\u00e8 de 13h a 15:30h.<\/li>\n<li>P3, 2n, 4t i 6\u00e8 de 13:10h a 15:40h.<\/li>\n<li>Les monitores de menjador acompanyaran els i les alumnes fins a les portes corresponents, les mateixes que al llarg de tot el curs, tal i com hem indicat anteriorment.<\/li>\n<\/ul>\n<p>Es far\u00e0 servei d\u2019acollida despr\u00e9s de dinar de 15.30 o 15:40 fins a les 16.30h (extraescolar organitzada per l\u2019AMPA), per aquelles fam\u00edlies que h\u00e0giu formalitzat la inscripci\u00f3.<\/p>\n<p>A les 16:30, les monitores acompanyaran els i les alumnes fins a les portes corresponents, les mateixes que al llarg de tot el curs.<\/p>\n","protected":false},"excerpt":{"rendered":"<p><a href=\"https:\/\/agora.xtec.cat\/ceipcastellciuro\/wp-content\/uploads\/usu890\/2021\/06\/calendario.png\"><\/a><br \/>\nDel dilluns 7 al dimarts 22 de juny l\u2019escola far\u00e0 jornada Intensiva.<br \/>\nServei d\u2019acollida matinal, de 7:30 a 9:00\/9:10h (extraescolar), com durant tot el curs.<\/p>\n<ul>\n<li>P4, P5, 1r, 3r i 5\u00e8 de 9h a 13h.<\/li>\n<li>P3, 2n, 4t i 6\u00e8 de 9:10h a 13:10h.<\/li>\n<li>Tot l\u2019alumnat sortir\u00e0 per&hellip;  <a href=\"https:\/\/agora.xtec.cat\/ceipcastellciuro\/general\/jornada-intensiva\/\" title=\"Read Jornada intensiva\">Llegeix m\u00e9s\u00bb<\/a><br \/>\n","protected":false},"author":1,"featured_media":0,"comment_status":"open","ping_status":"closed","sticky":false,"template":"","format":"standard","meta":{"_bbp_topic_count":0,"_bbp_reply_count":0,"_bbp_total_topic_count":0,"_bbp_total_reply_count":0,"_bbp_voice_count":0,"_bbp_anonymous_reply_count":0,"_bbp_topic_count_hidden":0,"_bbp_reply_count_hidden":0,"_bbp_forum_subforum_count":0,"footnotes":""},"categories":[1,4],"tags":[],"class_list":["post-16978","post","type-post","status-publish","format-standard","hentry","category-general","category-portada"],"post_mailing_queue_ids":[],"_links":{"self":[{"href":"https:\/\/agora.xtec.cat\/ceipcastellciuro\/wp-json\/wp\/v2\/posts\/16978","targetHints":{"allow":["GET"]}}],"collection":[{"href":"https:\/\/agora.xtec.cat\/ceipcastellciuro\/wp-json\/wp\/v2\/posts"}],"about":[{"href":"https:\/\/agora.xtec.cat\/ceipcastellciuro\/wp-json\/wp\/v2\/types\/post"}],"author":[{"embeddable":true,"href":"https:\/\/agora.xtec.cat\/ceipcastellciuro\/wp-json\/wp\/v2\/users\/1"}],"replies":[{"embeddable":true,"href":"https:\/\/agora.xtec.cat\/ceipcastellciuro\/wp-json\/wp\/v2\/comments?post=16978"}],"version-history":[{"count":2,"href":"https:\/\/agora.xtec.cat\/ceipcastellciuro\/wp-json\/wp\/v2\/posts\/16978\/revisions"}],"predecessor-version":[{"id":16981,"href":"https:\/\/agora.xtec.cat\/ceipcastellciuro\/wp-json\/wp\/v2\/posts\/16978\/revisions\/16981"}],"wp:attachment":[{"href":"https:\/\/agora.xtec.cat\/ceipcastellciuro\/wp-json\/wp\/v2\/media?parent=16978"}],"wp:term":[{"taxonomy":"category","embeddable":true,"href":"https:\/\/agora.xtec.cat\/ceipcastellciuro\/wp-json\/wp\/v2\/categories?post=16978"},{"taxonomy":"post_tag","embeddable":true,"href":"https:\/\/agora.xtec.cat\/ceipcastellciuro\/wp-json\/wp\/v2\/tags?post=16978"}],"curies":[{"name":"wp","href":"https:\/\/api.w.org\/{rel}","templated":true}]}}