{"id":16852,"date":"2021-02-12T17:28:44","date_gmt":"2021-02-12T16:28:44","guid":{"rendered":"http:\/\/agora.xtec.cat\/ceipcastellciuro\/?p=16852"},"modified":"2021-03-10T09:30:59","modified_gmt":"2021-03-10T08:30:59","slug":"20a-setmana-mediambiental","status":"publish","type":"post","link":"https:\/\/agora.xtec.cat\/ceipcastellciuro\/general\/20a-setmana-mediambiental\/","title":{"rendered":"20a Setmana Mediambiental"},"content":{"rendered":"<p><a href=\"https:\/\/agora.xtec.cat\/ceipcastellciuro\/wp-content\/uploads\/usu890\/2021\/02\/el-planeta-tierra.png\"><img loading=\"lazy\" decoding=\"async\" class=\"alignnone  wp-image-16902 aligncenter\" src=\"https:\/\/agora.xtec.cat\/ceipcastellciuro\/wp-content\/uploads\/usu890\/2021\/02\/el-planeta-tierra.png\" alt=\"\" width=\"92\" height=\"92\" srcset=\"https:\/\/agora.xtec.cat\/ceipcastellciuro\/wp-content\/uploads\/usu890\/2021\/02\/el-planeta-tierra.png 512w, https:\/\/agora.xtec.cat\/ceipcastellciuro\/wp-content\/uploads\/usu890\/2021\/02\/el-planeta-tierra-150x150.png 150w, https:\/\/agora.xtec.cat\/ceipcastellciuro\/wp-content\/uploads\/usu890\/2021\/02\/el-planeta-tierra-300x300.png 300w\" sizes=\"auto, (max-width: 92px) 100vw, 92px\" \/><\/a><\/p>\n<p>Del 16 al 19 de febrer celebrem la 20a edici\u00f3 de la Setmana Mediambiental. Aquest any el lema \u00e9s <strong>LA NATURA I L&#8217;ACCI\u00d3 HUMANA A LA MEVA VILA<\/strong>, i volem reflexionar sobre com ens agradaria que fossin els espais lliures a la nostra vila.<\/p>\n<p>Farem un munt d&#8217;activitats com:<br \/>\n&#8211; Activitats de reflexi\u00f3 i de propostes, de com volem que siguin els espais lliures de la nostra vila.<br \/>\n&#8211; Descobrir com des de l\u2019escola podem col\u00b7laborar per a un m\u00f3n millor.<br \/>\n&#8211; Treball del dec\u00e0leg mediambiental de l\u2019escola.<br \/>\n&#8211; Tallers 4R (reduir, reutilitzar, reparar i reciclar).<br \/>\n&#8211; Tallers de l\u2019Escola de Consum.<br \/>\n&#8211; Cultivar a l\u2019hort de l\u2019escola.<br \/>\n&#8211; Educaci\u00f3 F\u00edsica: activitat a prim\u00e0ria amb patins o patinets.<br \/>\n&#8211; Treballs de jardineria del pati d&#8217;infantil i entorn de la bassa.<\/p>\n<p>Aquest any l&#8217;ACTE CONJUNT el farem de manera telem\u00e0tica.<\/p>\n","protected":false},"excerpt":{"rendered":"<p><a href=\"https:\/\/agora.xtec.cat\/ceipcastellciuro\/wp-content\/uploads\/usu890\/2021\/02\/el-planeta-tierra.png\"><\/a><br \/>\nDel 16 al 19 de febrer celebrem la 20a edici\u00f3 de la Setmana Mediambiental. Aquest any el lema \u00e9s LA NATURA I L&#8217;ACCI\u00d3 HUMANA A LA MEVA VILA, i volem reflexionar sobre com ens agradaria que fossin els espais lliures a la nostra vila.<br \/>\nFarem&hellip;  <a href=\"https:\/\/agora.xtec.cat\/ceipcastellciuro\/general\/20a-setmana-mediambiental\/\" title=\"Read 20a Setmana Mediambiental\">Llegeix m\u00e9s\u00bb<\/a><\/p>\n","protected":false},"author":1,"featured_media":0,"comment_status":"open","ping_status":"closed","sticky":false,"template":"","format":"standard","meta":{"_bbp_topic_count":0,"_bbp_reply_count":0,"_bbp_total_topic_count":0,"_bbp_total_reply_count":0,"_bbp_voice_count":0,"_bbp_anonymous_reply_count":0,"_bbp_topic_count_hidden":0,"_bbp_reply_count_hidden":0,"_bbp_forum_subforum_count":0,"footnotes":""},"categories":[1,4],"tags":[],"class_list":["post-16852","post","type-post","status-publish","format-standard","hentry","category-general","category-portada"],"post_mailing_queue_ids":[],"_links":{"self":[{"href":"https:\/\/agora.xtec.cat\/ceipcastellciuro\/wp-json\/wp\/v2\/posts\/16852","targetHints":{"allow":["GET"]}}],"collection":[{"href":"https:\/\/agora.xtec.cat\/ceipcastellciuro\/wp-json\/wp\/v2\/posts"}],"about":[{"href":"https:\/\/agora.xtec.cat\/ceipcastellciuro\/wp-json\/wp\/v2\/types\/post"}],"author":[{"embeddable":true,"href":"https:\/\/agora.xtec.cat\/ceipcastellciuro\/wp-json\/wp\/v2\/users\/1"}],"replies":[{"embeddable":true,"href":"https:\/\/agora.xtec.cat\/ceipcastellciuro\/wp-json\/wp\/v2\/comments?post=16852"}],"version-history":[{"count":3,"href":"https:\/\/agora.xtec.cat\/ceipcastellciuro\/wp-json\/wp\/v2\/posts\/16852\/revisions"}],"predecessor-version":[{"id":16903,"href":"https:\/\/agora.xtec.cat\/ceipcastellciuro\/wp-json\/wp\/v2\/posts\/16852\/revisions\/16903"}],"wp:attachment":[{"href":"https:\/\/agora.xtec.cat\/ceipcastellciuro\/wp-json\/wp\/v2\/media?parent=16852"}],"wp:term":[{"taxonomy":"category","embeddable":true,"href":"https:\/\/agora.xtec.cat\/ceipcastellciuro\/wp-json\/wp\/v2\/categories?post=16852"},{"taxonomy":"post_tag","embeddable":true,"href":"https:\/\/agora.xtec.cat\/ceipcastellciuro\/wp-json\/wp\/v2\/tags?post=16852"}],"curies":[{"name":"wp","href":"https:\/\/api.w.org\/{rel}","templated":true}]}}