{"id":16829,"date":"2021-02-07T11:41:34","date_gmt":"2021-02-07T10:41:34","guid":{"rendered":"http:\/\/agora.xtec.cat\/ceipcastellciuro\/?p=16829"},"modified":"2021-02-07T11:46:05","modified_gmt":"2021-02-07T10:46:05","slug":"concurs-de-cartells-per-lescola-publica","status":"publish","type":"post","link":"https:\/\/agora.xtec.cat\/ceipcastellciuro\/general\/concurs-de-cartells-per-lescola-publica\/","title":{"rendered":"Concurs de cartells per l&#8217;escola p\u00fablica"},"content":{"rendered":"<p><a href=\"https:\/\/agora.xtec.cat\/ceipcastellciuro\/wp-content\/uploads\/usu890\/2021\/02\/Logo-Creix-amb-la-P\u00fablica_sense-fons_nom\u00e9s-nens.png\"><img loading=\"lazy\" decoding=\"async\" class=\"wp-image-16832 aligncenter\" src=\"https:\/\/agora.xtec.cat\/ceipcastellciuro\/wp-content\/uploads\/usu890\/2021\/02\/Logo-Creix-amb-la-P\u00fablica_sense-fons_nom\u00e9s-nens-749x1024.png\" alt=\"\" width=\"91\" height=\"120\" \/><\/a><\/p>\n<p>S\u2019apropen les preinscripcions i des de l\u2019Assemblea Groga de Molins volen promoure que les fam\u00edlies tri\u00efn educaci\u00f3 p\u00fablica. Amb aquest objectiu, organitzen el concurs de cartells \u201cVine a l\u2019escola p\u00fablica a Molins\u201d.<br \/>\n<strong>Qui pot participar?<\/strong><br \/>\nL\u2019alumnat de cinqu\u00e8 i sis\u00e8 d\u2019Educaci\u00f3 Prim\u00e0ria i d\u2019Educaci\u00f3 Secund\u00e0ria de qualsevol centre p\u00fablic de Molins de Rei.<br \/>\n<strong>Data l\u00edmit:<\/strong><br \/>\nDiumenge 14 de febrer.<br \/>\nAqu\u00ed trobareu l&#8217;enlla\u00e7 a les <a href=\"https:\/\/drive.google.com\/file\/d\/1kx9GNhwr7JP8boi2Hx4rKzs3v-ToMFDa\/view\" target=\"_blank\" rel=\"noopener noreferrer\"><span style=\"color: #008000;\"><strong>bases del concurs<\/strong><\/span><\/a>.<\/p>\n<p>La finalitat darrera \u00e9s fer servir el treball guanyador per la campanya de promoci\u00f3 de l\u2019escola p\u00fablica.<br \/>\nPer cert, hi haur\u00e0 un regal pel treball guanyador (una tablet).<\/p>\n","protected":false},"excerpt":{"rendered":"<p><a href=\"https:\/\/agora.xtec.cat\/ceipcastellciuro\/wp-content\/uploads\/usu890\/2021\/02\/Logo-Creix-amb-la-P\u00fablica_sense-fons_nom\u00e9s-nens.png\"><\/a><br \/>\nS\u2019apropen les preinscripcions i des de l\u2019Assemblea Groga de Molins volen promoure que les fam\u00edlies tri\u00efn educaci\u00f3 p\u00fablica. Amb aquest objectiu, organitzen el concurs de cartells \u201cVine a l\u2019escola p\u00fablica a Molins\u201d.<br \/>\nQui pot participar?<br \/>\nL\u2019alumnat de cinqu\u00e8 i sis\u00e8 d\u2019Educaci\u00f3 Prim\u00e0ria i d\u2019Educaci\u00f3 Secund\u00e0ria de&hellip;  <a href=\"https:\/\/agora.xtec.cat\/ceipcastellciuro\/general\/concurs-de-cartells-per-lescola-publica\/\" title=\"Read Concurs de cartells per l&#8217;escola p\u00fablica\">Llegeix m\u00e9s\u00bb<\/a><\/p>\n","protected":false},"author":1,"featured_media":0,"comment_status":"open","ping_status":"closed","sticky":false,"template":"","format":"standard","meta":{"_bbp_topic_count":0,"_bbp_reply_count":0,"_bbp_total_topic_count":0,"_bbp_total_reply_count":0,"_bbp_voice_count":0,"_bbp_anonymous_reply_count":0,"_bbp_topic_count_hidden":0,"_bbp_reply_count_hidden":0,"_bbp_forum_subforum_count":0,"footnotes":""},"categories":[1,4],"tags":[],"class_list":["post-16829","post","type-post","status-publish","format-standard","hentry","category-general","category-portada"],"post_mailing_queue_ids":[],"_links":{"self":[{"href":"https:\/\/agora.xtec.cat\/ceipcastellciuro\/wp-json\/wp\/v2\/posts\/16829","targetHints":{"allow":["GET"]}}],"collection":[{"href":"https:\/\/agora.xtec.cat\/ceipcastellciuro\/wp-json\/wp\/v2\/posts"}],"about":[{"href":"https:\/\/agora.xtec.cat\/ceipcastellciuro\/wp-json\/wp\/v2\/types\/post"}],"author":[{"embeddable":true,"href":"https:\/\/agora.xtec.cat\/ceipcastellciuro\/wp-json\/wp\/v2\/users\/1"}],"replies":[{"embeddable":true,"href":"https:\/\/agora.xtec.cat\/ceipcastellciuro\/wp-json\/wp\/v2\/comments?post=16829"}],"version-history":[{"count":3,"href":"https:\/\/agora.xtec.cat\/ceipcastellciuro\/wp-json\/wp\/v2\/posts\/16829\/revisions"}],"predecessor-version":[{"id":16834,"href":"https:\/\/agora.xtec.cat\/ceipcastellciuro\/wp-json\/wp\/v2\/posts\/16829\/revisions\/16834"}],"wp:attachment":[{"href":"https:\/\/agora.xtec.cat\/ceipcastellciuro\/wp-json\/wp\/v2\/media?parent=16829"}],"wp:term":[{"taxonomy":"category","embeddable":true,"href":"https:\/\/agora.xtec.cat\/ceipcastellciuro\/wp-json\/wp\/v2\/categories?post=16829"},{"taxonomy":"post_tag","embeddable":true,"href":"https:\/\/agora.xtec.cat\/ceipcastellciuro\/wp-json\/wp\/v2\/tags?post=16829"}],"curies":[{"name":"wp","href":"https:\/\/api.w.org\/{rel}","templated":true}]}}