{"id":16779,"date":"2021-01-30T19:16:42","date_gmt":"2021-01-30T18:16:42","guid":{"rendered":"http:\/\/agora.xtec.cat\/ceipcastellciuro\/?p=16779"},"modified":"2021-07-05T12:09:55","modified_gmt":"2021-07-05T10:09:55","slug":"preinscripcio-curs-21-22","status":"publish","type":"post","link":"https:\/\/agora.xtec.cat\/ceipcastellciuro\/general\/preinscripcio-curs-21-22\/","title":{"rendered":"Preinscripci\u00f3 curs 21-22"},"content":{"rendered":"<p><a href=\"https:\/\/agora.xtec.cat\/ceipcastellciuro\/wp-content\/uploads\/usu890\/2021\/03\/banner-verd-preins-web-centres-copia.jpg\"><img loading=\"lazy\" decoding=\"async\" class=\"alignnone size-full wp-image-16931\" src=\"https:\/\/agora.xtec.cat\/ceipcastellciuro\/wp-content\/uploads\/usu890\/2021\/03\/banner-verd-preins-web-centres-copia.jpg\" alt=\"\" width=\"1000\" height=\"220\" srcset=\"https:\/\/agora.xtec.cat\/ceipcastellciuro\/wp-content\/uploads\/usu890\/2021\/03\/banner-verd-preins-web-centres-copia.jpg 1000w, https:\/\/agora.xtec.cat\/ceipcastellciuro\/wp-content\/uploads\/usu890\/2021\/03\/banner-verd-preins-web-centres-copia-300x66.jpg 300w, https:\/\/agora.xtec.cat\/ceipcastellciuro\/wp-content\/uploads\/usu890\/2021\/03\/banner-verd-preins-web-centres-copia-768x169.jpg 768w\" sizes=\"auto, (max-width: 1000px) 100vw, 1000px\" \/><\/a><\/p>\n<p>Les preinscripcions per al curs 21-22 es faran del 15 al 24 de mar\u00e7.\u00a0Teniu tota la informaci\u00f3 per saber com cal fer la preinscripci\u00f3 al seg\u00fcent enlla\u00e7:<\/p>\n<h2><span style=\"color: #008000;\"><a style=\"color: #008000;\" href=\"https:\/\/agora.xtec.cat\/ceipcastellciuro\/informacio-preinscripcio\/\" rel=\"noopener noreferrer\"><strong>INFORMACI\u00d3 PREINSCRIPCI\u00d3 CURS 21-22<\/strong><\/a> <\/span><\/h2>\n<ul>\n<li><a href=\"https:\/\/drive.google.com\/file\/d\/1U0XrqFBywvS5_fKCSy90tPvZnLIl9kvG\/view?usp=sharing\" target=\"_blank\" rel=\"noopener noreferrer\"><strong>ASSIGNACIONS AL CENTRE AMB INDICACI\u00d3 DE LA PRIMERA PETICI\u00d3<\/strong>\u00a0<\/a><span style=\"color: #ff0000;\"><strong>*NOVETAT<\/strong>\u00a0<strong>(Publicat el 7 de juny de 2021)<\/strong><\/span><\/li>\n<li><a href=\"https:\/\/drive.google.com\/file\/d\/1XFFGi8q_jC8mp4xQUp01QMn23h3zuKI-\/view?usp=sharing\" target=\"_blank\" rel=\"noopener noreferrer\"><strong>LLISTA D\u2019ESPERA DEL CENTRE<\/strong><\/a>\u00a0<span style=\"color: #ff0000;\"><strong>*NOVETAT<\/strong>\u00a0<strong>(Publicat el 7 de juny de 2021)<\/strong><\/span><\/li>\n<li>El n\u00famero de desempat per a la preinscripci\u00f3 \u00e9s el <strong>69.448<\/strong><\/li>\n<\/ul>\n<p><span style=\"color: #000000;\">(Cliqueu per accedir a la p\u00e0gina amb tota la informaci\u00f3)<\/span><\/p>\n<h3><\/h3>\n<h3><span style=\"color: #339966;\"><strong>INFORMACI\u00d3 SOBRE L&#8217;ESCOLA<\/strong><\/span><\/h3>\n<table>\n<tbody>\n<tr>\n<td><a href=\"https:\/\/agora.xtec.cat\/ceipcastellciuro\/wp-content\/uploads\/usu890\/2021\/01\/videollamada.png\"><img loading=\"lazy\" decoding=\"async\" class=\"alignnone wp-image-16935\" src=\"https:\/\/agora.xtec.cat\/ceipcastellciuro\/wp-content\/uploads\/usu890\/2021\/01\/videollamada.png\" alt=\"\" width=\"125\" height=\"125\" srcset=\"https:\/\/agora.xtec.cat\/ceipcastellciuro\/wp-content\/uploads\/usu890\/2021\/01\/videollamada.png 512w, https:\/\/agora.xtec.cat\/ceipcastellciuro\/wp-content\/uploads\/usu890\/2021\/01\/videollamada-150x150.png 150w, https:\/\/agora.xtec.cat\/ceipcastellciuro\/wp-content\/uploads\/usu890\/2021\/01\/videollamada-300x300.png 300w\" sizes=\"auto, (max-width: 125px) 100vw, 125px\" \/><\/a><\/td>\n<td>\n<h6><span style=\"color: #008000;\">El passat 11 de mar\u00e7 vam fer la sessi\u00f3 informativa virtual on vam explicar el nostre projecte educatiu. Si no vau poder assistir podeu demanar una c\u00f2pia de la gravaci\u00f3 de la sessi\u00f3 enviant un correu electr\u00f2nic a l&#8217;adre\u00e7a <strong>a8021442@xtec.cat<\/strong> i us l&#8217;enviarem.<\/span><\/h6>\n<\/td>\n<\/tr>\n<\/tbody>\n<\/table>\n<div><span style=\"font-family: inherit; font-size: 1em;\">Per con\u00e8ixer una mica m\u00e9s el nostre centre us deixem aquesta presentaci\u00f3 i un document amb els <\/span><a style=\"font-family: inherit; font-size: 1em;\" href=\"https:\/\/drive.google.com\/open?id=1gjGAw4qhvv5JWyWPPCoBkKH2IdTOzjlZ\" target=\"_blank\" rel=\"noopener noreferrer\"><strong>Trets d&#8217;identitat i informaci\u00f3 sobre l\u2019escola:<\/strong><\/a><\/div>\n<div style=\"width: 100%;\">\n<div style=\"position: relative; padding-bottom: 55.00%; padding-top: 0; height: 0;\">\n<div style=\"width: 100%;\">\n<div style=\"position: relative; padding-bottom: 55.00%; padding-top: 0; height: 0;\"><iframe loading=\"lazy\" src=\"https:\/\/view.genial.ly\/602c1355e8b29b0d7b3f71dc\" width=\"1000\" height=\"550\" frameborder=\"0\"><span data-mce-type=\"bookmark\" style=\"display: inline-block; width: 0px; overflow: hidden; line-height: 0;\" class=\"mce_SELRES_start\">\ufeff<\/span><\/iframe><\/div>\n<\/div>\n<\/div>\n<\/div>\n","protected":false},"excerpt":{"rendered":"<p><a href=\"https:\/\/agora.xtec.cat\/ceipcastellciuro\/wp-content\/uploads\/usu890\/2021\/03\/banner-verd-preins-web-centres-copia.jpg\"><\/a><br \/>\nLes preinscripcions per al curs 21-22 es faran del 15 al 24 de mar\u00e7.\u00a0Teniu tota la informaci\u00f3 per saber com cal fer la preinscripci\u00f3 al seg\u00fcent enlla\u00e7:<br \/>\n<a style=\"color: #008000;\" href=\"https:\/\/agora.xtec.cat\/ceipcastellciuro\/informacio-preinscripcio\/\" rel=\"noopener noreferrer\">INFORMACI\u00d3 PREINSCRIPCI\u00d3 CURS 21-22<\/a> <\/p>\n<ul>\n<li><a href=\"https:\/\/drive.google.com\/file\/d\/1U0XrqFBywvS5_fKCSy90tPvZnLIl9kvG\/view?usp=sharing\" target=\"_blank\" rel=\"noopener noreferrer\">ASSIGNACIONS AL CENTRE AMB INDICACI\u00d3&hellip;  <a href=\"https:\/\/agora.xtec.cat\/ceipcastellciuro\/general\/preinscripcio-curs-21-22\/\" title=\"Read Preinscripci\u00f3 curs 21-22\">Llegeix m\u00e9s\u00bb<\/a><br \/>\n","protected":false},"author":1,"featured_media":16931,"comment_status":"closed","ping_status":"closed","sticky":false,"template":"","format":"standard","meta":{"_bbp_topic_count":0,"_bbp_reply_count":0,"_bbp_total_topic_count":0,"_bbp_total_reply_count":0,"_bbp_voice_count":0,"_bbp_anonymous_reply_count":0,"_bbp_topic_count_hidden":0,"_bbp_reply_count_hidden":0,"_bbp_forum_subforum_count":0,"footnotes":""},"categories":[1,4],"tags":[],"class_list":["post-16779","post","type-post","status-publish","format-standard","has-post-thumbnail","hentry","category-general","category-portada"],"post_mailing_queue_ids":[],"_links":{"self":[{"href":"https:\/\/agora.xtec.cat\/ceipcastellciuro\/wp-json\/wp\/v2\/posts\/16779","targetHints":{"allow":["GET"]}}],"collection":[{"href":"https:\/\/agora.xtec.cat\/ceipcastellciuro\/wp-json\/wp\/v2\/posts"}],"about":[{"href":"https:\/\/agora.xtec.cat\/ceipcastellciuro\/wp-json\/wp\/v2\/types\/post"}],"author":[{"embeddable":true,"href":"https:\/\/agora.xtec.cat\/ceipcastellciuro\/wp-json\/wp\/v2\/users\/1"}],"replies":[{"embeddable":true,"href":"https:\/\/agora.xtec.cat\/ceipcastellciuro\/wp-json\/wp\/v2\/comments?post=16779"}],"version-history":[{"count":4,"href":"https:\/\/agora.xtec.cat\/ceipcastellciuro\/wp-json\/wp\/v2\/posts\/16779\/revisions"}],"predecessor-version":[{"id":16986,"href":"https:\/\/agora.xtec.cat\/ceipcastellciuro\/wp-json\/wp\/v2\/posts\/16779\/revisions\/16986"}],"wp:featuredmedia":[{"embeddable":true,"href":"https:\/\/agora.xtec.cat\/ceipcastellciuro\/wp-json\/wp\/v2\/media\/16931"}],"wp:attachment":[{"href":"https:\/\/agora.xtec.cat\/ceipcastellciuro\/wp-json\/wp\/v2\/media?parent=16779"}],"wp:term":[{"taxonomy":"category","embeddable":true,"href":"https:\/\/agora.xtec.cat\/ceipcastellciuro\/wp-json\/wp\/v2\/categories?post=16779"},{"taxonomy":"post_tag","embeddable":true,"href":"https:\/\/agora.xtec.cat\/ceipcastellciuro\/wp-json\/wp\/v2\/tags?post=16779"}],"curies":[{"name":"wp","href":"https:\/\/api.w.org\/{rel}","templated":true}]}}