{"id":16760,"date":"2020-12-10T17:41:05","date_gmt":"2020-12-10T16:41:05","guid":{"rendered":"http:\/\/agora.xtec.cat\/ceipcastellciuro\/?p=16760"},"modified":"2020-12-18T20:31:57","modified_gmt":"2020-12-18T19:31:57","slug":"guia-de-lectura-hivern-2020","status":"publish","type":"post","link":"https:\/\/agora.xtec.cat\/ceipcastellciuro\/general\/guia-de-lectura-hivern-2020\/","title":{"rendered":"Guia de lectura Hivern 2020"},"content":{"rendered":"<p><img loading=\"lazy\" decoding=\"async\" class=\"aligncenter\" src=\"https:\/\/www.flaticon.es\/svg\/static\/icons\/svg\/3048\/3048406.svg\" alt=\"leyendo\" width=\"105\" height=\"110\" \/><\/p>\n<p style=\"text-align: center;\">Icona de <a title=\"photo3idea_studio\" href=\"https:\/\/www.flaticon.es\/icono-gratis\/leyendo_3048406?related_item_id=3048425&amp;term=libros\">photo3idea_studio<\/a> &#8211; <a title=\"Flaticon\" href=\"https:\/\/www.flaticon.es\/\">www.flaticon.es<\/a><\/p>\n<p>Aqu\u00ed teniu la <a href=\"https:\/\/drive.google.com\/file\/d\/1YfS_8HoeqXnrOC5N_egmia7mEnvc8IX5\/view?usp=sharing\" target=\"_blank\" rel=\"noopener noreferrer\"><strong>Guia de Lectura Hivern 2020<\/strong><\/a>, elaborada pel Seminari de dinamitzaci\u00f3 de la biblioteca escolar, del qual la nostra escola en forma part. Aquesta guia es fa amb l&#8217;objectiu de donar-vos idees per si voleu llibres per aquest Nadal. Veureu que al costat de les imatges hi ha unes icones amb l\u2019enlla\u00e7 a la p\u00e0gina de cada llibre, en la web de la seva editorial i en la de les biblioteques p\u00fabliques. Esperem que us sigui d&#8217;utilitat.<\/p>\n<p><a href=\"https:\/\/drive.google.com\/file\/d\/1YfS_8HoeqXnrOC5N_egmia7mEnvc8IX5\/view?usp=sharing\" target=\"_blank\" rel=\"noopener noreferrer\"><img loading=\"lazy\" decoding=\"async\" class=\" wp-image-16761 aligncenter\" src=\"https:\/\/agora.xtec.cat\/ceipcastellciuro\/wp-content\/uploads\/usu890\/2020\/12\/Captura.png\" alt=\"\" width=\"325\" height=\"62\" \/><\/a><\/p>\n","protected":false},"excerpt":{"rendered":"<p>Icona de <a title=\"photo3idea_studio\" href=\"https:\/\/www.flaticon.es\/icono-gratis\/leyendo_3048406?related_item_id=3048425&amp;term=libros\">photo3idea_studio<\/a> &#8211; <a title=\"Flaticon\" href=\"https:\/\/www.flaticon.es\/\">www.flaticon.es<\/a><br \/>\nAqu\u00ed teniu la <a href=\"https:\/\/drive.google.com\/file\/d\/1YfS_8HoeqXnrOC5N_egmia7mEnvc8IX5\/view?usp=sharing\" target=\"_blank\" rel=\"noopener noreferrer\">Guia de Lectura Hivern 2020<\/a>, elaborada pel Seminari de dinamitzaci\u00f3 de la biblioteca escolar, del qual la nostra escola en forma part. Aquesta guia es fa amb l&#8217;objectiu de donar-vos&hellip;  <a href=\"https:\/\/agora.xtec.cat\/ceipcastellciuro\/general\/guia-de-lectura-hivern-2020\/\" title=\"Read Guia de lectura Hivern 2020\">Llegeix m\u00e9s\u00bb<\/a><\/p>\n","protected":false},"author":1,"featured_media":0,"comment_status":"open","ping_status":"closed","sticky":false,"template":"","format":"standard","meta":{"_bbp_topic_count":0,"_bbp_reply_count":0,"_bbp_total_topic_count":0,"_bbp_total_reply_count":0,"_bbp_voice_count":0,"_bbp_anonymous_reply_count":0,"_bbp_topic_count_hidden":0,"_bbp_reply_count_hidden":0,"_bbp_forum_subforum_count":0,"footnotes":""},"categories":[1,4],"tags":[],"class_list":["post-16760","post","type-post","status-publish","format-standard","hentry","category-general","category-portada"],"post_mailing_queue_ids":[],"_links":{"self":[{"href":"https:\/\/agora.xtec.cat\/ceipcastellciuro\/wp-json\/wp\/v2\/posts\/16760","targetHints":{"allow":["GET"]}}],"collection":[{"href":"https:\/\/agora.xtec.cat\/ceipcastellciuro\/wp-json\/wp\/v2\/posts"}],"about":[{"href":"https:\/\/agora.xtec.cat\/ceipcastellciuro\/wp-json\/wp\/v2\/types\/post"}],"author":[{"embeddable":true,"href":"https:\/\/agora.xtec.cat\/ceipcastellciuro\/wp-json\/wp\/v2\/users\/1"}],"replies":[{"embeddable":true,"href":"https:\/\/agora.xtec.cat\/ceipcastellciuro\/wp-json\/wp\/v2\/comments?post=16760"}],"version-history":[{"count":3,"href":"https:\/\/agora.xtec.cat\/ceipcastellciuro\/wp-json\/wp\/v2\/posts\/16760\/revisions"}],"predecessor-version":[{"id":16772,"href":"https:\/\/agora.xtec.cat\/ceipcastellciuro\/wp-json\/wp\/v2\/posts\/16760\/revisions\/16772"}],"wp:attachment":[{"href":"https:\/\/agora.xtec.cat\/ceipcastellciuro\/wp-json\/wp\/v2\/media?parent=16760"}],"wp:term":[{"taxonomy":"category","embeddable":true,"href":"https:\/\/agora.xtec.cat\/ceipcastellciuro\/wp-json\/wp\/v2\/categories?post=16760"},{"taxonomy":"post_tag","embeddable":true,"href":"https:\/\/agora.xtec.cat\/ceipcastellciuro\/wp-json\/wp\/v2\/tags?post=16760"}],"curies":[{"name":"wp","href":"https:\/\/api.w.org\/{rel}","templated":true}]}}