{"id":16758,"date":"2020-12-09T17:50:37","date_gmt":"2020-12-09T16:50:37","guid":{"rendered":"http:\/\/agora.xtec.cat\/ceipcastellciuro\/?p=16758"},"modified":"2020-12-09T17:50:37","modified_gmt":"2020-12-09T16:50:37","slug":"ultims-dies-del-trimestre","status":"publish","type":"post","link":"https:\/\/agora.xtec.cat\/ceipcastellciuro\/general\/ultims-dies-del-trimestre\/","title":{"rendered":"\u00daltims dies del trimestre"},"content":{"rendered":"<p><img loading=\"lazy\" decoding=\"async\" class=\"aligncenter\" src=\"https:\/\/www.flaticon.es\/svg\/static\/icons\/svg\/3858\/3858909.svg\" alt=\"chucher\u00eda icono gratis\" width=\"100\" height=\"124\" \/><\/p>\n<p><strong>CONCERT DE NADAL<\/strong><br \/>\nS\u2019acosta el final de trimestre, i ja sabeu que les restriccions per assistir a l\u2019escola continuen vigents, perqu\u00e8 la situaci\u00f3 epidemiol\u00f2gica aix\u00ed ho indica.<br \/>\nLes celebracions corresponents al final de trimestre i Nadal hauran de ser de forma interna. Els nens i les nenes estan preparant el concert amb il\u00b7lusi\u00f3 per oferir-lo a les fam\u00edlies, per\u00f2 en<br \/>\naquesta ocasi\u00f3 haur\u00e0 de ser mitjan\u00e7ant una gravaci\u00f3, que ser\u00e0 compartida al drive dels cicles.<\/p>\n<p><strong>LLIURAMENT D\u2019INFORMES D\u2019AVALUACI\u00d3<\/strong><br \/>\nEl proper dia 21 de desembre \u00e9s l\u2019\u00faltim dia del trimestre, i l\u2019horari \u00e9s de jornada continuada.<br \/>\n\u2022 Hi haur\u00e0 Ti\u00f3 a Ed. Infantil i C. Inicial i Amic Invisible al C. Mitj\u00e0 i Superior, mantenint grups estables.<br \/>\n\u2022 L\u2019activitat escolar acabar\u00e0 a les 13h (jornada intensiva).<br \/>\n\u2022 El menjador finalitzar\u00e0 a les 15.30h.<br \/>\nEl lliurament d\u2019informes es far\u00e0 a trav\u00e9s del correu electr\u00f2nic. Cada tutor\/a us els far\u00e0 arribar el dia 21 a partir del migdia.<\/p>\n","protected":false},"excerpt":{"rendered":"<p>CONCERT DE NADAL<br \/>\nS\u2019acosta el final de trimestre, i ja sabeu que les restriccions per assistir a l\u2019escola continuen vigents, perqu\u00e8 la situaci\u00f3 epidemiol\u00f2gica aix\u00ed ho indica.<br \/>\nLes celebracions corresponents al final de trimestre i Nadal hauran de ser de forma interna. Els nens i les nenes&hellip;  <a href=\"https:\/\/agora.xtec.cat\/ceipcastellciuro\/general\/ultims-dies-del-trimestre\/\" title=\"Read \u00daltims dies del trimestre\">Llegeix m\u00e9s\u00bb<\/a><\/p>\n","protected":false},"author":1,"featured_media":0,"comment_status":"open","ping_status":"closed","sticky":false,"template":"","format":"standard","meta":{"_bbp_topic_count":0,"_bbp_reply_count":0,"_bbp_total_topic_count":0,"_bbp_total_reply_count":0,"_bbp_voice_count":0,"_bbp_anonymous_reply_count":0,"_bbp_topic_count_hidden":0,"_bbp_reply_count_hidden":0,"_bbp_forum_subforum_count":0,"footnotes":""},"categories":[1,4],"tags":[],"class_list":["post-16758","post","type-post","status-publish","format-standard","hentry","category-general","category-portada"],"post_mailing_queue_ids":[],"_links":{"self":[{"href":"https:\/\/agora.xtec.cat\/ceipcastellciuro\/wp-json\/wp\/v2\/posts\/16758","targetHints":{"allow":["GET"]}}],"collection":[{"href":"https:\/\/agora.xtec.cat\/ceipcastellciuro\/wp-json\/wp\/v2\/posts"}],"about":[{"href":"https:\/\/agora.xtec.cat\/ceipcastellciuro\/wp-json\/wp\/v2\/types\/post"}],"author":[{"embeddable":true,"href":"https:\/\/agora.xtec.cat\/ceipcastellciuro\/wp-json\/wp\/v2\/users\/1"}],"replies":[{"embeddable":true,"href":"https:\/\/agora.xtec.cat\/ceipcastellciuro\/wp-json\/wp\/v2\/comments?post=16758"}],"version-history":[{"count":1,"href":"https:\/\/agora.xtec.cat\/ceipcastellciuro\/wp-json\/wp\/v2\/posts\/16758\/revisions"}],"predecessor-version":[{"id":16759,"href":"https:\/\/agora.xtec.cat\/ceipcastellciuro\/wp-json\/wp\/v2\/posts\/16758\/revisions\/16759"}],"wp:attachment":[{"href":"https:\/\/agora.xtec.cat\/ceipcastellciuro\/wp-json\/wp\/v2\/media?parent=16758"}],"wp:term":[{"taxonomy":"category","embeddable":true,"href":"https:\/\/agora.xtec.cat\/ceipcastellciuro\/wp-json\/wp\/v2\/categories?post=16758"},{"taxonomy":"post_tag","embeddable":true,"href":"https:\/\/agora.xtec.cat\/ceipcastellciuro\/wp-json\/wp\/v2\/tags?post=16758"}],"curies":[{"name":"wp","href":"https:\/\/api.w.org\/{rel}","templated":true}]}}