{"id":16718,"date":"2020-11-07T14:36:45","date_gmt":"2020-11-07T13:36:45","guid":{"rendered":"http:\/\/agora.xtec.cat\/ceipcastellciuro\/?p=16718"},"modified":"2020-11-18T09:41:43","modified_gmt":"2020-11-18T08:41:43","slug":"posat-la-gorra-3","status":"publish","type":"post","link":"https:\/\/agora.xtec.cat\/ceipcastellciuro\/general\/posat-la-gorra-3\/","title":{"rendered":"Posa&#8217;t la gorra"},"content":{"rendered":"<p><a href=\"https:\/\/agora.xtec.cat\/ceipcastellciuro\/wp-content\/uploads\/usu890\/2020\/11\/Gorraweb3-2-270x270.png\"><img loading=\"lazy\" decoding=\"async\" class=\"wp-image-16721 aligncenter\" src=\"https:\/\/agora.xtec.cat\/ceipcastellciuro\/wp-content\/uploads\/usu890\/2020\/11\/Gorraweb3-2-270x270.png\" alt=\"\" width=\"149\" height=\"149\" srcset=\"https:\/\/agora.xtec.cat\/ceipcastellciuro\/wp-content\/uploads\/usu890\/2020\/11\/Gorraweb3-2-270x270.png 270w, https:\/\/agora.xtec.cat\/ceipcastellciuro\/wp-content\/uploads\/usu890\/2020\/11\/Gorraweb3-2-270x270-150x150.png 150w\" sizes=\"auto, (max-width: 149px) 100vw, 149px\" \/><\/a><\/p>\n<p>Un any m\u00e9s ens fem ress\u00f2 de la campanya \u201cPosa\u2019t la gorra\u201d, organitzada per l\u2019associaci\u00f3 AFANOC (Associaci\u00f3 de Familiars i Amics de Nens Oncol\u00f2gics de Catalunya i promoguda per l\u2019Ajuntament de Molins de Rei.<\/p>\n<p>L\u2019AFANOC organitza la festa infantil a la nostra localitat que aquest any ser\u00e0 diferent per\u00f2 continuar\u00e0 sent una activitat solid\u00e0ria amb el prop\u00f2sit de sensibilitzar sobre la realitat del c\u00e0ncer infantil i recollir diners per a La Casa dels Xuklis.<\/p>\n<p>Aquest any hem demanat 237 gorres per a una aportaci\u00f3 total de 1896\u20ac. Gr\u00e0cies, fam\u00edlies per sumar junts en aquesta causa!<\/p>\n<p><a href=\"https:\/\/drive.google.com\/file\/d\/1IONBbo6Gdu2-vxJOQQaESt7JSTs4Ttqr\/view?usp=sharing\" target=\"_blank\" rel=\"noopener noreferrer\"><strong>Cartell de la campanya elaborat per l&#8217;ajuntament <\/strong><\/a><\/p>\n","protected":false},"excerpt":{"rendered":"<p><a href=\"https:\/\/agora.xtec.cat\/ceipcastellciuro\/wp-content\/uploads\/usu890\/2020\/11\/Gorraweb3-2-270x270.png\"><\/a><br \/>\nUn any m\u00e9s ens fem ress\u00f2 de la campanya \u201cPosa\u2019t la gorra\u201d, organitzada per l\u2019associaci\u00f3 AFANOC (Associaci\u00f3 de Familiars i Amics de Nens Oncol\u00f2gics de Catalunya i promoguda per l\u2019Ajuntament de Molins de Rei.<br \/>\nL\u2019AFANOC organitza la festa infantil a la nostra localitat que aquest&hellip;  <a href=\"https:\/\/agora.xtec.cat\/ceipcastellciuro\/general\/posat-la-gorra-3\/\" title=\"Read Posa&#8217;t la gorra\">Llegeix m\u00e9s\u00bb<\/a><\/p>\n","protected":false},"author":1,"featured_media":0,"comment_status":"open","ping_status":"closed","sticky":false,"template":"","format":"standard","meta":{"_bbp_topic_count":0,"_bbp_reply_count":0,"_bbp_total_topic_count":0,"_bbp_total_reply_count":0,"_bbp_voice_count":0,"_bbp_anonymous_reply_count":0,"_bbp_topic_count_hidden":0,"_bbp_reply_count_hidden":0,"_bbp_forum_subforum_count":0,"footnotes":""},"categories":[1,4],"tags":[],"class_list":["post-16718","post","type-post","status-publish","format-standard","hentry","category-general","category-portada"],"post_mailing_queue_ids":[],"_links":{"self":[{"href":"https:\/\/agora.xtec.cat\/ceipcastellciuro\/wp-json\/wp\/v2\/posts\/16718","targetHints":{"allow":["GET"]}}],"collection":[{"href":"https:\/\/agora.xtec.cat\/ceipcastellciuro\/wp-json\/wp\/v2\/posts"}],"about":[{"href":"https:\/\/agora.xtec.cat\/ceipcastellciuro\/wp-json\/wp\/v2\/types\/post"}],"author":[{"embeddable":true,"href":"https:\/\/agora.xtec.cat\/ceipcastellciuro\/wp-json\/wp\/v2\/users\/1"}],"replies":[{"embeddable":true,"href":"https:\/\/agora.xtec.cat\/ceipcastellciuro\/wp-json\/wp\/v2\/comments?post=16718"}],"version-history":[{"count":3,"href":"https:\/\/agora.xtec.cat\/ceipcastellciuro\/wp-json\/wp\/v2\/posts\/16718\/revisions"}],"predecessor-version":[{"id":16740,"href":"https:\/\/agora.xtec.cat\/ceipcastellciuro\/wp-json\/wp\/v2\/posts\/16718\/revisions\/16740"}],"wp:attachment":[{"href":"https:\/\/agora.xtec.cat\/ceipcastellciuro\/wp-json\/wp\/v2\/media?parent=16718"}],"wp:term":[{"taxonomy":"category","embeddable":true,"href":"https:\/\/agora.xtec.cat\/ceipcastellciuro\/wp-json\/wp\/v2\/categories?post=16718"},{"taxonomy":"post_tag","embeddable":true,"href":"https:\/\/agora.xtec.cat\/ceipcastellciuro\/wp-json\/wp\/v2\/tags?post=16718"}],"curies":[{"name":"wp","href":"https:\/\/api.w.org\/{rel}","templated":true}]}}