{"id":16704,"date":"2020-10-17T13:12:16","date_gmt":"2020-10-17T11:12:16","guid":{"rendered":"http:\/\/agora.xtec.cat\/ceipcastellciuro\/?p=16704"},"modified":"2020-10-17T13:31:01","modified_gmt":"2020-10-17T11:31:01","slug":"tracacovid-escola-segura","status":"publish","type":"post","link":"https:\/\/agora.xtec.cat\/ceipcastellciuro\/general\/tracacovid-escola-segura\/","title":{"rendered":"Tra\u00e7aCovid \u2013 Escola Segura"},"content":{"rendered":"<p><img loading=\"lazy\" decoding=\"async\" class=\"aligncenter\" src=\"https:\/\/www.flaticon.es\/svg\/static\/icons\/svg\/1001\/1001474.svg\" alt=\"Preguntas frecuentes\" width=\"110\" height=\"170\" \/><\/p>\n<p>Les dades dels casos covid-19 als centres educatius s\u2019obtenen de\u00a0les dades que cada centre introdueix a l\u2019aplicaci\u00f3 Tra\u00e7acovid. Volem agrair la col\u00b7laboraci\u00f3 en la comunicaci\u00f3 de les proves PCR que s\u2019han anat fent els vostres fills i filles, amb la data de realitzaci\u00f3 de prova, el resultat i la seva data, i el dia de tornada a l\u2019escola.<br \/>\nEsperem que no es doni, per\u00f2 ser\u00e0 molt important que, en cas de malestar dels vostres fills i filles i resultat de PCR positiu durant el cap de setmana, feu, al m\u00e9s aviat possible, un correu a la vostra tutora i al correu de l\u2019escola, per tal que es pugui comunicar a les fam\u00edlies dels companys\/es de classe que el dilluns seg\u00fcent ja no han de venir. \u00c9s una gesti\u00f3 complicada, per\u00f2 s\u2019haur\u00e0 de fer per contenir els contagis. En cas que pass\u00e9s, el dilluns ja us transmetr\u00edem les indicacions del CAP.<br \/>\nPodeu consultar tamb\u00e9 el full de FAQs (Preguntes Freq\u00fcents) amb les consultes que ens heu fet<br \/>\narribar m\u00e9s repetidament.<\/p>\n<p><strong><a href=\"https:\/\/drive.google.com\/file\/d\/142bSZID4x1surU7UxrWnxqGrjtxs3doS\/view?usp=sharing\" target=\"_blank\" rel=\"noopener noreferrer\">FAQS Covid<\/a><\/strong><\/p>\n","protected":false},"excerpt":{"rendered":"<p>Les dades dels casos covid-19 als centres educatius s\u2019obtenen de\u00a0les dades que cada centre introdueix a l\u2019aplicaci\u00f3 Tra\u00e7acovid. Volem agrair la col\u00b7laboraci\u00f3 en la comunicaci\u00f3 de les proves PCR que s\u2019han anat fent els vostres fills i filles, amb la data de realitzaci\u00f3 de prova,&hellip;  <a href=\"https:\/\/agora.xtec.cat\/ceipcastellciuro\/general\/tracacovid-escola-segura\/\" title=\"Read Tra\u00e7aCovid \u2013 Escola Segura\">Llegeix m\u00e9s\u00bb<\/a><\/p>\n","protected":false},"author":1,"featured_media":0,"comment_status":"open","ping_status":"closed","sticky":false,"template":"","format":"standard","meta":{"_bbp_topic_count":0,"_bbp_reply_count":0,"_bbp_total_topic_count":0,"_bbp_total_reply_count":0,"_bbp_voice_count":0,"_bbp_anonymous_reply_count":0,"_bbp_topic_count_hidden":0,"_bbp_reply_count_hidden":0,"_bbp_forum_subforum_count":0,"footnotes":""},"categories":[1,4],"tags":[],"class_list":["post-16704","post","type-post","status-publish","format-standard","hentry","category-general","category-portada"],"post_mailing_queue_ids":[],"_links":{"self":[{"href":"https:\/\/agora.xtec.cat\/ceipcastellciuro\/wp-json\/wp\/v2\/posts\/16704","targetHints":{"allow":["GET"]}}],"collection":[{"href":"https:\/\/agora.xtec.cat\/ceipcastellciuro\/wp-json\/wp\/v2\/posts"}],"about":[{"href":"https:\/\/agora.xtec.cat\/ceipcastellciuro\/wp-json\/wp\/v2\/types\/post"}],"author":[{"embeddable":true,"href":"https:\/\/agora.xtec.cat\/ceipcastellciuro\/wp-json\/wp\/v2\/users\/1"}],"replies":[{"embeddable":true,"href":"https:\/\/agora.xtec.cat\/ceipcastellciuro\/wp-json\/wp\/v2\/comments?post=16704"}],"version-history":[{"count":1,"href":"https:\/\/agora.xtec.cat\/ceipcastellciuro\/wp-json\/wp\/v2\/posts\/16704\/revisions"}],"predecessor-version":[{"id":16705,"href":"https:\/\/agora.xtec.cat\/ceipcastellciuro\/wp-json\/wp\/v2\/posts\/16704\/revisions\/16705"}],"wp:attachment":[{"href":"https:\/\/agora.xtec.cat\/ceipcastellciuro\/wp-json\/wp\/v2\/media?parent=16704"}],"wp:term":[{"taxonomy":"category","embeddable":true,"href":"https:\/\/agora.xtec.cat\/ceipcastellciuro\/wp-json\/wp\/v2\/categories?post=16704"},{"taxonomy":"post_tag","embeddable":true,"href":"https:\/\/agora.xtec.cat\/ceipcastellciuro\/wp-json\/wp\/v2\/tags?post=16704"}],"curies":[{"name":"wp","href":"https:\/\/api.w.org\/{rel}","templated":true}]}}