{"id":16688,"date":"2020-09-23T23:09:59","date_gmt":"2020-09-23T21:09:59","guid":{"rendered":"http:\/\/agora.xtec.cat\/ceipcastellciuro\/?p=16688"},"modified":"2020-10-17T13:12:48","modified_gmt":"2020-10-17T11:12:48","slug":"seguiment-casos-covid-i-pcr-al-centre","status":"publish","type":"post","link":"https:\/\/agora.xtec.cat\/ceipcastellciuro\/general\/seguiment-casos-covid-i-pcr-al-centre\/","title":{"rendered":"Seguiment casos covid i PCR al centre"},"content":{"rendered":"<div>\n<div dir=\"ltr\" data-smartmail=\"gmail_signature\">\n<div dir=\"ltr\">\n<p><img loading=\"lazy\" decoding=\"async\" class=\"aligncenter\" src=\"https:\/\/www.flaticon.com\/svg\/static\/icons\/svg\/2750\/2750826.svg\" alt=\"Coronavirus\" width=\"119\" height=\"126\" \/><\/p>\n<p>La gesti\u00f3 i seguiment dels casos de PCR realitzades al centre correspon a la direcci\u00f3 de l&#8217;escola, amb la comunicaci\u00f3, a trav\u00e9s d&#8217;un aplicatiu, al Departament d&#8217;Educaci\u00f3. La gesti\u00f3 ha de ser immediata i acurada. <span style=\"font-family: inherit; font-size: 1em;\">\u00c9s per aix\u00f2 que us demanem que quan un dels vostres fills o filles es realitzi una prova PCR, envieu un correu a les tutores posant en c\u00f2pia a direcci\u00f3 (<\/span><a style=\"font-family: inherit; font-size: 1em;\" href=\"mailto:a8021442@xtec.cat\" target=\"_blank\" rel=\"noopener noreferrer\">a8021442@xtec.cat<\/a><span style=\"font-family: inherit; font-size: 1em;\">).\u00a0\u00a0<\/span><b style=\"font-family: inherit; font-size: 1em;\">Ser\u00e0 molt important anotar la data de realitzaci\u00f3 de la prova. <\/b><span style=\"font-family: inherit; font-size: 1em;\">Quan us comuniquin el resultat, haureu d&#8217;enviar\u00a0<\/span><b style=\"font-family: inherit; font-size: 1em;\">un segon correu<\/b><span style=\"font-family: inherit; font-size: 1em;\"> amb els resultats de la prova.<\/span><\/p>\n<\/div>\n<\/div>\n<\/div>\n<div class=\"gmail_quote\">\n<div dir=\"ltr\">\n<div class=\"gmail_quote\">\n<div dir=\"ltr\">\n<div class=\"gmail_quote\">\n<div dir=\"ltr\">\n<p>Per aclarir dubtes sobre l&#8217;autoritzaci\u00f3 de fer-se les proves PCR a l&#8217;escola, <b>si es dona el cas d&#8217;un cas positiu a la classe<\/b>, Salut ha publicat que la prova no \u00e9s tan molesta com les que es fan als adults, i es far\u00e0 amb un frotis nasal (bastonet curt, a 2 cent\u00edmetres de l&#8217;entrada), no frotis nasofaringi. Tamb\u00e9 des de l&#8217;escola intentarem crear un ambient agradable als nens i nenes m\u00e9s petits, si \u00e9s que es dona el cas.<\/p>\n<p>Us deixem una infografia elaborada pels centres p\u00fablics del municipi que intenta aclarir el dubtes:<\/p>\n<p><strong><a href=\"https:\/\/agora.xtec.cat\/ceipcastellciuro\/wp-content\/uploads\/usu890\/2020\/09\/FQs-gesti\u00f3-casos-covid19.pdf\">FQs gesti\u00f3 casos covid19<\/a><\/strong><\/p>\n<\/div>\n<\/div>\n<\/div>\n<\/div>\n<\/div>\n<\/div>\n","protected":false},"excerpt":{"rendered":"<p>La gesti\u00f3 i seguiment dels casos de PCR realitzades al centre correspon a la direcci\u00f3 de l&#8217;escola, amb la comunicaci\u00f3, a trav\u00e9s d&#8217;un aplicatiu, al Departament d&#8217;Educaci\u00f3. La gesti\u00f3 ha de ser immediata i acurada. \u00c9s per aix\u00f2 que us demanem que quan un dels&hellip;  <a href=\"https:\/\/agora.xtec.cat\/ceipcastellciuro\/general\/seguiment-casos-covid-i-pcr-al-centre\/\" title=\"Read Seguiment casos covid i PCR al centre\">Llegeix m\u00e9s\u00bb<\/a><\/p>\n","protected":false},"author":1,"featured_media":0,"comment_status":"open","ping_status":"closed","sticky":false,"template":"","format":"standard","meta":{"_bbp_topic_count":0,"_bbp_reply_count":0,"_bbp_total_topic_count":0,"_bbp_total_reply_count":0,"_bbp_voice_count":0,"_bbp_anonymous_reply_count":0,"_bbp_topic_count_hidden":0,"_bbp_reply_count_hidden":0,"_bbp_forum_subforum_count":0,"footnotes":""},"categories":[1,4],"tags":[],"class_list":["post-16688","post","type-post","status-publish","format-standard","hentry","category-general","category-portada"],"post_mailing_queue_ids":[],"_links":{"self":[{"href":"https:\/\/agora.xtec.cat\/ceipcastellciuro\/wp-json\/wp\/v2\/posts\/16688","targetHints":{"allow":["GET"]}}],"collection":[{"href":"https:\/\/agora.xtec.cat\/ceipcastellciuro\/wp-json\/wp\/v2\/posts"}],"about":[{"href":"https:\/\/agora.xtec.cat\/ceipcastellciuro\/wp-json\/wp\/v2\/types\/post"}],"author":[{"embeddable":true,"href":"https:\/\/agora.xtec.cat\/ceipcastellciuro\/wp-json\/wp\/v2\/users\/1"}],"replies":[{"embeddable":true,"href":"https:\/\/agora.xtec.cat\/ceipcastellciuro\/wp-json\/wp\/v2\/comments?post=16688"}],"version-history":[{"count":3,"href":"https:\/\/agora.xtec.cat\/ceipcastellciuro\/wp-json\/wp\/v2\/posts\/16688\/revisions"}],"predecessor-version":[{"id":16700,"href":"https:\/\/agora.xtec.cat\/ceipcastellciuro\/wp-json\/wp\/v2\/posts\/16688\/revisions\/16700"}],"wp:attachment":[{"href":"https:\/\/agora.xtec.cat\/ceipcastellciuro\/wp-json\/wp\/v2\/media?parent=16688"}],"wp:term":[{"taxonomy":"category","embeddable":true,"href":"https:\/\/agora.xtec.cat\/ceipcastellciuro\/wp-json\/wp\/v2\/categories?post=16688"},{"taxonomy":"post_tag","embeddable":true,"href":"https:\/\/agora.xtec.cat\/ceipcastellciuro\/wp-json\/wp\/v2\/tags?post=16688"}],"curies":[{"name":"wp","href":"https:\/\/api.w.org\/{rel}","templated":true}]}}