{"id":16557,"date":"2020-06-01T17:58:35","date_gmt":"2020-06-01T15:58:35","guid":{"rendered":"http:\/\/agora.xtec.cat\/ceipcastellciuro\/?p=16557"},"modified":"2020-06-01T17:59:49","modified_gmt":"2020-06-01T15:59:49","slug":"ajuts-menjador-escolar","status":"publish","type":"post","link":"https:\/\/agora.xtec.cat\/ceipcastellciuro\/general\/ajuts-menjador-escolar\/","title":{"rendered":"Ajuts menjador escolar"},"content":{"rendered":"<p><img loading=\"lazy\" decoding=\"async\" class=\"aligncenter\" src=\"https:\/\/image.flaticon.com\/icons\/png\/512\/706\/706164.png\" width=\"110\" height=\"302\" \/><\/p>\n<p>S\u2019han aprovat les bases per a la convocat\u00f2ria dels ajuts de menjador escolar per al curs 2020-2021. Les mesures de confinament fan que la tramitaci\u00f3 sigui telem\u00e0tica a trav\u00e9s del web\u00a0<a href=\"http:\/\/www.elbaixllobregat.cat\">www.elbaixllobregat.cat<\/a>. El termini per a la presentaci\u00f3 de sol\u00b7licituds \u00e9s del 4 al 17 de juny de 2020. El Consell Comarcal ha elaborat un document de preguntes freq\u00fcents <a href=\"https:\/\/drive.google.com\/file\/d\/1lr8FT4aayka0wCSlMmlP7LvE9D8vnGS6\/view\" target=\"_blank\" rel=\"noopener noreferrer\"><strong>(FAQs)<\/strong><\/a>. Recomanem la seva lectura abans d\u2019iniciar la sol\u00b7licitud telem\u00e0tica. Ser\u00e0 necessari introduir el n\u00famero IDALU, que \u00e9s el codi identificador \u00fanic que el centre escolar assigna a cada alumne. Ens podeu fer la petici\u00f3 d\u2019aquest codi per correu electr\u00f2nic.<\/p>\n<p>Estem a la vostra disposici\u00f3 per aclarir els vostres dubtes al correu <strong>a8021442@xtec.cat<\/strong> o al tel\u00e8fon <strong>93 668 35 29<\/strong> a partir que entrem en la fase 2.<\/p>\n<p style=\"text-align: center;\"><a href=\"https:\/\/drive.google.com\/open?id=1lr8FT4aayka0wCSlMmlP7LvE9D8vnGS6\" target=\"_blank\" rel=\"noopener noreferrer\"><strong>INFORMACI\u00d3 BEQUES MENJADOR<\/strong><\/a><\/p>\n","protected":false},"excerpt":{"rendered":"<p>S\u2019han aprovat les bases per a la convocat\u00f2ria dels ajuts de menjador escolar per al curs 2020-2021. Les mesures de confinament fan que la tramitaci\u00f3 sigui telem\u00e0tica a trav\u00e9s del web\u00a0<a href=\"http:\/\/www.elbaixllobregat.cat\">www.elbaixllobregat.cat<\/a>. El termini per a la presentaci\u00f3 de sol\u00b7licituds \u00e9s del 4 al 17&hellip;  <a href=\"https:\/\/agora.xtec.cat\/ceipcastellciuro\/general\/ajuts-menjador-escolar\/\" title=\"Read Ajuts menjador escolar\">Llegeix m\u00e9s\u00bb<\/a><\/p>\n","protected":false},"author":1,"featured_media":16558,"comment_status":"open","ping_status":"closed","sticky":false,"template":"","format":"standard","meta":{"_bbp_topic_count":0,"_bbp_reply_count":0,"_bbp_total_topic_count":0,"_bbp_total_reply_count":0,"_bbp_voice_count":0,"_bbp_anonymous_reply_count":0,"_bbp_topic_count_hidden":0,"_bbp_reply_count_hidden":0,"_bbp_forum_subforum_count":0,"footnotes":""},"categories":[1,4],"tags":[],"class_list":["post-16557","post","type-post","status-publish","format-standard","has-post-thumbnail","hentry","category-general","category-portada"],"post_mailing_queue_ids":[],"_links":{"self":[{"href":"https:\/\/agora.xtec.cat\/ceipcastellciuro\/wp-json\/wp\/v2\/posts\/16557","targetHints":{"allow":["GET"]}}],"collection":[{"href":"https:\/\/agora.xtec.cat\/ceipcastellciuro\/wp-json\/wp\/v2\/posts"}],"about":[{"href":"https:\/\/agora.xtec.cat\/ceipcastellciuro\/wp-json\/wp\/v2\/types\/post"}],"author":[{"embeddable":true,"href":"https:\/\/agora.xtec.cat\/ceipcastellciuro\/wp-json\/wp\/v2\/users\/1"}],"replies":[{"embeddable":true,"href":"https:\/\/agora.xtec.cat\/ceipcastellciuro\/wp-json\/wp\/v2\/comments?post=16557"}],"version-history":[{"count":2,"href":"https:\/\/agora.xtec.cat\/ceipcastellciuro\/wp-json\/wp\/v2\/posts\/16557\/revisions"}],"predecessor-version":[{"id":16560,"href":"https:\/\/agora.xtec.cat\/ceipcastellciuro\/wp-json\/wp\/v2\/posts\/16557\/revisions\/16560"}],"wp:featuredmedia":[{"embeddable":true,"href":"https:\/\/agora.xtec.cat\/ceipcastellciuro\/wp-json\/wp\/v2\/media\/16558"}],"wp:attachment":[{"href":"https:\/\/agora.xtec.cat\/ceipcastellciuro\/wp-json\/wp\/v2\/media?parent=16557"}],"wp:term":[{"taxonomy":"category","embeddable":true,"href":"https:\/\/agora.xtec.cat\/ceipcastellciuro\/wp-json\/wp\/v2\/categories?post=16557"},{"taxonomy":"post_tag","embeddable":true,"href":"https:\/\/agora.xtec.cat\/ceipcastellciuro\/wp-json\/wp\/v2\/tags?post=16557"}],"curies":[{"name":"wp","href":"https:\/\/api.w.org\/{rel}","templated":true}]}}