{"id":16482,"date":"2020-07-07T09:17:43","date_gmt":"2020-07-07T07:17:43","guid":{"rendered":"http:\/\/agora.xtec.cat\/ceipcastellciuro\/?p=16482"},"modified":"2020-07-17T09:09:26","modified_gmt":"2020-07-17T07:09:26","slug":"preinscripcio-per-al-curs-20-21","status":"publish","type":"post","link":"https:\/\/agora.xtec.cat\/ceipcastellciuro\/general\/preinscripcio-per-al-curs-20-21\/","title":{"rendered":"Matr\u00edcula 20-21 per a alumnes nous"},"content":{"rendered":"<p><span style=\"color: #339966;\">La informaci\u00f3 est\u00e0 actualitzada a dia 17 de juliol.<\/span><\/p>\n<div class=\"FW_sPregunta FW_sImpacte\">\n<div class=\"FW_sArticleFoto\">\n<div class=\"FW_sEditPro\">\n<div class=\"FW_sPregunta FW_sImpacte\">\n<div class=\"FW_sArticleFoto\">\n<div class=\"FW_sEditPro\">\n<h4><strong><span style=\"color: #339966;\">DATES DE LA MATR\u00cdCULA:<\/span><\/strong><\/h4>\n<ul>\n<li>Matr\u00edcula dels alumnes preinscrits amb pla\u00e7a assignada: <strong>del 13 al 17 de juliol de 2020<\/strong><\/li>\n<\/ul>\n<h4><strong><span style=\"color: #339966;\">PUBLICACI\u00d3 DE LES LLISTES<\/span><\/strong><\/h4>\n<ul>\n<li>El 7 de juliol s&#8217;ha publicat la <a href=\"https:\/\/drive.google.com\/file\/d\/1U0XrqFBywvS5_fKCSy90tPvZnLIl9kvG\/view?usp=sharing\" target=\"_blank\" rel=\"noopener noreferrer\"><strong>LLISTA DEFINITIVA D&#8217;ADMESOS<\/strong><\/a> i la <a href=\"https:\/\/drive.google.com\/file\/d\/1XFFGi8q_jC8mp4xQUp01QMn23h3zuKI-\/view?usp=sharing\" target=\"_blank\" rel=\"noopener noreferrer\"><strong>LLISTA D&#8217;ESPERA<\/strong><\/a>.<\/li>\n<li>L&#8217;11 de juny s&#8217;ha publicat la llista amb el barem definitiu ordenat: <strong style=\"font-family: inherit; font-size: 1em;\"><a style=\"font-family: inherit; font-size: 1em;\" href=\"https:\/\/drive.google.com\/open?id=169MYEQvKU88N3_iYfTIc3qfb4GIGQSxf\" target=\"_blank\" rel=\"noopener noreferrer\">BAREM DEFINITIU<\/a><\/strong><\/li>\n<li>El 9 de juny s&#8217;ha publicat la llista amb la puntuaci\u00f3 un cop resoltes les reclamacions: <a style=\"font-family: inherit; font-size: 1em;\" href=\"https:\/\/drive.google.com\/open?id=15Ey_haS22uGbrVwDa83OWU9pUr-wopol\" target=\"_blank\" rel=\"noopener noreferrer\"><strong>LLISTA DE SOL\u00b7LICITUD<\/strong><\/a><\/li>\n<\/ul>\n<\/div>\n<\/div>\n<\/div>\n<\/div>\n<\/div>\n<\/div>\n<div class=\"FW_sPregunta FW_sImpacte\">\n<div class=\"FW_sArticleFoto\">\n<div class=\"FW_sEditPro\">\n<p><strong style=\"color: #339966; font-size: 1.4375em;\">M\u00c9S INFORMACI\u00d3 SOBRE LA PREINSCRIPCI\u00d3<\/strong><\/p>\n<\/div>\n<\/div>\n<\/div>\n<p>Per a qualsevol dubte ens podeu escriure a la seg\u00fcent adre\u00e7a de correu elecr\u00f2nic: <strong>a8021442<\/strong><span class=\"\"><strong><span class=\"\">@xtec<\/span>.cat<\/strong><\/span><\/p>\n<p>Podeu consultar tamb\u00e9 la <a href=\"https:\/\/drive.google.com\/open?id=18H7SACihmyJlUP01dnzpAKDEGjk_fVbC\" target=\"_blank\" rel=\"noopener noreferrer\"><strong>Circular n\u00famero 21<\/strong><\/a> i la p\u00e0gina de la <a href=\"http:\/\/queestudiar.gencat.cat\/ca\/preinscripcio\/estudis\/obligatoris\/\" target=\"_blank\" rel=\"noopener noreferrer\"><strong>preinscripci\u00f3 del Departament d&#8217;Educaci\u00f3<\/strong><\/a>.<\/p>\n","protected":false},"excerpt":{"rendered":"<p>La informaci\u00f3 est\u00e0 actualitzada a dia 17 de juliol.<\/p>\n<p>DATES DE LA MATR\u00cdCULA:<\/p>\n<ul>\n<li>Matr\u00edcula dels alumnes preinscrits amb pla\u00e7a assignada: del 13 al 17 de juliol de 2020<\/li>\n<\/ul>\n<p>PUBLICACI\u00d3 DE LES LLISTES<\/p>\n<ul>\n<li>El 7 de juliol s&#8217;ha publicat la <a href=\"https:\/\/drive.google.com\/file\/d\/1U0XrqFBywvS5_fKCSy90tPvZnLIl9kvG\/view?usp=sharing\" target=\"_blank\" rel=\"noopener noreferrer\">LLISTA DEFINITIVA D&#8217;ADMESOS<\/a> i la <a&hellip;  <a href=\"https:\/\/agora.xtec.cat\/ceipcastellciuro\/general\/preinscripcio-per-al-curs-20-21\/\" title=\"Read Matr\u00edcula 20-21 per a alumnes nous\">Llegeix m\u00e9s\u00bb<\/a><br \/>\n","protected":false},"author":1,"featured_media":16515,"comment_status":"open","ping_status":"closed","sticky":false,"template":"","format":"standard","meta":{"_bbp_topic_count":0,"_bbp_reply_count":0,"_bbp_total_topic_count":0,"_bbp_total_reply_count":0,"_bbp_voice_count":0,"_bbp_anonymous_reply_count":0,"_bbp_topic_count_hidden":0,"_bbp_reply_count_hidden":0,"_bbp_forum_subforum_count":0,"footnotes":""},"categories":[1,4],"tags":[],"class_list":["post-16482","post","type-post","status-publish","format-standard","has-post-thumbnail","hentry","category-general","category-portada"],"post_mailing_queue_ids":[],"_links":{"self":[{"href":"https:\/\/agora.xtec.cat\/ceipcastellciuro\/wp-json\/wp\/v2\/posts\/16482","targetHints":{"allow":["GET"]}}],"collection":[{"href":"https:\/\/agora.xtec.cat\/ceipcastellciuro\/wp-json\/wp\/v2\/posts"}],"about":[{"href":"https:\/\/agora.xtec.cat\/ceipcastellciuro\/wp-json\/wp\/v2\/types\/post"}],"author":[{"embeddable":true,"href":"https:\/\/agora.xtec.cat\/ceipcastellciuro\/wp-json\/wp\/v2\/users\/1"}],"replies":[{"embeddable":true,"href":"https:\/\/agora.xtec.cat\/ceipcastellciuro\/wp-json\/wp\/v2\/comments?post=16482"}],"version-history":[{"count":4,"href":"https:\/\/agora.xtec.cat\/ceipcastellciuro\/wp-json\/wp\/v2\/posts\/16482\/revisions"}],"predecessor-version":[{"id":16594,"href":"https:\/\/agora.xtec.cat\/ceipcastellciuro\/wp-json\/wp\/v2\/posts\/16482\/revisions\/16594"}],"wp:featuredmedia":[{"embeddable":true,"href":"https:\/\/agora.xtec.cat\/ceipcastellciuro\/wp-json\/wp\/v2\/media\/16515"}],"wp:attachment":[{"href":"https:\/\/agora.xtec.cat\/ceipcastellciuro\/wp-json\/wp\/v2\/media?parent=16482"}],"wp:term":[{"taxonomy":"category","embeddable":true,"href":"https:\/\/agora.xtec.cat\/ceipcastellciuro\/wp-json\/wp\/v2\/categories?post=16482"},{"taxonomy":"post_tag","embeddable":true,"href":"https:\/\/agora.xtec.cat\/ceipcastellciuro\/wp-json\/wp\/v2\/tags?post=16482"}],"curies":[{"name":"wp","href":"https:\/\/api.w.org\/{rel}","templated":true}]}}