{"id":16377,"date":"2020-03-06T21:50:43","date_gmt":"2020-03-06T20:50:43","guid":{"rendered":"http:\/\/agora.xtec.cat\/ceipcastellciuro\/?p=16377"},"modified":"2020-03-13T07:35:59","modified_gmt":"2020-03-13T06:35:59","slug":"festa-de-la-publica-3","status":"publish","type":"post","link":"https:\/\/agora.xtec.cat\/ceipcastellciuro\/general\/festa-de-la-publica-3\/","title":{"rendered":"Festa de la P\u00fablica"},"content":{"rendered":"<p><a href=\"https:\/\/agora.xtec.cat\/ceipcastellciuro\/wp-content\/uploads\/usu890\/2018\/03\/0.jpg\"><img loading=\"lazy\" decoding=\"async\" class=\"wp-image-1086 aligncenter\" src=\"https:\/\/agora.xtec.cat\/ceipcastellciuro\/wp-content\/uploads\/usu890\/2018\/03\/0-e1583527811662.jpg\" alt=\"\" width=\"197\" height=\"124\" \/><\/a><\/p>\n<p><span class=\"css-901oao css-16my406 r-1qd0xha r-ad9z0x r-bcqeeo r-qvutc0\">Seguint les recomanacions del Departament de Salut i l\u2019ajuntament de Molins de Rei l&#8217;Assemblea Groga<\/span><span class=\"css-901oao css-16my406 r-1qd0xha r-ad9z0x r-bcqeeo r-qvutc0\"> ha comunicat que la Festa de la P\u00fablica prevista pel 22 de mar\u00e7 ha quedat anul\u00b7lada. Per\u00f2 ens avisen que estiguem atents a les seves xarxes socials perqu\u00e8 no deixaran de fer campanya per la p\u00fablica.\u00a0<\/span><\/p>\n","protected":false},"excerpt":{"rendered":"<p><a href=\"https:\/\/agora.xtec.cat\/ceipcastellciuro\/wp-content\/uploads\/usu890\/2018\/03\/0.jpg\"><\/a><br \/>\nSeguint les recomanacions del Departament de Salut i l\u2019ajuntament de Molins de Rei l&#8217;Assemblea Groga ha comunicat que la Festa de la P\u00fablica prevista pel 22 de mar\u00e7 ha quedat anul\u00b7lada. Per\u00f2 ens avisen que estiguem atents a les seves xarxes socials perqu\u00e8 no&hellip;  <a href=\"https:\/\/agora.xtec.cat\/ceipcastellciuro\/general\/festa-de-la-publica-3\/\" title=\"Read Festa de la P\u00fablica\">Llegeix m\u00e9s\u00bb<\/a><\/p>\n","protected":false},"author":1,"featured_media":0,"comment_status":"open","ping_status":"closed","sticky":false,"template":"","format":"standard","meta":{"_bbp_topic_count":0,"_bbp_reply_count":0,"_bbp_total_topic_count":0,"_bbp_total_reply_count":0,"_bbp_voice_count":0,"_bbp_anonymous_reply_count":0,"_bbp_topic_count_hidden":0,"_bbp_reply_count_hidden":0,"_bbp_forum_subforum_count":0,"footnotes":""},"categories":[1,4],"tags":[],"class_list":["post-16377","post","type-post","status-publish","format-standard","hentry","category-general","category-portada"],"post_mailing_queue_ids":[],"_links":{"self":[{"href":"https:\/\/agora.xtec.cat\/ceipcastellciuro\/wp-json\/wp\/v2\/posts\/16377","targetHints":{"allow":["GET"]}}],"collection":[{"href":"https:\/\/agora.xtec.cat\/ceipcastellciuro\/wp-json\/wp\/v2\/posts"}],"about":[{"href":"https:\/\/agora.xtec.cat\/ceipcastellciuro\/wp-json\/wp\/v2\/types\/post"}],"author":[{"embeddable":true,"href":"https:\/\/agora.xtec.cat\/ceipcastellciuro\/wp-json\/wp\/v2\/users\/1"}],"replies":[{"embeddable":true,"href":"https:\/\/agora.xtec.cat\/ceipcastellciuro\/wp-json\/wp\/v2\/comments?post=16377"}],"version-history":[{"count":2,"href":"https:\/\/agora.xtec.cat\/ceipcastellciuro\/wp-json\/wp\/v2\/posts\/16377\/revisions"}],"predecessor-version":[{"id":16388,"href":"https:\/\/agora.xtec.cat\/ceipcastellciuro\/wp-json\/wp\/v2\/posts\/16377\/revisions\/16388"}],"wp:attachment":[{"href":"https:\/\/agora.xtec.cat\/ceipcastellciuro\/wp-json\/wp\/v2\/media?parent=16377"}],"wp:term":[{"taxonomy":"category","embeddable":true,"href":"https:\/\/agora.xtec.cat\/ceipcastellciuro\/wp-json\/wp\/v2\/categories?post=16377"},{"taxonomy":"post_tag","embeddable":true,"href":"https:\/\/agora.xtec.cat\/ceipcastellciuro\/wp-json\/wp\/v2\/tags?post=16377"}],"curies":[{"name":"wp","href":"https:\/\/api.w.org\/{rel}","templated":true}]}}