{"id":16363,"date":"2020-02-27T16:42:00","date_gmt":"2020-02-27T15:42:00","guid":{"rendered":"http:\/\/agora.xtec.cat\/ceipcastellciuro\/?p=16363"},"modified":"2020-02-29T12:48:10","modified_gmt":"2020-02-29T11:48:10","slug":"taller-families-i-pantalles","status":"publish","type":"post","link":"https:\/\/agora.xtec.cat\/ceipcastellciuro\/general\/taller-families-i-pantalles\/","title":{"rendered":"Taller: Fam\u00edlies i pantalles"},"content":{"rendered":"<p><img loading=\"lazy\" decoding=\"async\" class=\"aligncenter\" src=\"https:\/\/image.flaticon.com\/icons\/svg\/1055\/1055687.svg\" alt=\"Responsive free icon\" width=\"104\" height=\"108\" \/><\/p>\n<p><span style=\"font-family: inherit; font-size: 1em;\">La comissi\u00f3 d&#8217;escola de fam\u00edlies de l&#8217;AMPA ha organitzat un taller amb el t\u00edtol: <\/span><strong style=\"font-family: inherit; font-size: 1em;\">FAM\u00cdLIES I PANTALLES, COM ACOMPANYAR ALS NOSTRES FILLS I FILLES?<\/strong><\/p>\n<ul>\n<li>Data: Dimecres 4 de mar\u00e7<\/li>\n<li>Hora: 19:00h<\/li>\n<li>Lloc: Biblioteca de l\u2019escola<\/li>\n<\/ul>\n<p>Ser\u00e0 un taller de prevenci\u00f3 per acompanyar i vetllar per la seguretat i privacitat dels menors d&#8217;edat a la xarxa. Per reservar pla\u00e7a heu d&#8217;enviar confirmaci\u00f3 a: <strong><span style=\"color: #0000ff;\">escoladefamiliescastellciuro<\/span><\/strong><span class=\"\"><strong><span style=\"color: #0000ff;\">@gmail.com \u00a0\u00a0<\/span><\/strong>H<\/span>i haur\u00e0 servei d&#8217;acollida per a infants gratu\u00eft.<\/p>\n","protected":false},"excerpt":{"rendered":"<p>La comissi\u00f3 d&#8217;escola de fam\u00edlies de l&#8217;AMPA ha organitzat un taller amb el t\u00edtol: FAM\u00cdLIES I PANTALLES, COM ACOMPANYAR ALS NOSTRES FILLS I FILLES?<\/p>\n<ul>\n<li>Data: Dimecres 4 de mar\u00e7<\/li>\n<li>Hora: 19:00h<\/li>\n<li>Lloc: Biblioteca de l\u2019escola<\/li>\n<\/ul>\n<p>Ser\u00e0 un taller de prevenci\u00f3 per acompanyar i vetllar per la seguretat i privacitat&hellip;  <a href=\"https:\/\/agora.xtec.cat\/ceipcastellciuro\/general\/taller-families-i-pantalles\/\" title=\"Read Taller: Fam\u00edlies i pantalles\">Llegeix m\u00e9s\u00bb<\/a><\/p>\n","protected":false},"author":1,"featured_media":0,"comment_status":"open","ping_status":"closed","sticky":false,"template":"","format":"standard","meta":{"_bbp_topic_count":0,"_bbp_reply_count":0,"_bbp_total_topic_count":0,"_bbp_total_reply_count":0,"_bbp_voice_count":0,"_bbp_anonymous_reply_count":0,"_bbp_topic_count_hidden":0,"_bbp_reply_count_hidden":0,"_bbp_forum_subforum_count":0,"footnotes":""},"categories":[1,4],"tags":[],"class_list":["post-16363","post","type-post","status-publish","format-standard","hentry","category-general","category-portada"],"post_mailing_queue_ids":[],"_links":{"self":[{"href":"https:\/\/agora.xtec.cat\/ceipcastellciuro\/wp-json\/wp\/v2\/posts\/16363","targetHints":{"allow":["GET"]}}],"collection":[{"href":"https:\/\/agora.xtec.cat\/ceipcastellciuro\/wp-json\/wp\/v2\/posts"}],"about":[{"href":"https:\/\/agora.xtec.cat\/ceipcastellciuro\/wp-json\/wp\/v2\/types\/post"}],"author":[{"embeddable":true,"href":"https:\/\/agora.xtec.cat\/ceipcastellciuro\/wp-json\/wp\/v2\/users\/1"}],"replies":[{"embeddable":true,"href":"https:\/\/agora.xtec.cat\/ceipcastellciuro\/wp-json\/wp\/v2\/comments?post=16363"}],"version-history":[{"count":3,"href":"https:\/\/agora.xtec.cat\/ceipcastellciuro\/wp-json\/wp\/v2\/posts\/16363\/revisions"}],"predecessor-version":[{"id":16370,"href":"https:\/\/agora.xtec.cat\/ceipcastellciuro\/wp-json\/wp\/v2\/posts\/16363\/revisions\/16370"}],"wp:attachment":[{"href":"https:\/\/agora.xtec.cat\/ceipcastellciuro\/wp-json\/wp\/v2\/media?parent=16363"}],"wp:term":[{"taxonomy":"category","embeddable":true,"href":"https:\/\/agora.xtec.cat\/ceipcastellciuro\/wp-json\/wp\/v2\/categories?post=16363"},{"taxonomy":"post_tag","embeddable":true,"href":"https:\/\/agora.xtec.cat\/ceipcastellciuro\/wp-json\/wp\/v2\/tags?post=16363"}],"curies":[{"name":"wp","href":"https:\/\/api.w.org\/{rel}","templated":true}]}}