{"id":6758,"date":"2017-11-23T16:09:03","date_gmt":"2017-11-23T15:09:03","guid":{"rendered":"http:\/\/agora.xtec.cat\/ceipcassiacostal\/?p=6758"},"modified":"2017-12-04T12:04:46","modified_gmt":"2017-12-04T11:04:46","slug":"dimarts-28-constitucio-del-consell-dinfants-de-girona","status":"publish","type":"post","link":"https:\/\/agora.xtec.cat\/ceipcassiacostal\/general\/dimarts-28-constitucio-del-consell-dinfants-de-girona\/","title":{"rendered":"Dimarts 28 de novembre, constituci\u00f3 del Consell d&#8217;infants de Girona."},"content":{"rendered":"<p>&nbsp;<\/p>\n<p>Dimarts 28 de novembre, a 2\/4 de 7 de la tarda, es constitueix el Consell d&#8217;Infants de Girona per al curs 2017-18 a l&#8217;Auditori del Centre Cultural La Merc\u00e8.<\/p>\n<div id=\"aui_3_2_0_1102\" class=\"fons\">\n<div id=\"wrapper\">\n<div id=\"pcontent\">\n<div id=\"content\">\n<div id=\"main-content\" class=\"columns-1-3-1\">\n<div id=\"aui_3_2_0_1101\" class=\"portlet-layout bg_main_section\">\n<div id=\"column-3\" class=\"aui-w50 portlet-column pad-top-30 pad-left-14\">\n<div id=\"layout-column_column-3\" class=\"portlet-dropzone portlet-column-content\">\n<div id=\"p_p_id_56_INSTANCE_7dUA_\" class=\"portlet-boundary portlet-boundary_56_ portlet-static portlet-static-end portlet-journal-content \">\n<div id=\"aui_3_2_0_1100\" class=\"portlet-borderless-container\">\n<div id=\"aui_3_2_0_199\" class=\"portlet-body\">\n<div id=\"article_10131_11622_5696752_2.2\" class=\"journal-content-article\">\n<div id=\"aui_3_2_0_198\" class=\"content-web\">\n<div id=\"aui_3_2_0_196\" class=\"cos\">\n<h3>Qu\u00e8 \u00e9s el Consell d&#8217;Infants de Girona?<\/h3>\n<p id=\"aui_3_2_0_1105\">El <a href=\"http:\/\/www2.girona.cat\/ca\/educacio_consellinfants\" target=\"_blank\" rel=\"noopener noreferrer\">Consell d&#8217;Infants<\/a> \u00e9s un \u00f2rgan de participaci\u00f3 de i per als nens i nenes.<a href=\"http:\/\/agora.xtec.cat\/ceipcassiacostal\/wp-content\/uploads\/usu719\/2017\/11\/consell-infants-0k.jpg\"><img loading=\"lazy\" decoding=\"async\" class=\" wp-image-6760 alignright\" src=\"http:\/\/agora.xtec.cat\/ceipcassiacostal\/wp-content\/uploads\/usu719\/2017\/11\/consell-infants-0k.jpg\" alt=\"\" width=\"293\" height=\"303\" srcset=\"https:\/\/agora.xtec.cat\/ceipcassiacostal\/wp-content\/uploads\/usu719\/2017\/11\/consell-infants-0k.jpg 438w, https:\/\/agora.xtec.cat\/ceipcassiacostal\/wp-content\/uploads\/usu719\/2017\/11\/consell-infants-0k-290x300.jpg 290w\" sizes=\"auto, (max-width: 293px) 100vw, 293px\" \/><\/a><\/p>\n<p>Un observatori de la ciutat , on a partir de la mirada i de l&#8217;al\u00e7ada dels nens i les nenes poder detectar aquells aspectes i temes millorables del municipi que passen desapercebuts pels adults.<\/p>\n<p>Un espai de participaci\u00f3, on els nens i les nenes poden exercir els seus drets civils com a ciutadans, en els temes que estan relacionats directament amb ells. Els infants que en formen part tenen un punts de vista , necessitats i interessos propis.<\/p>\n<p>Les funcions del Consell d&#8217;Infants s\u00f3n con\u00e8ixer, observar, valorar, opinar, denunciar, reivindicar, proposar, dissenyar&#8230; en tots aquells temes relacionats amb la ciutat i amb els infants.<\/p>\n<\/div>\n<p>&nbsp;<\/p>\n<div id=\"aui_3_2_0_196\" class=\"cos\">\n<p><a href=\"http:\/\/agora.xtec.cat\/ceipcassiacostal\/wp-content\/uploads\/usu719\/2017\/11\/girona-ciutat-educadora.png\"><img loading=\"lazy\" decoding=\"async\" class=\"alignnone size-full wp-image-6761\" src=\"http:\/\/agora.xtec.cat\/ceipcassiacostal\/wp-content\/uploads\/usu719\/2017\/11\/girona-ciutat-educadora.png\" alt=\"\" width=\"920\" height=\"113\" srcset=\"https:\/\/agora.xtec.cat\/ceipcassiacostal\/wp-content\/uploads\/usu719\/2017\/11\/girona-ciutat-educadora.png 920w, https:\/\/agora.xtec.cat\/ceipcassiacostal\/wp-content\/uploads\/usu719\/2017\/11\/girona-ciutat-educadora-300x37.png 300w, https:\/\/agora.xtec.cat\/ceipcassiacostal\/wp-content\/uploads\/usu719\/2017\/11\/girona-ciutat-educadora-768x94.png 768w\" sizes=\"auto, (max-width: 920px) 100vw, 920px\" \/><\/a><\/p>\n<p>Aquesta mateixa setmana, l&#8217;Ajuntament de Girona vol seguir impulsant la Girona Educadora i organitza la Segona Setmana de la Ciutat Educadora, del 27 de novembre al 3 de desembre de 2017. S&#8217;amplia\u00a0 l&#8217;oferta d&#8217;activitats per al p\u00fablic en general respecte l&#8217;any passat.<\/p>\n<\/div>\n<\/div>\n<\/div>\n<\/div>\n<\/div>\n<\/div>\n<\/div>\n<\/div>\n<\/div>\n<\/div>\n<\/div>\n<\/div>\n<\/div>\n<\/div>\n<p><a href=\"http:\/\/www2.girona.cat\/documents\/11622\/5761776\/2aSetmanaCiutatEducadoraGirona_2017_programa.pdf\" target=\"_blank\" rel=\"noopener noreferrer\">2a Setmana Ciutat Educadora Girona 2017 programa.pdf<\/a><\/p>\n<p>&nbsp;<\/p>\n","protected":false},"excerpt":{"rendered":"<p>Dimarts 28,  a 2\/4 de 7 de la tarda, es constitueix el Consell d&#8217;Infants de Girona a l&#8217;Auditori del Centre Cultural La Merc\u00e8&hellip;  <a href=\"https:\/\/agora.xtec.cat\/ceipcassiacostal\/general\/dimarts-28-constitucio-del-consell-dinfants-de-girona\/\" title=\"Read Dimarts 28 de novembre, constituci\u00f3 del Consell d&#8217;infants de Girona.\">Llegeix m\u00e9s\u00bb<\/a><\/p>\n","protected":false},"author":1,"featured_media":6760,"comment_status":"open","ping_status":"closed","sticky":false,"template":"","format":"standard","meta":{"_bbp_topic_count":0,"_bbp_reply_count":0,"_bbp_total_topic_count":0,"_bbp_total_reply_count":0,"_bbp_voice_count":0,"_bbp_anonymous_reply_count":0,"_bbp_topic_count_hidden":0,"_bbp_reply_count_hidden":0,"_bbp_forum_subforum_count":0,"footnotes":""},"categories":[1,4],"tags":[],"class_list":["post-6758","post","type-post","status-publish","format-standard","has-post-thumbnail","hentry","category-general","category-portada"],"post_mailing_queue_ids":[],"_links":{"self":[{"href":"https:\/\/agora.xtec.cat\/ceipcassiacostal\/wp-json\/wp\/v2\/posts\/6758","targetHints":{"allow":["GET"]}}],"collection":[{"href":"https:\/\/agora.xtec.cat\/ceipcassiacostal\/wp-json\/wp\/v2\/posts"}],"about":[{"href":"https:\/\/agora.xtec.cat\/ceipcassiacostal\/wp-json\/wp\/v2\/types\/post"}],"author":[{"embeddable":true,"href":"https:\/\/agora.xtec.cat\/ceipcassiacostal\/wp-json\/wp\/v2\/users\/1"}],"replies":[{"embeddable":true,"href":"https:\/\/agora.xtec.cat\/ceipcassiacostal\/wp-json\/wp\/v2\/comments?post=6758"}],"version-history":[{"count":3,"href":"https:\/\/agora.xtec.cat\/ceipcassiacostal\/wp-json\/wp\/v2\/posts\/6758\/revisions"}],"predecessor-version":[{"id":6820,"href":"https:\/\/agora.xtec.cat\/ceipcassiacostal\/wp-json\/wp\/v2\/posts\/6758\/revisions\/6820"}],"wp:featuredmedia":[{"embeddable":true,"href":"https:\/\/agora.xtec.cat\/ceipcassiacostal\/wp-json\/wp\/v2\/media\/6760"}],"wp:attachment":[{"href":"https:\/\/agora.xtec.cat\/ceipcassiacostal\/wp-json\/wp\/v2\/media?parent=6758"}],"wp:term":[{"taxonomy":"category","embeddable":true,"href":"https:\/\/agora.xtec.cat\/ceipcassiacostal\/wp-json\/wp\/v2\/categories?post=6758"},{"taxonomy":"post_tag","embeddable":true,"href":"https:\/\/agora.xtec.cat\/ceipcassiacostal\/wp-json\/wp\/v2\/tags?post=6758"}],"curies":[{"name":"wp","href":"https:\/\/api.w.org\/{rel}","templated":true}]}}