{"id":41207,"date":"2026-04-26T08:51:31","date_gmt":"2026-04-26T06:51:31","guid":{"rendered":"https:\/\/agora.xtec.cat\/ceipcassiacostal\/?p=41207"},"modified":"2026-04-26T09:18:10","modified_gmt":"2026-04-26T07:18:10","slug":"%e2%99%aa-gaudi-sona-aixi-%e2%99%aa","status":"publish","type":"post","link":"https:\/\/agora.xtec.cat\/ceipcassiacostal\/general\/%e2%99%aa-gaudi-sona-aixi-%e2%99%aa\/","title":{"rendered":"\u266a GaUd\u00ed SoNa AiX\u00ed \u266a"},"content":{"rendered":"<p>Les <strong>Jornades Culturals<\/strong> d&#8217;enguany giraven entorn l&#8217;arquitecte <strong>Antoni Gaud\u00ed<\/strong> (en commemoraci\u00f3 dels 100 anys de la seva mort) i a l&#8217;escola hem portat a terme un gran reguitzell d&#8217;activitats: d&#8217;arquitectura, d&#8217;art, de jocs i moviment, de descoberta, de llengua, de matem\u00e0tiques &#8230;i de m\u00fasica!<\/p>\n<p>Divendres 24 d&#8217;abril, vam realitzar la tan esperada <strong><span style=\"color: #0000ff\">Gimcana<\/span> <\/strong>gaudiniana i tot l&#8217;alumnat es va endinsar al taller musical <span style=\"color: #008000;background-color: #ffff99\"><span style=\"color: #ffffff\">\u00a0<\/span><em><strong><span style=\"font-size: 14pt\">Gaud\u00ed Sona Aix\u00ed<\/span> <\/strong><\/em><\/span>acompanyats pel so de la m\u00fasica d&#8217;un compositor i pianista parisenc de l&#8217;any 1835, Camille Saint-Sa\u00ebns, concretament amb la seva pe\u00e7a musical <em><span style=\"background-color: #00ffff;font-size: 14pt\">Aquari<span style=\"background-color: #ffffff;font-size: 12pt\"> del Carnaval dels animals.<\/span><\/span><\/em><img loading=\"lazy\" decoding=\"async\" class=\"\" src=\"https:\/\/media4.giphy.com\/media\/v1.Y2lkPTZjMDliOTUyMjVtd25qd21vdmQ2cHA0cHR3ZWdrY3hnajlwZmNjenpldnM3bW1rcSZlcD12MV9naWZzX3NlYXJjaCZjdD1n\/xUOwG1GXJvJlajETMk\/giphy.gif\" alt=\"Coral Bleaching GIFs - Find &amp; Share on GIPHY\" width=\"251\" height=\"141\" \/><\/p>\n<p><strong>\u2665 Donar moltes gr\u00e0cies als ajudants de sis\u00e8 en aquesta prova, en especial: La Roeya, en Christian, en Lerry, la Celeste, la Rachel i l&#8217;Ishak Rhezil.\u00a0 Ho heu fet super b\u00e9!!! I tamb\u00e9 amb la col\u00b7laboraci\u00f3 de l&#8217;\u00c0nnia, especialista MESI (2) de prim\u00e0ria.<\/strong><\/p>\n<p><a href=\"https:\/\/agora.xtec.cat\/ceipcassiacostal\/wp-content\/uploads\/usu719\/2026\/04\/fotomarc-article.png\"><img loading=\"lazy\" decoding=\"async\" class=\"alignnone wp-image-41216\" src=\"https:\/\/agora.xtec.cat\/ceipcassiacostal\/wp-content\/uploads\/usu719\/2026\/04\/fotomarc-article.png\" alt=\"\" width=\"446\" height=\"633\" srcset=\"https:\/\/agora.xtec.cat\/ceipcassiacostal\/wp-content\/uploads\/usu719\/2026\/04\/fotomarc-article.png 491w, https:\/\/agora.xtec.cat\/ceipcassiacostal\/wp-content\/uploads\/usu719\/2026\/04\/fotomarc-article-211x300.png 211w\" sizes=\"auto, (max-width: 446px) 100vw, 446px\" \/> <\/a><a href=\"https:\/\/agora.xtec.cat\/ceipcassiacostal\/wp-content\/uploads\/usu719\/2026\/04\/rett.png\"><img loading=\"lazy\" decoding=\"async\" class=\"alignnone wp-image-41222\" src=\"https:\/\/agora.xtec.cat\/ceipcassiacostal\/wp-content\/uploads\/usu719\/2026\/04\/rett.png\" alt=\"\" width=\"520\" height=\"377\" srcset=\"https:\/\/agora.xtec.cat\/ceipcassiacostal\/wp-content\/uploads\/usu719\/2026\/04\/rett.png 831w, https:\/\/agora.xtec.cat\/ceipcassiacostal\/wp-content\/uploads\/usu719\/2026\/04\/rett-300x218.png 300w, https:\/\/agora.xtec.cat\/ceipcassiacostal\/wp-content\/uploads\/usu719\/2026\/04\/rett-768x557.png 768w\" sizes=\"auto, (max-width: 520px) 100vw, 520px\" \/><\/a><\/p>\n<p>Per un moment, ens vam capbussar i tots nosaltres ens vam convertir en un animal mar\u00ed (un peix pallasso, un peix globus, un cavallet de mar,\u00a0 un pop, una medusa i una llagosta) I &#8230; entre algues, meduses i peixos del fons mar\u00ed, dans\u00e0vem dins d&#8217;un <span style=\"background-color: #ccffcc\">hex\u00e0gon<\/span> fluorescent, tot descobrint un dels edificis m\u00e9s emblem\u00e0tics de Gaud\u00ed:<span style=\"background-color: #ffcc99;font-size: 14pt\"> La Casa Batll\u00f3<\/span>.\u00a0 Quina emoci\u00f3!<\/p>\n<p>I \u00e9s que la Casa Batll\u00f3 ens convida a con\u00e8ixer el potencial que tenia la natura per a l&#8217;arquitectura modernista de Gaud\u00ed. Tal com deia:<\/p>\n<p><span style=\"color: #0000ff\"><strong><em>&#8220;Tot surt del gran llibre de la natura&#8221;\u00a0<\/em><\/strong><\/span><\/p>\n<p>Aix\u00ed doncs, entre milers de<span style=\"color: #ff6600;font-size: 14pt\"> <strong>colors, <span style=\"color: #00ff00\">fluoresc\u00e8ncies<\/span>, <span style=\"color: #ff00ff\">formes<\/span>, <span style=\"color: #3366ff\">textures <\/span><span style=\"color: #000000\">i<\/span> <span style=\"color: #cc99ff\">sons<\/span><\/strong>&#8230;<\/span> hem fet possible el gaudi d&#8217;aquesta activitat musical als m\u00e9s grans i als m\u00e9s petitons!<\/p>\n<p><img loading=\"lazy\" decoding=\"async\" class=\"\" src=\"https:\/\/cdn-icons-gif.flaticon.com\/16104\/16104468.gif\" alt=\"Fish Animated Icon | Free animals Animated Icon\" width=\"63\" height=\"63\" \/>Cliqueu a <a href=\"https:\/\/photos.app.goo.gl\/ztFWvQCmfMHEYU6D6\"><span style=\"color: #0000ff;background-color: #ffff00;font-size: 18pt\"><strong>FOTOS\u00a0<\/strong> <\/span><\/a>i comproveu-ho!<\/p>\n<p>&nbsp;<\/p>\n<p>&nbsp;<\/p>\n","protected":false},"excerpt":{"rendered":"<p>Gaud\u00ed sona aix\u00ed, prova de m\u00fasica de la gimcana de les Jornades Culturals.<br \/>\nBelluga&#8217;t i dansa com un peix al meravell\u00f3s fons mar\u00ed de Gaud\u00ed!&hellip;  <a href=\"https:\/\/agora.xtec.cat\/ceipcassiacostal\/general\/%e2%99%aa-gaudi-sona-aixi-%e2%99%aa\/\" title=\"Read \u266a GaUd\u00ed SoNa AiX\u00ed \u266a\">Llegeix m\u00e9s\u00bb<\/a><\/p>\n","protected":false},"author":17,"featured_media":41218,"comment_status":"open","ping_status":"open","sticky":false,"template":"","format":"standard","meta":{"_bbp_topic_count":0,"_bbp_reply_count":0,"_bbp_total_topic_count":0,"_bbp_total_reply_count":0,"_bbp_voice_count":0,"_bbp_anonymous_reply_count":0,"_bbp_topic_count_hidden":0,"_bbp_reply_count_hidden":0,"_bbp_forum_subforum_count":0,"footnotes":""},"categories":[10,11,12,13,14,15,28,1,3,8,9,2,182,4,5],"tags":[],"class_list":["post-41207","post","type-post","status-publish","format-standard","has-post-thumbnail","hentry","category-1r","category-2n","category-3r","category-4t","category-5e","category-6e","category-especialitats","category-general","category-i3","category-i4","category-i5","category-infantil","category-musica","category-portada","category-primaria"],"post_mailing_queue_ids":[],"_links":{"self":[{"href":"https:\/\/agora.xtec.cat\/ceipcassiacostal\/wp-json\/wp\/v2\/posts\/41207","targetHints":{"allow":["GET"]}}],"collection":[{"href":"https:\/\/agora.xtec.cat\/ceipcassiacostal\/wp-json\/wp\/v2\/posts"}],"about":[{"href":"https:\/\/agora.xtec.cat\/ceipcassiacostal\/wp-json\/wp\/v2\/types\/post"}],"author":[{"embeddable":true,"href":"https:\/\/agora.xtec.cat\/ceipcassiacostal\/wp-json\/wp\/v2\/users\/17"}],"replies":[{"embeddable":true,"href":"https:\/\/agora.xtec.cat\/ceipcassiacostal\/wp-json\/wp\/v2\/comments?post=41207"}],"version-history":[{"count":6,"href":"https:\/\/agora.xtec.cat\/ceipcassiacostal\/wp-json\/wp\/v2\/posts\/41207\/revisions"}],"predecessor-version":[{"id":41226,"href":"https:\/\/agora.xtec.cat\/ceipcassiacostal\/wp-json\/wp\/v2\/posts\/41207\/revisions\/41226"}],"wp:featuredmedia":[{"embeddable":true,"href":"https:\/\/agora.xtec.cat\/ceipcassiacostal\/wp-json\/wp\/v2\/media\/41218"}],"wp:attachment":[{"href":"https:\/\/agora.xtec.cat\/ceipcassiacostal\/wp-json\/wp\/v2\/media?parent=41207"}],"wp:term":[{"taxonomy":"category","embeddable":true,"href":"https:\/\/agora.xtec.cat\/ceipcassiacostal\/wp-json\/wp\/v2\/categories?post=41207"},{"taxonomy":"post_tag","embeddable":true,"href":"https:\/\/agora.xtec.cat\/ceipcassiacostal\/wp-json\/wp\/v2\/tags?post=41207"}],"curies":[{"name":"wp","href":"https:\/\/api.w.org\/{rel}","templated":true}]}}