{"id":34072,"date":"2024-05-15T21:41:58","date_gmt":"2024-05-15T19:41:58","guid":{"rendered":"https:\/\/agora.xtec.cat\/ceipcassiacostal\/?p=34072"},"modified":"2024-05-15T21:53:46","modified_gmt":"2024-05-15T19:53:46","slug":"5e-cantata-som-minairons-a-lauditori-de-girona","status":"publish","type":"post","link":"https:\/\/agora.xtec.cat\/ceipcassiacostal\/general\/5e-cantata-som-minairons-a-lauditori-de-girona\/","title":{"rendered":"5\u00e8: CANTATA &#8220;Som Minairons!&#8221; a l&#8217;Auditori de Girona"},"content":{"rendered":"<p><span style=\"font-size: 14pt\">Un any m\u00e9s, amb el nostre alumnat de 5\u00e8, participem al TJC (<strong>Tots Junts a Cantar<\/strong>) cantant un repertori de can\u00e7ons, que enguany tractava dels <strong><span style=\"color: #ff6600\">Minairons<\/span><\/strong>, uns \u00e9ssers del bosc, diminuts, que vivien dins d&#8217;un canut&#8230;Eren milers de follets petit\u00edssims per\u00f2 valents, for\u00e7uts, infatigables i que sempre volien ser manats a fer feines pels camps i les masies de la pagesia feudal&#8230; Alerta! Si decidies destapar el canut&#8230;tenies que estar ben atent\/a i encomanar-los feina de seguida! (llaurar, fer tarteres&#8230;).<\/span><\/p>\n<p><a href=\"https:\/\/agora.xtec.cat\/ceipcassiacostal\/wp-content\/uploads\/usu719\/2024\/05\/portadaminairons.jpg\"><img loading=\"lazy\" decoding=\"async\" class=\"alignnone wp-image-34074\" src=\"https:\/\/agora.xtec.cat\/ceipcassiacostal\/wp-content\/uploads\/usu719\/2024\/05\/portadaminairons.jpg\" alt=\"\" width=\"549\" height=\"443\" srcset=\"https:\/\/agora.xtec.cat\/ceipcassiacostal\/wp-content\/uploads\/usu719\/2024\/05\/portadaminairons.jpg 838w, https:\/\/agora.xtec.cat\/ceipcassiacostal\/wp-content\/uploads\/usu719\/2024\/05\/portadaminairons-300x242.jpg 300w, https:\/\/agora.xtec.cat\/ceipcassiacostal\/wp-content\/uploads\/usu719\/2024\/05\/portadaminairons-768x620.jpg 768w\" sizes=\"auto, (max-width: 549px) 100vw, 549px\" \/><\/a><\/p>\n<p><span style=\"font-size: 14pt\">Durant tot el curs hem anat estudiant detingudament les sis can\u00e7ons creades pel m\u00fasic i compositor Sergi Salinas, i que amb il\u00b7lusi\u00f3, esfor\u00e7, implicaci\u00f3 i assajos, el resultat final ha valgut la pena!!!<\/span><\/p>\n<p><span style=\"font-size: 14pt\">Conjuntament amb les altres escoles, avui dimecres 15 de maig, hem fet una bonica cantata en un espai immillorable: a l&#8217;Auditori de Girona!!<\/span><\/p>\n<p><span style=\"font-size: 14pt\"><strong>Feu clic a <span style=\"background-color: #ffff00;color: #339966;font-size: 24pt\"><a href=\"https:\/\/photos.app.goo.gl\/so9bYyfDU87faLGj9\">FOTOS<\/a> <\/span>per veure&#8217;n m\u00e9s detalls!<\/strong><\/span><\/p>\n<p><span style=\"font-size: 14pt\">Moltes gr\u00e0cies a totes les fam\u00edlies que han pogut assistir a l&#8217;espectacle i per la seva col\u00b7laboraci\u00f3, i a la resta de fam\u00edlies que no han pogut venir tamb\u00e9, desitjant que us agradin les fotos i v\u00eddeos! Fins la propera.<\/span><\/p>\n<p><span style=\"font-size: 14pt\">Ah, i moltes felicitats als i les nostres artistes de 5\u00e8 del Cassi\u00e0 per l&#8217;esfor\u00e7 i ganes de cantar! \u2665<\/span><\/p>\n<p><a href=\"https:\/\/agora.xtec.cat\/ceipcassiacostal\/wp-content\/uploads\/usu719\/2024\/05\/titis.jpg\"><img loading=\"lazy\" decoding=\"async\" class=\"alignnone wp-image-34073\" src=\"https:\/\/agora.xtec.cat\/ceipcassiacostal\/wp-content\/uploads\/usu719\/2024\/05\/titis.jpg\" alt=\"\" width=\"277\" height=\"289\" srcset=\"https:\/\/agora.xtec.cat\/ceipcassiacostal\/wp-content\/uploads\/usu719\/2024\/05\/titis.jpg 574w, https:\/\/agora.xtec.cat\/ceipcassiacostal\/wp-content\/uploads\/usu719\/2024\/05\/titis-288x300.jpg 288w\" sizes=\"auto, (max-width: 277px) 100vw, 277px\" \/><\/a><\/p>\n<p><span style=\"color: #0000ff\">Tutors de 5\u00e8 i\u00a0 mestra de m\u00fasica.<\/span><\/p>\n","protected":false},"excerpt":{"rendered":"<p>Cantata de 5\u00e8 &#8220;Som Minairons&#8221; a l&#8217;Auditori de Girona.&hellip;  <a href=\"https:\/\/agora.xtec.cat\/ceipcassiacostal\/general\/5e-cantata-som-minairons-a-lauditori-de-girona\/\" title=\"Read 5\u00e8: CANTATA &#8220;Som Minairons!&#8221; a l&#8217;Auditori de Girona\">Llegeix m\u00e9s\u00bb<\/a><\/p>\n","protected":false},"author":17,"featured_media":34074,"comment_status":"open","ping_status":"closed","sticky":false,"template":"","format":"standard","meta":{"_bbp_topic_count":0,"_bbp_reply_count":0,"_bbp_total_topic_count":0,"_bbp_total_reply_count":0,"_bbp_voice_count":0,"_bbp_anonymous_reply_count":0,"_bbp_topic_count_hidden":0,"_bbp_reply_count_hidden":0,"_bbp_forum_subforum_count":0,"footnotes":""},"categories":[14,97,28,1,182,4,5],"tags":[],"class_list":["post-34072","post","type-post","status-publish","format-standard","has-post-thumbnail","hentry","category-5e","category-activitats-familiars-fora-de-lescola","category-especialitats","category-general","category-musica","category-portada","category-primaria"],"post_mailing_queue_ids":[],"_links":{"self":[{"href":"https:\/\/agora.xtec.cat\/ceipcassiacostal\/wp-json\/wp\/v2\/posts\/34072","targetHints":{"allow":["GET"]}}],"collection":[{"href":"https:\/\/agora.xtec.cat\/ceipcassiacostal\/wp-json\/wp\/v2\/posts"}],"about":[{"href":"https:\/\/agora.xtec.cat\/ceipcassiacostal\/wp-json\/wp\/v2\/types\/post"}],"author":[{"embeddable":true,"href":"https:\/\/agora.xtec.cat\/ceipcassiacostal\/wp-json\/wp\/v2\/users\/17"}],"replies":[{"embeddable":true,"href":"https:\/\/agora.xtec.cat\/ceipcassiacostal\/wp-json\/wp\/v2\/comments?post=34072"}],"version-history":[{"count":6,"href":"https:\/\/agora.xtec.cat\/ceipcassiacostal\/wp-json\/wp\/v2\/posts\/34072\/revisions"}],"predecessor-version":[{"id":34083,"href":"https:\/\/agora.xtec.cat\/ceipcassiacostal\/wp-json\/wp\/v2\/posts\/34072\/revisions\/34083"}],"wp:featuredmedia":[{"embeddable":true,"href":"https:\/\/agora.xtec.cat\/ceipcassiacostal\/wp-json\/wp\/v2\/media\/34074"}],"wp:attachment":[{"href":"https:\/\/agora.xtec.cat\/ceipcassiacostal\/wp-json\/wp\/v2\/media?parent=34072"}],"wp:term":[{"taxonomy":"category","embeddable":true,"href":"https:\/\/agora.xtec.cat\/ceipcassiacostal\/wp-json\/wp\/v2\/categories?post=34072"},{"taxonomy":"post_tag","embeddable":true,"href":"https:\/\/agora.xtec.cat\/ceipcassiacostal\/wp-json\/wp\/v2\/tags?post=34072"}],"curies":[{"name":"wp","href":"https:\/\/api.w.org\/{rel}","templated":true}]}}