{"id":32822,"date":"2024-02-28T07:05:37","date_gmt":"2024-02-28T06:05:37","guid":{"rendered":"https:\/\/agora.xtec.cat\/ceipcassiacostal\/?p=32822"},"modified":"2024-02-28T07:19:55","modified_gmt":"2024-02-28T06:19:55","slug":"5e-anem-a-fer-el-primer-assaig-dels-minairons","status":"publish","type":"post","link":"https:\/\/agora.xtec.cat\/ceipcassiacostal\/general\/5e-anem-a-fer-el-primer-assaig-dels-minairons\/","title":{"rendered":"5\u00e8: Anem a fer el primer assaig dels Minairons!"},"content":{"rendered":"<p><span style=\"font-size: 14pt\">Bon dia fam\u00edlies de 5\u00e8,<\/span><\/p>\n<p><span style=\"font-size: 14pt\">Ahir dimarts 27 de febrer l&#8217;alumnat de 5\u00e8 va anar a fer el primer assaig de la Cantata <span style=\"background-color: #00ff00\"><strong><em>&#8220;Els Minairons&#8221;<\/em> <\/strong><\/span>juntament amb altres escoles, al Centre Cultural de La Merc\u00e8. <\/span><\/p>\n<p><span style=\"font-size: 14pt\">No podem revelar gaires detalls de les can\u00e7ons, per\u00f2 s\u00ed que podem dir que tot i ser unes can\u00e7ons un xic complicades ens estem esfor\u00e7ant molt per treballar-les, alhora que anem descobrint QUI eren aquests \u00e9ssers diminuts, min\u00fasculs, megaforts, incansables, &#8230;milers de follets que vivien dins d&#8217;un canut d&#8217;alguns pagesos, en l&#8217;\u00e8poca feudal, a les nostres muntanyes catalanes.<\/span><\/p>\n<p><span style=\"font-size: 14pt\">Un cop arribats a la sala, en Sergi, el director i compositor de la cantata ja estava a punt de comen\u00e7ar. <strong>La gran sorpresa va ser que alguns de nosaltres ens va tocar fer l&#8217;assaig just al seu cant\u00f3<\/strong>, \u00e9s a dir, que vam pujar a cantar a\u00a0 l&#8217;escenari!!! La resta de companys i companyes tamb\u00e9 vam poder seguir molt b\u00e9 les indicacions perqu\u00e8 el ten\u00edem molt a prop nostre.<\/span><\/p>\n<p><span style=\"font-size: 14pt\">Voleu comprovar-ho?<\/span><\/p>\n<p><a href=\"https:\/\/agora.xtec.cat\/ceipcassiacostal\/wp-content\/uploads\/usu719\/2024\/02\/PORTADA5E.jpg\"><img loading=\"lazy\" decoding=\"async\" class=\"alignnone  wp-image-32824\" src=\"https:\/\/agora.xtec.cat\/ceipcassiacostal\/wp-content\/uploads\/usu719\/2024\/02\/PORTADA5E.jpg\" alt=\"\" width=\"450\" height=\"358\" srcset=\"https:\/\/agora.xtec.cat\/ceipcassiacostal\/wp-content\/uploads\/usu719\/2024\/02\/PORTADA5E.jpg 829w, https:\/\/agora.xtec.cat\/ceipcassiacostal\/wp-content\/uploads\/usu719\/2024\/02\/PORTADA5E-300x239.jpg 300w, https:\/\/agora.xtec.cat\/ceipcassiacostal\/wp-content\/uploads\/usu719\/2024\/02\/PORTADA5E-768x611.jpg 768w\" sizes=\"auto, (max-width: 450px) 100vw, 450px\" \/><\/a><\/p>\n<p><span style=\"font-size: 14pt\">Us deixem amb un<strong> tastet de fotos del primer assaig<\/strong> de les tres can\u00e7ons treballades:<\/span><\/p>\n<p style=\"text-align: center\"><span style=\"color: #008000;font-size: 14pt\"><strong><em>1- Som Minairons!<\/em><\/strong><\/span><\/p>\n<p style=\"text-align: center\"><span style=\"color: #ff6600;font-size: 14pt\"><strong><em>2- Un m\u00f3n menut<\/em><\/strong><\/span><\/p>\n<p style=\"text-align: center\"><span style=\"color: #666699;font-size: 14pt\"><strong><em>3- Lo tarter dels Minairons<\/em><\/strong><\/span><\/p>\n<p><span style=\"font-size: 24pt;background-color: #ffff00\">Cliqueu a:<\/span><\/p>\n<p style=\"text-align: left\"><span style=\"font-size: 36pt;background-color: #ffff00\"><a style=\"background-color: #ffff00\" href=\"https:\/\/photos.app.goo.gl\/Cs2tuhRtEYXnnX9dA\">FOTOS 5\u00e8<\/a><\/span><\/p>\n<p>Va ser una experi\u00e8ncia enriquidora! A l&#8217;abril farem el segon assaig, i m\u00e9s endavant comunicarem amb m\u00e9s detall a les fam\u00edlies quin dia i hora haureu de venir a veure&#8217;ns a l&#8217;Auditori. Us hi esperem!<\/p>\n<p><a href=\"https:\/\/agora.xtec.cat\/ceipcassiacostal\/wp-content\/uploads\/usu719\/2024\/02\/musicaimatge.jpg\"><img loading=\"lazy\" decoding=\"async\" class=\"alignnone wp-image-32823\" src=\"https:\/\/agora.xtec.cat\/ceipcassiacostal\/wp-content\/uploads\/usu719\/2024\/02\/musicaimatge.jpg\" alt=\"\" width=\"539\" height=\"534\" srcset=\"https:\/\/agora.xtec.cat\/ceipcassiacostal\/wp-content\/uploads\/usu719\/2024\/02\/musicaimatge.jpg 615w, https:\/\/agora.xtec.cat\/ceipcassiacostal\/wp-content\/uploads\/usu719\/2024\/02\/musicaimatge-300x297.jpg 300w, https:\/\/agora.xtec.cat\/ceipcassiacostal\/wp-content\/uploads\/usu719\/2024\/02\/musicaimatge-150x150.jpg 150w\" sizes=\"auto, (max-width: 539px) 100vw, 539px\" \/>\u00a0<\/a><\/p>\n","protected":false},"excerpt":{"rendered":"<p>5\u00e8 va a fer el primer assaig de la Cantata Els Minairons. No us podeu perdre les fotos!&hellip;  <a href=\"https:\/\/agora.xtec.cat\/ceipcassiacostal\/general\/5e-anem-a-fer-el-primer-assaig-dels-minairons\/\" title=\"Read 5\u00e8: Anem a fer el primer assaig dels Minairons!\">Llegeix m\u00e9s\u00bb<\/a><\/p>\n","protected":false},"author":17,"featured_media":32824,"comment_status":"open","ping_status":"closed","sticky":false,"template":"","format":"standard","meta":{"_bbp_topic_count":0,"_bbp_reply_count":0,"_bbp_total_topic_count":0,"_bbp_total_reply_count":0,"_bbp_voice_count":0,"_bbp_anonymous_reply_count":0,"_bbp_topic_count_hidden":0,"_bbp_reply_count_hidden":0,"_bbp_forum_subforum_count":0,"footnotes":""},"categories":[14,28,1,182,4,5],"tags":[],"class_list":["post-32822","post","type-post","status-publish","format-standard","has-post-thumbnail","hentry","category-5e","category-especialitats","category-general","category-musica","category-portada","category-primaria"],"post_mailing_queue_ids":[],"_links":{"self":[{"href":"https:\/\/agora.xtec.cat\/ceipcassiacostal\/wp-json\/wp\/v2\/posts\/32822","targetHints":{"allow":["GET"]}}],"collection":[{"href":"https:\/\/agora.xtec.cat\/ceipcassiacostal\/wp-json\/wp\/v2\/posts"}],"about":[{"href":"https:\/\/agora.xtec.cat\/ceipcassiacostal\/wp-json\/wp\/v2\/types\/post"}],"author":[{"embeddable":true,"href":"https:\/\/agora.xtec.cat\/ceipcassiacostal\/wp-json\/wp\/v2\/users\/17"}],"replies":[{"embeddable":true,"href":"https:\/\/agora.xtec.cat\/ceipcassiacostal\/wp-json\/wp\/v2\/comments?post=32822"}],"version-history":[{"count":3,"href":"https:\/\/agora.xtec.cat\/ceipcassiacostal\/wp-json\/wp\/v2\/posts\/32822\/revisions"}],"predecessor-version":[{"id":32827,"href":"https:\/\/agora.xtec.cat\/ceipcassiacostal\/wp-json\/wp\/v2\/posts\/32822\/revisions\/32827"}],"wp:featuredmedia":[{"embeddable":true,"href":"https:\/\/agora.xtec.cat\/ceipcassiacostal\/wp-json\/wp\/v2\/media\/32824"}],"wp:attachment":[{"href":"https:\/\/agora.xtec.cat\/ceipcassiacostal\/wp-json\/wp\/v2\/media?parent=32822"}],"wp:term":[{"taxonomy":"category","embeddable":true,"href":"https:\/\/agora.xtec.cat\/ceipcassiacostal\/wp-json\/wp\/v2\/categories?post=32822"},{"taxonomy":"post_tag","embeddable":true,"href":"https:\/\/agora.xtec.cat\/ceipcassiacostal\/wp-json\/wp\/v2\/tags?post=32822"}],"curies":[{"name":"wp","href":"https:\/\/api.w.org\/{rel}","templated":true}]}}