{"id":32559,"date":"2024-02-09T20:39:39","date_gmt":"2024-02-09T19:39:39","guid":{"rendered":"https:\/\/agora.xtec.cat\/ceipcassiacostal\/?p=32559"},"modified":"2024-02-09T20:41:21","modified_gmt":"2024-02-09T19:41:21","slug":"3r-expliquem-contes-als-nens-i-nenes-d-i3","status":"publish","type":"post","link":"https:\/\/agora.xtec.cat\/ceipcassiacostal\/general\/3r-expliquem-contes-als-nens-i-nenes-d-i3\/","title":{"rendered":"3r Expliquem contes als nens i nenes d&#8217; I3"},"content":{"rendered":"<p style=\"text-align: justify;\"><span style=\"font-family: verdana, geneva, sans-serif;\">El passat divendres 2 de febrer a la tarda, els nens i nenes de 3r vam anar a infantil a explicar i ensenyar contes als nens i nenes d&#8217;I3.\u00a0<\/span><\/p>\n<p style=\"text-align: justify;\"><span style=\"font-family: verdana, geneva, sans-serif;\">Abans, primer vam assajar a classe per assegurar-nos que sort\u00eds b\u00e9. No \u00e9s f\u00e0cil; els nens de tres anys tenen poca atenci\u00f3 i els agrada molt els contes amb imatges.<\/span><\/p>\n<p style=\"text-align: justify;\"><span style=\"font-family: verdana, geneva, sans-serif;\">Ens va encantar fer de mestres durant una estona. Vam haver de ser enginyosos per tal que els nens d&#8217;I3 estiguessin atents. Per\u00f2, tant ells com nosaltres ens ho vam passar molt b\u00e9.<\/span><\/p>\n<p style=\"text-align: justify;\"><span style=\"font-family: verdana, geneva, sans-serif;\">Mireu les fotos i comproveu-ho!!\u00a0 <a href=\"https:\/\/photos.app.goo.gl\/HQLkAoXKeL7SCkKWA\">Acompanyaments lectors 3r &#8211; I3<\/a><\/span><\/p>\n","protected":false},"excerpt":{"rendered":"<p>El passat divendres 2 de febrer a la tarda, els nens i nenes de 3r vam anar a infantil a explicar i ensenyar contes als nens i nenes d&#8217;I3.\u00a0<br \/>\nAbans, primer vam assajar a classe per assegurar-nos que sort\u00eds b\u00e9. No \u00e9s f\u00e0cil; els nens de&hellip;  <a href=\"https:\/\/agora.xtec.cat\/ceipcassiacostal\/general\/3r-expliquem-contes-als-nens-i-nenes-d-i3\/\" title=\"Read 3r Expliquem contes als nens i nenes d&#8217; I3\">Llegeix m\u00e9s\u00bb<\/a><\/p>\n","protected":false},"author":5,"featured_media":32560,"comment_status":"open","ping_status":"closed","sticky":false,"template":"","format":"standard","meta":{"_bbp_topic_count":0,"_bbp_reply_count":0,"_bbp_total_topic_count":0,"_bbp_total_reply_count":0,"_bbp_voice_count":0,"_bbp_anonymous_reply_count":0,"_bbp_topic_count_hidden":0,"_bbp_reply_count_hidden":0,"_bbp_forum_subforum_count":0,"footnotes":""},"categories":[12,24,1,3,4],"tags":[],"class_list":["post-32559","post","type-post","status-publish","format-standard","has-post-thumbnail","hentry","category-3r","category-biblio","category-general","category-i3","category-portada"],"post_mailing_queue_ids":[],"_links":{"self":[{"href":"https:\/\/agora.xtec.cat\/ceipcassiacostal\/wp-json\/wp\/v2\/posts\/32559","targetHints":{"allow":["GET"]}}],"collection":[{"href":"https:\/\/agora.xtec.cat\/ceipcassiacostal\/wp-json\/wp\/v2\/posts"}],"about":[{"href":"https:\/\/agora.xtec.cat\/ceipcassiacostal\/wp-json\/wp\/v2\/types\/post"}],"author":[{"embeddable":true,"href":"https:\/\/agora.xtec.cat\/ceipcassiacostal\/wp-json\/wp\/v2\/users\/5"}],"replies":[{"embeddable":true,"href":"https:\/\/agora.xtec.cat\/ceipcassiacostal\/wp-json\/wp\/v2\/comments?post=32559"}],"version-history":[{"count":1,"href":"https:\/\/agora.xtec.cat\/ceipcassiacostal\/wp-json\/wp\/v2\/posts\/32559\/revisions"}],"predecessor-version":[{"id":32561,"href":"https:\/\/agora.xtec.cat\/ceipcassiacostal\/wp-json\/wp\/v2\/posts\/32559\/revisions\/32561"}],"wp:featuredmedia":[{"embeddable":true,"href":"https:\/\/agora.xtec.cat\/ceipcassiacostal\/wp-json\/wp\/v2\/media\/32560"}],"wp:attachment":[{"href":"https:\/\/agora.xtec.cat\/ceipcassiacostal\/wp-json\/wp\/v2\/media?parent=32559"}],"wp:term":[{"taxonomy":"category","embeddable":true,"href":"https:\/\/agora.xtec.cat\/ceipcassiacostal\/wp-json\/wp\/v2\/categories?post=32559"},{"taxonomy":"post_tag","embeddable":true,"href":"https:\/\/agora.xtec.cat\/ceipcassiacostal\/wp-json\/wp\/v2\/tags?post=32559"}],"curies":[{"name":"wp","href":"https:\/\/api.w.org\/{rel}","templated":true}]}}