{"id":32070,"date":"2023-12-19T17:15:48","date_gmt":"2023-12-19T16:15:48","guid":{"rendered":"https:\/\/agora.xtec.cat\/ceipcassiacostal\/?p=32070"},"modified":"2024-10-27T17:23:19","modified_gmt":"2024-10-27T16:23:19","slug":"tallers-de-conversa-en-catala-a-lescola-families","status":"publish","type":"post","link":"https:\/\/agora.xtec.cat\/ceipcassiacostal\/general\/tallers-de-conversa-en-catala-a-lescola-families\/","title":{"rendered":"TALLERS DE CONVERSA EN CATAL\u00c0 A L&#8217;ESCOLA! (Fam\u00edlies)"},"content":{"rendered":"<div>\n<p><span style=\"font-weight: 400;\">Durant els diversos tallers, hem apr\u00e8s sobre La Castanyada, Nadal, i tamb\u00e9 hem estat parlant de temes d&#8217;actualitat com s\u00f3n els trastorns d&#8217;aprenentatge dels infants, l\u00edmits i h\u00e0bits saludables, i tamb\u00e9 hem apr\u00e8s vocabulari i usos de verbs, sin\u00f2nims i adjectius.<\/span><\/p>\n<p><span style=\"font-weight: 400;\">Per festejar la cloenda del trimestre, hem fet un gran berenar tots junts. En aquest berenar hem compartit dol\u00e7os t\u00edpics del nostre lloc d&#8217;origen, on hem ajuntat pa\u00efsos com Per\u00fa, Col\u00f2mbia, Rep\u00fablica Dominicana, Marroc i Espanya.<\/span><\/p>\n<p><span style=\"font-weight: 400;\">Us deixem unes fotos per a que pugueu veure que b\u00e9 ens ho hem passat!<\/span><\/p>\n<\/div>\n<div>\n<div><\/div>\n<\/div>\n<div>\n\n\t\t<style type=\"text\/css\">\n\t\t\t#gallery-1 {\n\t\t\t\tmargin: auto;\n\t\t\t}\n\t\t\t#gallery-1 .gallery-item {\n\t\t\t\tfloat: left;\n\t\t\t\tmargin-top: 10px;\n\t\t\t\ttext-align: center;\n\t\t\t\twidth: 33%;\n\t\t\t}\n\t\t\t#gallery-1 img {\n\t\t\t\tborder: 2px solid #cfcfcf;\n\t\t\t}\n\t\t\t#gallery-1 .gallery-caption {\n\t\t\t\tmargin-left: 0;\n\t\t\t}\n\t\t\t\/* see gallery_shortcode() in wp-includes\/media.php *\/\n\t\t<\/style>\n\t\t<div id='gallery-1' class='gallery galleryid-32070 gallery-columns-3 gallery-size-full'><dl class='gallery-item'>\n\t\t\t<dt class='gallery-icon portrait'>\n\t\t\t\t<a href='https:\/\/agora.xtec.cat\/ceipcassiacostal\/general\/tallers-de-conversa-en-catala-a-lescola-families\/attachment\/image-5-3\/'><img loading=\"lazy\" decoding=\"async\" width=\"501\" height=\"890\" src=\"https:\/\/agora.xtec.cat\/ceipcassiacostal\/wp-content\/uploads\/usu719\/2023\/12\/image-5.png\" class=\"attachment-full size-full\" alt=\"\" srcset=\"https:\/\/agora.xtec.cat\/ceipcassiacostal\/wp-content\/uploads\/usu719\/2023\/12\/image-5.png 501w, https:\/\/agora.xtec.cat\/ceipcassiacostal\/wp-content\/uploads\/usu719\/2023\/12\/image-5-169x300.png 169w\" sizes=\"auto, (max-width: 501px) 100vw, 501px\" \/><\/a>\n\t\t\t<\/dt><\/dl><dl class='gallery-item'>\n\t\t\t<dt class='gallery-icon portrait'>\n\t\t\t\t<a href='https:\/\/agora.xtec.cat\/ceipcassiacostal\/general\/tallers-de-conversa-en-catala-a-lescola-families\/attachment\/image-3-3\/'><img loading=\"lazy\" decoding=\"async\" width=\"501\" height=\"890\" src=\"https:\/\/agora.xtec.cat\/ceipcassiacostal\/wp-content\/uploads\/usu719\/2023\/12\/image-3.png\" class=\"attachment-full size-full\" alt=\"\" srcset=\"https:\/\/agora.xtec.cat\/ceipcassiacostal\/wp-content\/uploads\/usu719\/2023\/12\/image-3.png 501w, https:\/\/agora.xtec.cat\/ceipcassiacostal\/wp-content\/uploads\/usu719\/2023\/12\/image-3-169x300.png 169w\" sizes=\"auto, (max-width: 501px) 100vw, 501px\" \/><\/a>\n\t\t\t<\/dt><\/dl><dl class='gallery-item'>\n\t\t\t<dt class='gallery-icon portrait'>\n\t\t\t\t<a href='https:\/\/agora.xtec.cat\/ceipcassiacostal\/general\/tallers-de-conversa-en-catala-a-lescola-families\/attachment\/image-4-3\/'><img loading=\"lazy\" decoding=\"async\" width=\"501\" height=\"890\" src=\"https:\/\/agora.xtec.cat\/ceipcassiacostal\/wp-content\/uploads\/usu719\/2023\/12\/image-4.png\" class=\"attachment-full size-full\" alt=\"\" srcset=\"https:\/\/agora.xtec.cat\/ceipcassiacostal\/wp-content\/uploads\/usu719\/2023\/12\/image-4.png 501w, https:\/\/agora.xtec.cat\/ceipcassiacostal\/wp-content\/uploads\/usu719\/2023\/12\/image-4-169x300.png 169w\" sizes=\"auto, (max-width: 501px) 100vw, 501px\" \/><\/a>\n\t\t\t<\/dt><\/dl><br style=\"clear: both\" \/>\n\t\t<\/div>\n\n<p><img loading=\"lazy\" decoding=\"async\" class=\"size-full wp-image-32074 aligncenter\" src=\"https:\/\/agora.xtec.cat\/ceipcassiacostal\/wp-content\/uploads\/usu719\/2023\/12\/image-6.png\" alt=\"\" width=\"700\" height=\"700\" srcset=\"https:\/\/agora.xtec.cat\/ceipcassiacostal\/wp-content\/uploads\/usu719\/2023\/12\/image-6.png 700w, https:\/\/agora.xtec.cat\/ceipcassiacostal\/wp-content\/uploads\/usu719\/2023\/12\/image-6-300x300.png 300w, https:\/\/agora.xtec.cat\/ceipcassiacostal\/wp-content\/uploads\/usu719\/2023\/12\/image-6-150x150.png 150w\" sizes=\"auto, (max-width: 700px) 100vw, 700px\" \/><\/p>\n<\/div>\n<p style=\"text-align: center;\"><span style=\"font-size: 24pt;\">Bones festes a tothom!<\/span><\/p>\n<p>Recordeu&#8230;<\/p>\n<p><b>\u00a0 <img loading=\"lazy\" decoding=\"async\" class=\" wp-image-32075 aligncenter\" src=\"https:\/\/agora.xtec.cat\/ceipcassiacostal\/wp-content\/uploads\/usu719\/2023\/12\/taller-de-converse-2023-24.png\" alt=\"\" width=\"616\" height=\"862\" srcset=\"https:\/\/agora.xtec.cat\/ceipcassiacostal\/wp-content\/uploads\/usu719\/2023\/12\/taller-de-converse-2023-24.png 531w, https:\/\/agora.xtec.cat\/ceipcassiacostal\/wp-content\/uploads\/usu719\/2023\/12\/taller-de-converse-2023-24-214x300.png 214w\" sizes=\"auto, (max-width: 616px) 100vw, 616px\" \/><\/b><\/p>\n<div><\/div>\n","protected":false},"excerpt":{"rendered":"<p>Durant els diversos tallers, hem apr\u00e8s sobre La Castanyada, Nadal, i tamb\u00e9 hem estat parlant de temes d&#8217;actualitat com s\u00f3n els trastorns d&#8217;aprenentatge dels infants, l\u00edmits i h\u00e0bits saludables, i tamb\u00e9 hem apr\u00e8s vocabulari i usos de verbs, sin\u00f2nims i adjectius.<br \/>\nPer festejar la cloenda del&hellip;  <a href=\"https:\/\/agora.xtec.cat\/ceipcassiacostal\/general\/tallers-de-conversa-en-catala-a-lescola-families\/\" title=\"Read TALLERS DE CONVERSA EN CATAL\u00c0 A L&#8217;ESCOLA! (Fam\u00edlies)\">Llegeix m\u00e9s\u00bb<\/a><\/p>\n","protected":false},"author":1,"featured_media":35626,"comment_status":"open","ping_status":"closed","sticky":false,"template":"","format":"standard","meta":{"_bbp_topic_count":0,"_bbp_reply_count":0,"_bbp_total_topic_count":0,"_bbp_total_reply_count":0,"_bbp_voice_count":0,"_bbp_anonymous_reply_count":0,"_bbp_topic_count_hidden":0,"_bbp_reply_count_hidden":0,"_bbp_forum_subforum_count":0,"footnotes":""},"categories":[1,4,247],"tags":[],"class_list":["post-32070","post","type-post","status-publish","format-standard","has-post-thumbnail","hentry","category-general","category-portada","category-activitats-amb-families-programa-tis-i-pde"],"post_mailing_queue_ids":[],"_links":{"self":[{"href":"https:\/\/agora.xtec.cat\/ceipcassiacostal\/wp-json\/wp\/v2\/posts\/32070","targetHints":{"allow":["GET"]}}],"collection":[{"href":"https:\/\/agora.xtec.cat\/ceipcassiacostal\/wp-json\/wp\/v2\/posts"}],"about":[{"href":"https:\/\/agora.xtec.cat\/ceipcassiacostal\/wp-json\/wp\/v2\/types\/post"}],"author":[{"embeddable":true,"href":"https:\/\/agora.xtec.cat\/ceipcassiacostal\/wp-json\/wp\/v2\/users\/1"}],"replies":[{"embeddable":true,"href":"https:\/\/agora.xtec.cat\/ceipcassiacostal\/wp-json\/wp\/v2\/comments?post=32070"}],"version-history":[{"count":3,"href":"https:\/\/agora.xtec.cat\/ceipcassiacostal\/wp-json\/wp\/v2\/posts\/32070\/revisions"}],"predecessor-version":[{"id":32078,"href":"https:\/\/agora.xtec.cat\/ceipcassiacostal\/wp-json\/wp\/v2\/posts\/32070\/revisions\/32078"}],"wp:featuredmedia":[{"embeddable":true,"href":"https:\/\/agora.xtec.cat\/ceipcassiacostal\/wp-json\/wp\/v2\/media\/35626"}],"wp:attachment":[{"href":"https:\/\/agora.xtec.cat\/ceipcassiacostal\/wp-json\/wp\/v2\/media?parent=32070"}],"wp:term":[{"taxonomy":"category","embeddable":true,"href":"https:\/\/agora.xtec.cat\/ceipcassiacostal\/wp-json\/wp\/v2\/categories?post=32070"},{"taxonomy":"post_tag","embeddable":true,"href":"https:\/\/agora.xtec.cat\/ceipcassiacostal\/wp-json\/wp\/v2\/tags?post=32070"}],"curies":[{"name":"wp","href":"https:\/\/api.w.org\/{rel}","templated":true}]}}