{"id":31559,"date":"2023-11-21T15:57:00","date_gmt":"2023-11-21T14:57:00","guid":{"rendered":"https:\/\/agora.xtec.cat\/ceipcassiacostal\/?p=31559"},"modified":"2023-11-21T15:59:28","modified_gmt":"2023-11-21T14:59:28","slug":"4t-a-i-4t-b-visitem-el-museu-dali-de-figueres","status":"publish","type":"post","link":"https:\/\/agora.xtec.cat\/ceipcassiacostal\/general\/4t-a-i-4t-b-visitem-el-museu-dali-de-figueres\/","title":{"rendered":"4t A i 4t B: VISITEM EL MUSEU DAL\u00cd DE FIGUERES"},"content":{"rendered":"<p style=\"text-align: justify;\"><span style=\"background-color: #ffff99; color: #000000;\"><a href=\"https:\/\/agora.xtec.cat\/ceipcassiacostal\/wp-content\/uploads\/usu719\/2023\/11\/teatro-museo-dali-figueres-costa-brava.jpg\"><img loading=\"lazy\" decoding=\"async\" class=\"wp-image-31562 alignright\" src=\"https:\/\/agora.xtec.cat\/ceipcassiacostal\/wp-content\/uploads\/usu719\/2023\/11\/teatro-museo-dali-figueres-costa-brava-1024x553.jpg\" alt=\"\" width=\"285\" height=\"154\" srcset=\"https:\/\/agora.xtec.cat\/ceipcassiacostal\/wp-content\/uploads\/usu719\/2023\/11\/teatro-museo-dali-figueres-costa-brava-1024x553.jpg 1024w, https:\/\/agora.xtec.cat\/ceipcassiacostal\/wp-content\/uploads\/usu719\/2023\/11\/teatro-museo-dali-figueres-costa-brava-300x162.jpg 300w, https:\/\/agora.xtec.cat\/ceipcassiacostal\/wp-content\/uploads\/usu719\/2023\/11\/teatro-museo-dali-figueres-costa-brava-768x414.jpg 768w, https:\/\/agora.xtec.cat\/ceipcassiacostal\/wp-content\/uploads\/usu719\/2023\/11\/teatro-museo-dali-figueres-costa-brava-1536x829.jpg 1536w, https:\/\/agora.xtec.cat\/ceipcassiacostal\/wp-content\/uploads\/usu719\/2023\/11\/teatro-museo-dali-figueres-costa-brava.jpg 1920w\" sizes=\"auto, (max-width: 285px) 100vw, 285px\" \/><\/a><br \/>\nBenvolgudes fam\u00edlies de 4t A i 4t B,<\/span><\/p>\n<p style=\"text-align: justify;\"><span style=\"background-color: #ffff99; color: #000000;\">El passat divendres dia 10 de novembre els alumnes de 4t vam visitar el Museu Dal\u00ed.<\/span><img loading=\"lazy\" decoding=\"async\" class=\"alignnone\" src=\"https:\/\/i.gifer.com\/cM1.gif\" alt=\"Salvador dali GIF - Conseguir el mejor gif en GIFER\" width=\"79\" height=\"101\" \/><\/p>\n<p style=\"text-align: justify;\"><span style=\"background-color: #ffff99; color: #000000;\">A la capital de la preciosa c<\/span><span style=\"background-color: #ffff99; color: #000000;\">omarca de l&#8217;Alt Empord\u00e0, FIGUERES.<\/span><\/p>\n<p style=\"text-align: justify;\"><span style=\"background-color: #ffff99; color: #000000;\">Ens van rebre les monitores que ens van fer una visita guiada pel museu per explicar-nos curiositats i unes quantes obres de les moltes que hi ha al museu. Quan vam acabar vam poder visitar la sala annexa del museu, on hi ha exposades les joies que va dissenyar Dal\u00ed. VAM QUEDAR TOTS BOCABADATS!!!<\/span><\/p>\n<p style=\"text-align: justify;\"><span style=\"background-color: #ffff99; color: #000000;\">Vam dinar en un parc fant\u00e0stic que vam aprofitar molt b\u00e9 fins que va ser la hora de tornar a l&#8217;autob\u00fas. Va ser un divendres especial, molt ben aprofitat on el temps ens va acompanyar en tot moment!!!<\/span><img loading=\"lazy\" decoding=\"async\" class=\"aligncenter\" style=\"font-family: inherit; font-size: 1em; color: #000000;\" src=\"https:\/\/i.gifer.com\/B5HC.gif\" alt=\"Dali anne horel GIF - Buscar en GIFER\" width=\"133\" height=\"133\" \/><span style=\"background-color: #ffff99;\">AQU\u00cd TENIU LES NOSTRES FOTOS:<\/span>\u00a0<a href=\"https:\/\/photos.app.goo.gl\/EKUDNCPD3raW3KEw6\">FOTOS 4T MUSEU DE DAL\u00cd<\/a><\/p>\n<p>&nbsp;<\/p>\n","protected":false},"excerpt":{"rendered":"<p><a href=\"https:\/\/agora.xtec.cat\/ceipcassiacostal\/wp-content\/uploads\/usu719\/2023\/11\/teatro-museo-dali-figueres-costa-brava.jpg\"><\/a><br \/>\nBenvolgudes fam\u00edlies de 4t A i 4t B,<br \/>\nEl passat divendres dia 10 de novembre els alumnes de 4t vam visitar el Museu Dal\u00ed.<br \/>\nA la capital de la preciosa comarca de l&#8217;Alt Empord\u00e0, FIGUERES.<br \/>\nEns van rebre les monitores que ens van fer una visita guiada&hellip;  <a href=\"https:\/\/agora.xtec.cat\/ceipcassiacostal\/general\/4t-a-i-4t-b-visitem-el-museu-dali-de-figueres\/\" title=\"Read 4t A i 4t B: VISITEM EL MUSEU DAL\u00cd DE FIGUERES\">Llegeix m\u00e9s\u00bb<\/a><\/p>\n","protected":false},"author":20,"featured_media":31565,"comment_status":"open","ping_status":"closed","sticky":false,"template":"","format":"standard","meta":{"_bbp_topic_count":0,"_bbp_reply_count":0,"_bbp_total_topic_count":0,"_bbp_total_reply_count":0,"_bbp_voice_count":0,"_bbp_anonymous_reply_count":0,"_bbp_topic_count_hidden":0,"_bbp_reply_count_hidden":0,"_bbp_forum_subforum_count":0,"footnotes":""},"categories":[13,1,4,5],"tags":[],"class_list":["post-31559","post","type-post","status-publish","format-standard","has-post-thumbnail","hentry","category-4t","category-general","category-portada","category-primaria"],"post_mailing_queue_ids":[],"_links":{"self":[{"href":"https:\/\/agora.xtec.cat\/ceipcassiacostal\/wp-json\/wp\/v2\/posts\/31559","targetHints":{"allow":["GET"]}}],"collection":[{"href":"https:\/\/agora.xtec.cat\/ceipcassiacostal\/wp-json\/wp\/v2\/posts"}],"about":[{"href":"https:\/\/agora.xtec.cat\/ceipcassiacostal\/wp-json\/wp\/v2\/types\/post"}],"author":[{"embeddable":true,"href":"https:\/\/agora.xtec.cat\/ceipcassiacostal\/wp-json\/wp\/v2\/users\/20"}],"replies":[{"embeddable":true,"href":"https:\/\/agora.xtec.cat\/ceipcassiacostal\/wp-json\/wp\/v2\/comments?post=31559"}],"version-history":[{"count":4,"href":"https:\/\/agora.xtec.cat\/ceipcassiacostal\/wp-json\/wp\/v2\/posts\/31559\/revisions"}],"predecessor-version":[{"id":31564,"href":"https:\/\/agora.xtec.cat\/ceipcassiacostal\/wp-json\/wp\/v2\/posts\/31559\/revisions\/31564"}],"wp:featuredmedia":[{"embeddable":true,"href":"https:\/\/agora.xtec.cat\/ceipcassiacostal\/wp-json\/wp\/v2\/media\/31565"}],"wp:attachment":[{"href":"https:\/\/agora.xtec.cat\/ceipcassiacostal\/wp-json\/wp\/v2\/media?parent=31559"}],"wp:term":[{"taxonomy":"category","embeddable":true,"href":"https:\/\/agora.xtec.cat\/ceipcassiacostal\/wp-json\/wp\/v2\/categories?post=31559"},{"taxonomy":"post_tag","embeddable":true,"href":"https:\/\/agora.xtec.cat\/ceipcassiacostal\/wp-json\/wp\/v2\/tags?post=31559"}],"curies":[{"name":"wp","href":"https:\/\/api.w.org\/{rel}","templated":true}]}}