{"id":28681,"date":"2023-02-08T10:16:32","date_gmt":"2023-02-08T09:16:32","guid":{"rendered":"https:\/\/agora.xtec.cat\/ceipcassiacostal\/?p=28681"},"modified":"2023-02-13T10:19:51","modified_gmt":"2023-02-13T09:19:51","slug":"tornem-a-trobar-nos-consell-dalumnes-01-de-febrer-de-2023","status":"publish","type":"post","link":"https:\/\/agora.xtec.cat\/ceipcassiacostal\/general\/tornem-a-trobar-nos-consell-dalumnes-01-de-febrer-de-2023\/","title":{"rendered":"Tornem a trobar-nos! Consell d\u2019alumnes 01 de febrer de 2023"},"content":{"rendered":"<header class=\"entry-header\">\n<p class=\"entry-title\">Despr\u00e9s de dos anys i mig sense poder reunir-nos per la Covid, dilluns ens vam trobar de nou per donar la nostra opini\u00f3 sobre les darreres activitats conjuntes i fer algunes propostes de millora.<\/p>\n\n\t\t<style type=\"text\/css\">\n\t\t\t#gallery-1 {\n\t\t\t\tmargin: auto;\n\t\t\t}\n\t\t\t#gallery-1 .gallery-item {\n\t\t\t\tfloat: left;\n\t\t\t\tmargin-top: 10px;\n\t\t\t\ttext-align: center;\n\t\t\t\twidth: 50%;\n\t\t\t}\n\t\t\t#gallery-1 img {\n\t\t\t\tborder: 2px solid #cfcfcf;\n\t\t\t}\n\t\t\t#gallery-1 .gallery-caption {\n\t\t\t\tmargin-left: 0;\n\t\t\t}\n\t\t\t\/* see gallery_shortcode() in wp-includes\/media.php *\/\n\t\t<\/style>\n\t\t<div id='gallery-1' class='gallery galleryid-28681 gallery-columns-2 gallery-size-full'><dl class='gallery-item'>\n\t\t\t<dt class='gallery-icon landscape'>\n\t\t\t\t<a href='https:\/\/agora.xtec.cat\/ceipcassiacostal\/general\/tornem-a-trobar-nos-consell-dalumnes-01-de-febrer-de-2023\/attachment\/consell-alumnes-2023-febrer-3\/'><img loading=\"lazy\" decoding=\"async\" width=\"700\" height=\"393\" src=\"https:\/\/agora.xtec.cat\/ceipcassiacostal\/wp-content\/uploads\/usu719\/2023\/02\/consell-alumnes-2023-febrer-3.jpg\" class=\"attachment-full size-full\" alt=\"\" srcset=\"https:\/\/agora.xtec.cat\/ceipcassiacostal\/wp-content\/uploads\/usu719\/2023\/02\/consell-alumnes-2023-febrer-3.jpg 700w, https:\/\/agora.xtec.cat\/ceipcassiacostal\/wp-content\/uploads\/usu719\/2023\/02\/consell-alumnes-2023-febrer-3-300x168.jpg 300w\" sizes=\"auto, (max-width: 700px) 100vw, 700px\" \/><\/a>\n\t\t\t<\/dt><\/dl><dl class='gallery-item'>\n\t\t\t<dt class='gallery-icon landscape'>\n\t\t\t\t<a href='https:\/\/agora.xtec.cat\/ceipcassiacostal\/general\/tornem-a-trobar-nos-consell-dalumnes-01-de-febrer-de-2023\/attachment\/consell-alumnes-2023-febrer-4\/'><img loading=\"lazy\" decoding=\"async\" width=\"700\" height=\"393\" src=\"https:\/\/agora.xtec.cat\/ceipcassiacostal\/wp-content\/uploads\/usu719\/2023\/02\/consell-alumnes-2023-febrer-4.jpg\" class=\"attachment-full size-full\" alt=\"\" srcset=\"https:\/\/agora.xtec.cat\/ceipcassiacostal\/wp-content\/uploads\/usu719\/2023\/02\/consell-alumnes-2023-febrer-4.jpg 700w, https:\/\/agora.xtec.cat\/ceipcassiacostal\/wp-content\/uploads\/usu719\/2023\/02\/consell-alumnes-2023-febrer-4-300x168.jpg 300w\" sizes=\"auto, (max-width: 700px) 100vw, 700px\" \/><\/a>\n\t\t\t<\/dt><\/dl><br style=\"clear: both\" \/><dl class='gallery-item'>\n\t\t\t<dt class='gallery-icon landscape'>\n\t\t\t\t<a href='https:\/\/agora.xtec.cat\/ceipcassiacostal\/general\/tornem-a-trobar-nos-consell-dalumnes-01-de-febrer-de-2023\/attachment\/consell-alumnes-2023-febrer-5\/'><img loading=\"lazy\" decoding=\"async\" width=\"700\" height=\"393\" src=\"https:\/\/agora.xtec.cat\/ceipcassiacostal\/wp-content\/uploads\/usu719\/2023\/02\/consell-alumnes-2023-febrer-5.jpg\" class=\"attachment-full size-full\" alt=\"\" srcset=\"https:\/\/agora.xtec.cat\/ceipcassiacostal\/wp-content\/uploads\/usu719\/2023\/02\/consell-alumnes-2023-febrer-5.jpg 700w, https:\/\/agora.xtec.cat\/ceipcassiacostal\/wp-content\/uploads\/usu719\/2023\/02\/consell-alumnes-2023-febrer-5-300x168.jpg 300w\" sizes=\"auto, (max-width: 700px) 100vw, 700px\" \/><\/a>\n\t\t\t<\/dt><\/dl><dl class='gallery-item'>\n\t\t\t<dt class='gallery-icon landscape'>\n\t\t\t\t<a href='https:\/\/agora.xtec.cat\/ceipcassiacostal\/general\/tornem-a-trobar-nos-consell-dalumnes-01-de-febrer-de-2023\/attachment\/consell-alumnes-2023-febrer-1\/'><img loading=\"lazy\" decoding=\"async\" width=\"700\" height=\"393\" src=\"https:\/\/agora.xtec.cat\/ceipcassiacostal\/wp-content\/uploads\/usu719\/2023\/02\/consell-alumnes-2023-febrer-1.jpg\" class=\"attachment-full size-full\" alt=\"\" srcset=\"https:\/\/agora.xtec.cat\/ceipcassiacostal\/wp-content\/uploads\/usu719\/2023\/02\/consell-alumnes-2023-febrer-1.jpg 700w, https:\/\/agora.xtec.cat\/ceipcassiacostal\/wp-content\/uploads\/usu719\/2023\/02\/consell-alumnes-2023-febrer-1-300x168.jpg 300w\" sizes=\"auto, (max-width: 700px) 100vw, 700px\" \/><\/a>\n\t\t\t<\/dt><\/dl><br style=\"clear: both\" \/>\n\t\t<\/div>\n\n<h1><span style=\"font-size: 24pt;\">Valoraci\u00f3 de les activitats de Nadal i propostes de millora:<\/span><\/h1>\n<h4><strong>Ti\u00f3, amic invisible i patges:<img loading=\"lazy\" decoding=\"async\" class=\"wp-image-12354 alignright\" src=\"https:\/\/agora.xtec.cat\/ceipcassiacostal\/wp-content\/uploads\/usu719\/2019\/12\/Cagatio.jpg\" alt=\"\" width=\"102\" height=\"136\" srcset=\"https:\/\/agora.xtec.cat\/ceipcassiacostal\/wp-content\/uploads\/usu719\/2019\/12\/Cagatio.jpg 570w, https:\/\/agora.xtec.cat\/ceipcassiacostal\/wp-content\/uploads\/usu719\/2019\/12\/Cagatio-225x300.jpg 225w\" sizes=\"auto, (max-width: 102px) 100vw, 102px\" \/><\/strong><\/h4>\n<p>Van anar molt b\u00e9 tot i que dos grups tenen una proposta de millora. A un dels grups de 4t li hagu\u00e9s agradat que el Ti\u00f3 cagu\u00e9s m\u00e9s joguines i un dels grups de 6\u00e8 proposa fer Ti\u00f3 en lloc de l&#8217;amic invisible.<\/p>\n<p>Els nens i nenes d<strong>&#8216;educaci\u00f3 infantil<\/strong> ens han dit que van poder donar les cartes als patges dels reis i que els hi van donar caramels. Tamb\u00e9 <strong>ens han convidat a anar a veure els regals que els hi van portar els reis.<\/strong><\/p>\n<h4><\/h4>\n<h4><strong>Cantada a l\u2019escola:<\/strong><\/h4>\n<h4><strong><img loading=\"lazy\" decoding=\"async\" class=\"size-full wp-image-4334 alignright\" src=\"https:\/\/agora.xtec.cat\/ceipcassiacostal\/wp-content\/uploads\/usu719\/2016\/12\/can%C3%A7ons-de-nadal.jpg\" sizes=\"auto, (max-width: 259px) 100vw, 259px\" srcset=\"https:\/\/agora.xtec.cat\/ceipcassiacostal\/wp-content\/uploads\/usu719\/2016\/12\/can\u00e7ons-de-nadal.jpg 259w, https:\/\/agora.xtec.cat\/ceipcassiacostal\/wp-content\/uploads\/usu719\/2016\/12\/can\u00e7ons-de-nadal-200x150.jpg 200w\" alt=\"\" width=\"259\" height=\"194\" \/><\/strong><\/h4>\n<p>La majoria dels grups valoren molt b\u00e9 l\u2019activitat, tot i que despr\u00e9s de tant de temps sense reunir-nos, ens ha semblat que seria millor fer grups d&#8217;espectadors i espectadores m\u00e9s petits.<\/p>\n<p>Deixarem que passi aquest curs per veure si ens anem acostumant una altra vegada a fer activitats conjuntes i els curs vinent ho tornarem a valorar.<\/p>\n<p><strong>Propostes de millora:<\/strong><\/p>\n<ul>\n<li style=\"list-style-type: none;\">\n<ul>\n<li style=\"list-style-type: none;\">\n<ul>\n<li>Quan som els cantants, preparar-nos en silenci.<\/li>\n<li>Quan som p\u00fablic, escoltar, ser respectuosos i no moure&#8217;ns gaire.<\/li>\n<li>Que les can\u00e7ons d&#8217;angl\u00e8s siguin senzilles.<\/li>\n<li>Que alg\u00fa es pugui disfressar de Pare Noel, Grinch o ren.<\/li>\n<\/ul>\n<\/li>\n<\/ul>\n<\/li>\n<\/ul>\n<h4><strong>Cantada al Centre C\u00edvic:<\/strong><\/h4>\n<p>S&#8217;ha valorat molt b\u00e9. S&#8217;ha explicat l&#8217;organitzaci\u00f3 de la festa el dia de la Cantada al Centre C\u00edvic i com els alumnes de 6\u00e8 ajuden tant a l&#8217;escenari, com a la presentaci\u00f3, com a acompanyar l&#8217;alumnat d&#8217;infantil. Els alumnes de 6\u00e8 han valorat molt b\u00e9 la seva participaci\u00f3 tot i que preposen que hi hagi algun encarregat m\u00e9s de jaquetes o que no es carreguin tant les bosses.<\/p>\n<p>&nbsp;<\/p>\n<h1><span style=\"font-size: 2.75em; font-weight: bold;\"><span style=\"font-size: 24pt;\">Valoraci\u00f3 del Dia de la Pau:<\/span><img loading=\"lazy\" decoding=\"async\" class=\"wp-image-1248 alignright\" src=\"https:\/\/agora.xtec.cat\/ceipcassiacostal\/wp-content\/uploads\/usu719\/2016\/03\/colom.png\" sizes=\"auto, (max-width: 139px) 100vw, 139px\" srcset=\"https:\/\/agora.xtec.cat\/ceipcassiacostal\/wp-content\/uploads\/usu719\/2016\/03\/colom.png 505w, https:\/\/agora.xtec.cat\/ceipcassiacostal\/wp-content\/uploads\/usu719\/2016\/03\/colom-300x279.png 300w\" alt=\"\" width=\"139\" height=\"130\" \/><\/span><\/h1>\n<\/header>\n<div class=\"entry-content\">\n<p><span style=\"font-family: inherit; font-size: 1em;\">En general van agradar molt totes les activitats. La xocolata estava molt bona. <\/span><span style=\"color: #3366ff;\"><strong>Moltes gr\u00e0cies, AMPA i servei de cuina!<\/strong><\/span><\/p>\n<div class=\"entry-content\">\n<p><strong>Propostes de millora:<\/strong><\/p>\n<ul>\n<li style=\"list-style-type: none;\">\n<ul>\n<li style=\"list-style-type: none;\">\n<ul>\n<li>Intentar posar el so una mica m\u00e9s fort quan es llegeixen les frases.<img loading=\"lazy\" decoding=\"async\" class=\"wp-image-12925 alignright\" src=\"https:\/\/agora.xtec.cat\/ceipcassiacostal\/wp-content\/uploads\/usu719\/2020\/02\/images1IY8QP1U-silence.jpg\" sizes=\"auto, (max-width: 97px) 100vw, 97px\" srcset=\"https:\/\/agora.xtec.cat\/ceipcassiacostal\/wp-content\/uploads\/usu719\/2020\/02\/images1IY8QP1U-silence.jpg 225w, https:\/\/agora.xtec.cat\/ceipcassiacostal\/wp-content\/uploads\/usu719\/2020\/02\/images1IY8QP1U-silence-150x150.jpg 150w\" alt=\"\" width=\"59\" height=\"59\" \/><\/li>\n<li><span style=\"font-weight: 400;\">Decorar m\u00e9s l\u2019escola.<\/span><\/li>\n<li><span style=\"font-weight: 400;\">Fer una carta de la pau a un amic o amiga.<\/span><\/li>\n<li>Buscar una manera per sentir millor els instruments.<\/li>\n<li>Si estem asseguts, treure millor cadires, ja que fa fred.<\/li>\n<li>Si es torna a fer un ball sorpresa per l&#8217;escola i hi ha un grup que s&#8217;ho sap, se&#8217;ls hi podria dir que es posessin barrejats amb els altres grups i aix\u00ed tothom ho podr\u00e0 fer millor.<\/li>\n<\/ul>\n<\/li>\n<\/ul>\n<\/li>\n<\/ul>\n<p><img loading=\"lazy\" decoding=\"async\" class=\" wp-image-12926 alignleft\" src=\"https:\/\/agora.xtec.cat\/ceipcassiacostal\/wp-content\/uploads\/usu719\/2020\/02\/imagesW7U1EX6X-m%C3%BAsica.jpg\" alt=\"\" width=\"167\" height=\"111\" \/><\/p>\n<p>&nbsp;<\/p>\n<p><strong><span style=\"color: #3366ff;\">Felicitem a les senyoretes de m\u00fasica, que ens van ensenyar unes can\u00e7ons molt maques!<\/span><\/strong><\/p>\n<\/div>\n<p>&nbsp;<\/p>\n<h1><span style=\"font-size: 24pt;\"><strong>Consignes de Carnestoltes:<\/strong><\/span><\/h1>\n<p>Aquestes son les consignes per la setmana vinent:<\/p>\n<p><img loading=\"lazy\" decoding=\"async\" class=\"alignnone size-full wp-image-28752\" src=\"https:\/\/agora.xtec.cat\/ceipcassiacostal\/wp-content\/uploads\/usu719\/2023\/02\/carnaval-23.png\" alt=\"\" width=\"700\" height=\"560\" srcset=\"https:\/\/agora.xtec.cat\/ceipcassiacostal\/wp-content\/uploads\/usu719\/2023\/02\/carnaval-23.png 700w, https:\/\/agora.xtec.cat\/ceipcassiacostal\/wp-content\/uploads\/usu719\/2023\/02\/carnaval-23-300x240.png 300w\" sizes=\"auto, (max-width: 700px) 100vw, 700px\" \/><\/p>\n<p>&nbsp;<\/p>\n<p>Ens trobem de nou el 6 de mar\u00e7! Parlarem del Carnaval, consignes de Carnestoltes, sortida de dijous gras&#8230;!<\/p>\n<\/div>\n","protected":false},"excerpt":{"rendered":"<p>Despr\u00e9s de dos anys i mig sense poder reunir-nos per la Covid, ens vam trobar de nou per donar la nostra opini\u00f3 sobre les darreres activitats conjuntes i fer algunes propostes de millora&hellip;  <a href=\"https:\/\/agora.xtec.cat\/ceipcassiacostal\/general\/tornem-a-trobar-nos-consell-dalumnes-01-de-febrer-de-2023\/\" title=\"Read Tornem a trobar-nos! Consell d\u2019alumnes 01 de febrer de 2023\">Llegeix m\u00e9s\u00bb<\/a><\/p>\n","protected":false},"author":1,"featured_media":6731,"comment_status":"open","ping_status":"closed","sticky":false,"template":"","format":"standard","meta":{"_bbp_topic_count":0,"_bbp_reply_count":0,"_bbp_total_topic_count":0,"_bbp_total_reply_count":0,"_bbp_voice_count":0,"_bbp_anonymous_reply_count":0,"_bbp_topic_count_hidden":0,"_bbp_reply_count_hidden":0,"_bbp_forum_subforum_count":0,"footnotes":""},"categories":[10,11,12,13,14,15,34,1,3,8,9,4],"tags":[],"class_list":["post-28681","post","type-post","status-publish","format-standard","has-post-thumbnail","hentry","category-1r","category-2n","category-3r","category-4t","category-5e","category-6e","category-consell-dalumnes","category-general","category-i3","category-i4","category-i5","category-portada"],"post_mailing_queue_ids":[],"_links":{"self":[{"href":"https:\/\/agora.xtec.cat\/ceipcassiacostal\/wp-json\/wp\/v2\/posts\/28681","targetHints":{"allow":["GET"]}}],"collection":[{"href":"https:\/\/agora.xtec.cat\/ceipcassiacostal\/wp-json\/wp\/v2\/posts"}],"about":[{"href":"https:\/\/agora.xtec.cat\/ceipcassiacostal\/wp-json\/wp\/v2\/types\/post"}],"author":[{"embeddable":true,"href":"https:\/\/agora.xtec.cat\/ceipcassiacostal\/wp-json\/wp\/v2\/users\/1"}],"replies":[{"embeddable":true,"href":"https:\/\/agora.xtec.cat\/ceipcassiacostal\/wp-json\/wp\/v2\/comments?post=28681"}],"version-history":[{"count":3,"href":"https:\/\/agora.xtec.cat\/ceipcassiacostal\/wp-json\/wp\/v2\/posts\/28681\/revisions"}],"predecessor-version":[{"id":28885,"href":"https:\/\/agora.xtec.cat\/ceipcassiacostal\/wp-json\/wp\/v2\/posts\/28681\/revisions\/28885"}],"wp:featuredmedia":[{"embeddable":true,"href":"https:\/\/agora.xtec.cat\/ceipcassiacostal\/wp-json\/wp\/v2\/media\/6731"}],"wp:attachment":[{"href":"https:\/\/agora.xtec.cat\/ceipcassiacostal\/wp-json\/wp\/v2\/media?parent=28681"}],"wp:term":[{"taxonomy":"category","embeddable":true,"href":"https:\/\/agora.xtec.cat\/ceipcassiacostal\/wp-json\/wp\/v2\/categories?post=28681"},{"taxonomy":"post_tag","embeddable":true,"href":"https:\/\/agora.xtec.cat\/ceipcassiacostal\/wp-json\/wp\/v2\/tags?post=28681"}],"curies":[{"name":"wp","href":"https:\/\/api.w.org\/{rel}","templated":true}]}}