{"id":28198,"date":"2022-12-21T10:00:13","date_gmt":"2022-12-21T09:00:13","guid":{"rendered":"https:\/\/agora.xtec.cat\/ceipcassiacostal\/?p=28198"},"modified":"2023-01-10T09:46:46","modified_gmt":"2023-01-10T08:46:46","slug":"%e2%99%aa-festival-de-nadal-al-centre-civic","status":"publish","type":"post","link":"https:\/\/agora.xtec.cat\/ceipcassiacostal\/general\/%e2%99%aa-festival-de-nadal-al-centre-civic\/","title":{"rendered":"\u266a Festival de Nadal al Centre C\u00edvic"},"content":{"rendered":"<p><span style=\"font-size: 14pt;\">Benvolgudes fam\u00edlies,<\/span><\/p>\n<p><span style=\"font-size: 14pt;\">El passat <strong>divendres 16 de desembre,<\/strong> tots els nens i nenes de l&#8217;escola vam anar a cantar unes <span style=\"background-color: #ccffff;\"><strong>can\u00e7ons<\/strong> <\/span>i vam recitar uns <span style=\"background-color: #ccffcc;\"><strong>poemes<\/strong> <\/span>al Centre C\u00edvic de Sant Narc\u00eds.<\/span><\/p>\n<p><span style=\"font-size: 14pt;\">Va ser un mat\u00ed molt esperat, amb molts nervis per\u00f2 amb molta il\u00b7lusi\u00f3.<strong><span style=\"color: #0000ff;\"> Quin festival de Nadal!<\/span><\/strong><\/span><\/p>\n<p><span style=\"font-size: 14pt;\">Donem les gr\u00e0cies a tots els nens i nenes de 6\u00e8 que van fer d<strong>&#8216;acompanyants<\/strong> als m\u00e9s petits de l&#8217;escola, als super <strong>presentadors<\/strong> de l&#8217;espectacle, la gran ajuda dels <strong>acomodadors<\/strong> (traginant jaquetes amunt i avall), a vosaltres <strong>fam\u00edlies<\/strong> per assistir a l&#8217;espectacle, a tots els <strong>mestres<\/strong> per la vostra col\u00b7laboraci\u00f3 i en especial, a tota la <strong>mainada<\/strong> que ha dedicat molta energia i disposici\u00f3 als pre-assajos, assajos i al moment final.<\/span><\/p>\n<p style=\"text-align: center;\"><span style=\"font-size: 18pt; color: #ff6600;\"><strong>\ud83d\udc96Entre tots ho hem fet possible!!!<\/strong><\/span><\/p>\n<p><span style=\"font-size: 14pt;\">Esperem que us agradin molt els<span style=\"background-color: #ffff00;\"> <strong>v\u00eddeos<\/strong> <\/span>que hem anat gravant, de cada actuaci\u00f3 realitzada.<\/span><\/p>\n<p><a href=\"https:\/\/agora.xtec.cat\/ceipcassiacostal\/wp-content\/uploads\/usu719\/2022\/12\/2-1.jpg\"><img loading=\"lazy\" decoding=\"async\" class=\"alignnone size-full wp-image-28235\" src=\"https:\/\/agora.xtec.cat\/ceipcassiacostal\/wp-content\/uploads\/usu719\/2022\/12\/2-1.jpg\" alt=\"\" width=\"2000\" height=\"1600\" srcset=\"https:\/\/agora.xtec.cat\/ceipcassiacostal\/wp-content\/uploads\/usu719\/2022\/12\/2-1.jpg 2000w, https:\/\/agora.xtec.cat\/ceipcassiacostal\/wp-content\/uploads\/usu719\/2022\/12\/2-1-300x240.jpg 300w, https:\/\/agora.xtec.cat\/ceipcassiacostal\/wp-content\/uploads\/usu719\/2022\/12\/2-1-1024x819.jpg 1024w, https:\/\/agora.xtec.cat\/ceipcassiacostal\/wp-content\/uploads\/usu719\/2022\/12\/2-1-768x614.jpg 768w, https:\/\/agora.xtec.cat\/ceipcassiacostal\/wp-content\/uploads\/usu719\/2022\/12\/2-1-1536x1229.jpg 1536w\" sizes=\"auto, (max-width: 2000px) 100vw, 2000px\" \/><\/a> <a href=\"https:\/\/agora.xtec.cat\/ceipcassiacostal\/wp-content\/uploads\/usu719\/2022\/12\/3-2.jpg\"><img loading=\"lazy\" decoding=\"async\" class=\"alignnone size-full wp-image-28236\" src=\"https:\/\/agora.xtec.cat\/ceipcassiacostal\/wp-content\/uploads\/usu719\/2022\/12\/3-2.jpg\" alt=\"\" width=\"2000\" height=\"1600\" srcset=\"https:\/\/agora.xtec.cat\/ceipcassiacostal\/wp-content\/uploads\/usu719\/2022\/12\/3-2.jpg 2000w, https:\/\/agora.xtec.cat\/ceipcassiacostal\/wp-content\/uploads\/usu719\/2022\/12\/3-2-300x240.jpg 300w, https:\/\/agora.xtec.cat\/ceipcassiacostal\/wp-content\/uploads\/usu719\/2022\/12\/3-2-1024x819.jpg 1024w, https:\/\/agora.xtec.cat\/ceipcassiacostal\/wp-content\/uploads\/usu719\/2022\/12\/3-2-768x614.jpg 768w, https:\/\/agora.xtec.cat\/ceipcassiacostal\/wp-content\/uploads\/usu719\/2022\/12\/3-2-1536x1229.jpg 1536w\" sizes=\"auto, (max-width: 2000px) 100vw, 2000px\" \/><\/a> <a href=\"https:\/\/agora.xtec.cat\/ceipcassiacostal\/wp-content\/uploads\/usu719\/2022\/12\/4-3.jpg\"><img loading=\"lazy\" decoding=\"async\" class=\"alignnone size-full wp-image-28237\" src=\"https:\/\/agora.xtec.cat\/ceipcassiacostal\/wp-content\/uploads\/usu719\/2022\/12\/4-3.jpg\" alt=\"\" width=\"2000\" height=\"1600\" srcset=\"https:\/\/agora.xtec.cat\/ceipcassiacostal\/wp-content\/uploads\/usu719\/2022\/12\/4-3.jpg 2000w, https:\/\/agora.xtec.cat\/ceipcassiacostal\/wp-content\/uploads\/usu719\/2022\/12\/4-3-300x240.jpg 300w, https:\/\/agora.xtec.cat\/ceipcassiacostal\/wp-content\/uploads\/usu719\/2022\/12\/4-3-1024x819.jpg 1024w, https:\/\/agora.xtec.cat\/ceipcassiacostal\/wp-content\/uploads\/usu719\/2022\/12\/4-3-768x614.jpg 768w, https:\/\/agora.xtec.cat\/ceipcassiacostal\/wp-content\/uploads\/usu719\/2022\/12\/4-3-1536x1229.jpg 1536w\" sizes=\"auto, (max-width: 2000px) 100vw, 2000px\" \/><\/a><\/p>\n<p>&nbsp;<\/p>\n<p><span style=\"font-size: 18pt;\"><strong>\ud83d\udcab<span style=\"text-decoration: underline; background-color: #00ffff;\">EDUCACI\u00d3 INFANTIL\u00a0<\/span><\/strong><\/span><\/p>\n<p><span style=\"font-size: 14pt;\"><b><span style=\"background-color: #00ffff;\"><strong>\u2728P3: <\/strong><\/span>&#8220;Ja <\/b><b>venen<\/b><b> els reis&#8221; i <\/b><strong>Poema &#8220;Nadal i els sentits&#8221;<\/strong><\/span><\/p>\n<p><iframe loading=\"lazy\" title=\"P3 Nadal&#039;22\" width=\"500\" height=\"281\" src=\"https:\/\/www.youtube.com\/embed\/S47xUxMoR6U?feature=oembed\" frameborder=\"0\" allow=\"accelerometer; autoplay; clipboard-write; encrypted-media; gyroscope; picture-in-picture; web-share\" referrerpolicy=\"strict-origin-when-cross-origin\" allowfullscreen><\/iframe><\/p>\n<p><span style=\"font-size: 14pt; background-color: #00ffff;\"><strong>\u2728P4<\/strong><\/span><\/p>\n<p><span style=\"font-size: 14pt;\"><strong><b>&#8220;El ninot de neu&#8221;<\/b><\/strong><\/span><\/p>\n<p><iframe loading=\"lazy\" title=\"P4 He fet un ninot de neu&#039;22\" width=\"500\" height=\"281\" src=\"https:\/\/www.youtube.com\/embed\/6hl3i_LYkwM?feature=oembed\" frameborder=\"0\" allow=\"accelerometer; autoplay; clipboard-write; encrypted-media; gyroscope; picture-in-picture; web-share\" referrerpolicy=\"strict-origin-when-cross-origin\" allowfullscreen><\/iframe><\/p>\n<p><span style=\"font-size: 14pt;\"><strong><b>&#8220;Hello Reindeer, goodbye snowman&#8221;<\/b><\/strong><\/span><\/p>\n<p><iframe loading=\"lazy\" title=\"P4  Hello reindeer, goodbye snowman&#039;22\" width=\"500\" height=\"281\" src=\"https:\/\/www.youtube.com\/embed\/Bqv_aDdu7bs?feature=oembed\" frameborder=\"0\" allow=\"accelerometer; autoplay; clipboard-write; encrypted-media; gyroscope; picture-in-picture; web-share\" referrerpolicy=\"strict-origin-when-cross-origin\" allowfullscreen><\/iframe><\/p>\n<p><span style=\"font-size: 14pt;\"><strong>&#8220;<b>El millor del fred&#8221; (N\u00faria Albert\u00ed)<\/b><\/strong><\/span><\/p>\n<p><iframe loading=\"lazy\" title=\"P4 Poema Nadal&#039;22\" width=\"500\" height=\"281\" src=\"https:\/\/www.youtube.com\/embed\/AfjuJnaW4oY?feature=oembed\" frameborder=\"0\" allow=\"accelerometer; autoplay; clipboard-write; encrypted-media; gyroscope; picture-in-picture; web-share\" referrerpolicy=\"strict-origin-when-cross-origin\" allowfullscreen><\/iframe><\/p>\n<p><span style=\"font-size: 14pt; background-color: #00ffff;\"><strong>\u2728P5<\/strong><\/span><\/p>\n<p><span style=\"font-size: 14pt;\"><strong><b>&#8220;Tingueu molt bones festes!&#8221;<\/b><\/strong><\/span><\/p>\n<p><iframe loading=\"lazy\" title=\"P5 Tingueu molt bones festes&#039;22\" width=\"500\" height=\"281\" src=\"https:\/\/www.youtube.com\/embed\/7al8oNEP0Dg?feature=oembed\" frameborder=\"0\" allow=\"accelerometer; autoplay; clipboard-write; encrypted-media; gyroscope; picture-in-picture; web-share\" referrerpolicy=\"strict-origin-when-cross-origin\" allowfullscreen><\/iframe><\/p>\n<p><span style=\"font-size: 14pt;\"><strong><b>&#8220;Santa, where are you?&#8221;<\/b><\/strong><\/span><\/p>\n<p><iframe loading=\"lazy\" title=\"P5 Santa where are you&#039;22\" width=\"500\" height=\"281\" src=\"https:\/\/www.youtube.com\/embed\/sqwRSqUrgo4?feature=oembed\" frameborder=\"0\" allow=\"accelerometer; autoplay; clipboard-write; encrypted-media; gyroscope; picture-in-picture; web-share\" referrerpolicy=\"strict-origin-when-cross-origin\" allowfullscreen><\/iframe><\/p>\n<p><span style=\"font-size: 14pt;\"><strong>&#8220;De totes les festes m&#8217;agrada el Nadal&#8221; <b>(An\u00f2nim)<\/b><\/strong><\/span><\/p>\n<p><iframe loading=\"lazy\" title=\"P5 Poema de Nadal&#039;22\" width=\"500\" height=\"281\" src=\"https:\/\/www.youtube.com\/embed\/V61EBBCq26U?feature=oembed\" frameborder=\"0\" allow=\"accelerometer; autoplay; clipboard-write; encrypted-media; gyroscope; picture-in-picture; web-share\" referrerpolicy=\"strict-origin-when-cross-origin\" allowfullscreen><\/iframe><\/p>\n<p>&nbsp;<\/p>\n<p><span style=\"font-size: 14pt;\"><img loading=\"lazy\" decoding=\"async\" class=\"\" src=\"https:\/\/www.desiglitters.com\/wp-content\/uploads\/2017\/05\/Rainbow-Stars-Glitter.gif\" alt=\"Stars Glitters, GIF, Images - Page 3\" width=\"194\" height=\"158\" \/><img decoding=\"async\" src=\"https:\/\/www.desiglitters.com\/wp-content\/uploads\/2017\/05\/Rainbow-Stars-Glitter.gif\" alt=\"Stars Glitters, GIF, Images - Page 3\" \/><img decoding=\"async\" src=\"https:\/\/www.desiglitters.com\/wp-content\/uploads\/2017\/05\/Rainbow-Stars-Glitter.gif\" alt=\"Stars Glitters, GIF, Images - Page 3\" \/><img decoding=\"async\" src=\"https:\/\/www.desiglitters.com\/wp-content\/uploads\/2017\/05\/Rainbow-Stars-Glitter.gif\" alt=\"Stars Glitters, GIF, Images - Page 3\" \/><\/span><\/p>\n<p><span style=\"font-size: 14pt;\"><strong><span style=\"background-color: #00ffff;\">\ud83c\udf1f<\/span><span style=\"text-decoration: underline; background-color: #00ffff;\">EDUCACI\u00d3 PRIM\u00c0RIA<\/span><\/strong><\/span><\/p>\n<p><span style=\"font-size: 14pt; background-color: #00ffff;\"><strong>1r<\/strong><\/span><\/p>\n<p><span style=\"font-size: 14pt;\"><strong><b>&#8220;Petit titella&#8221;<\/b><\/strong><\/span><\/p>\n<p><iframe loading=\"lazy\" title=\"1r Petit titella&#039;22\" width=\"500\" height=\"281\" src=\"https:\/\/www.youtube.com\/embed\/lAIPHtTz_d8?feature=oembed\" frameborder=\"0\" allow=\"accelerometer; autoplay; clipboard-write; encrypted-media; gyroscope; picture-in-picture; web-share\" referrerpolicy=\"strict-origin-when-cross-origin\" allowfullscreen><\/iframe><\/p>\n<p><span style=\"font-size: 14pt;\"><strong><b>&#8220;Jingle, jingle little bell&#8221;<\/b><\/strong><\/span><\/p>\n<p><iframe loading=\"lazy\" title=\"1r Jingle little bell&#039;22\" width=\"500\" height=\"281\" src=\"https:\/\/www.youtube.com\/embed\/9dRjahtLMdM?feature=oembed\" frameborder=\"0\" allow=\"accelerometer; autoplay; clipboard-write; encrypted-media; gyroscope; picture-in-picture; web-share\" referrerpolicy=\"strict-origin-when-cross-origin\" allowfullscreen><\/iframe><\/p>\n<p><span style=\"font-size: 14pt;\"><strong>&#8220;<\/strong><b>Nit de Nadal&#8221; <\/b><b>(Laia Torres. Adaptaci\u00f3)<\/b><\/span><\/p>\n<p><iframe loading=\"lazy\" title=\"1r Nit de Nadal&#039;22\" width=\"500\" height=\"281\" src=\"https:\/\/www.youtube.com\/embed\/Xt35Hr0RCMU?feature=oembed\" frameborder=\"0\" allow=\"accelerometer; autoplay; clipboard-write; encrypted-media; gyroscope; picture-in-picture; web-share\" referrerpolicy=\"strict-origin-when-cross-origin\" allowfullscreen><\/iframe><\/p>\n<p><span style=\"font-size: 14pt; background-color: #00ffff;\"><strong>2n<\/strong><\/span><\/p>\n<p><span style=\"font-size: 14pt;\"><strong><b>&#8220;El sac del Pare Noel&#8221;<\/b><\/strong><\/span><\/p>\n<p><iframe loading=\"lazy\" title=\"2n El sac del Pare Noel&#039;22\" width=\"500\" height=\"281\" src=\"https:\/\/www.youtube.com\/embed\/2VrR6IzN5QQ?feature=oembed\" frameborder=\"0\" allow=\"accelerometer; autoplay; clipboard-write; encrypted-media; gyroscope; picture-in-picture; web-share\" referrerpolicy=\"strict-origin-when-cross-origin\" allowfullscreen><\/iframe><\/p>\n<p><span style=\"font-size: 14pt;\"><strong><b>&#8220;Father Christmas&#8221;<\/b><\/strong><\/span><\/p>\n<p><iframe loading=\"lazy\" title=\"2n Father Christmas&#039;22\" width=\"500\" height=\"281\" src=\"https:\/\/www.youtube.com\/embed\/RZs0FWj1pdM?feature=oembed\" frameborder=\"0\" allow=\"accelerometer; autoplay; clipboard-write; encrypted-media; gyroscope; picture-in-picture; web-share\" referrerpolicy=\"strict-origin-when-cross-origin\" allowfullscreen><\/iframe><\/p>\n<p><span style=\"font-size: 14pt;\"><strong>&#8220;<b>Nadal M\u00e0gic&#8221; (Montse Assens)<\/b><\/strong><\/span><\/p>\n<p><iframe loading=\"lazy\" title=\"2n Nadal M\u00e0gic&#039;22\" width=\"500\" height=\"281\" src=\"https:\/\/www.youtube.com\/embed\/CpixRgEA9Ls?feature=oembed\" frameborder=\"0\" allow=\"accelerometer; autoplay; clipboard-write; encrypted-media; gyroscope; picture-in-picture; web-share\" referrerpolicy=\"strict-origin-when-cross-origin\" allowfullscreen><\/iframe><\/p>\n<p><span style=\"background-color: #00ffff; font-size: 14pt;\"><strong>3r<\/strong><\/span><\/p>\n<p><span style=\"font-size: 14pt;\"><strong><b>&#8220;Dimoni pelut&#8221;<\/b><\/strong><\/span><\/p>\n<p><iframe loading=\"lazy\" title=\"3r Dimoni pelut&#039;22\" width=\"500\" height=\"281\" src=\"https:\/\/www.youtube.com\/embed\/XdIL-J72mEE?feature=oembed\" frameborder=\"0\" allow=\"accelerometer; autoplay; clipboard-write; encrypted-media; gyroscope; picture-in-picture; web-share\" referrerpolicy=\"strict-origin-when-cross-origin\" allowfullscreen><\/iframe><\/p>\n<p><span style=\"font-size: 14pt;\"><strong><b>&#8220;This little light of mine&#8221;<\/b><\/strong><\/span><\/p>\n<p><iframe loading=\"lazy\" title=\"3r Little light of mine&#039;22\" width=\"500\" height=\"281\" src=\"https:\/\/www.youtube.com\/embed\/PZxXBeY0xg8?feature=oembed\" frameborder=\"0\" allow=\"accelerometer; autoplay; clipboard-write; encrypted-media; gyroscope; picture-in-picture; web-share\" referrerpolicy=\"strict-origin-when-cross-origin\" allowfullscreen><\/iframe><\/p>\n<p><span style=\"font-size: 14pt;\"><strong>&#8220;<b>Nadal a l\u2019estiu&#8221; (Joan Vilardell Caix\u00e0s)<\/b><\/strong><\/span><\/p>\n<p><iframe loading=\"lazy\" title=\"3r Nadal a l&#039;estiu&#039;22\" width=\"500\" height=\"281\" src=\"https:\/\/www.youtube.com\/embed\/2cPjWhoFA-U?feature=oembed\" frameborder=\"0\" allow=\"accelerometer; autoplay; clipboard-write; encrypted-media; gyroscope; picture-in-picture; web-share\" referrerpolicy=\"strict-origin-when-cross-origin\" allowfullscreen><\/iframe><\/p>\n<p><span style=\"font-size: 14pt;\"><strong><span style=\"background-color: #00ffff;\">4t<\/span><\/strong><\/span><\/p>\n<p><span style=\"font-size: 14pt;\"><strong><b>&#8220;M&#8217;agrada tant fer-te feli\u00e7&#8221;<\/b><\/strong><\/span><\/p>\n<p><iframe loading=\"lazy\" title=\"4t M&#039;agrada tant fer-te feli\u00e7\" width=\"500\" height=\"281\" src=\"https:\/\/www.youtube.com\/embed\/fHyF2GN7VKU?feature=oembed\" frameborder=\"0\" allow=\"accelerometer; autoplay; clipboard-write; encrypted-media; gyroscope; picture-in-picture; web-share\" referrerpolicy=\"strict-origin-when-cross-origin\" allowfullscreen><\/iframe><\/p>\n<p><span style=\"font-size: 14pt;\"><strong><b>&#8220;Up on the housetop&#8221;<\/b><\/strong><\/span><\/p>\n<p><iframe loading=\"lazy\" title=\"4t Up on the housetop&#039;22\" width=\"500\" height=\"281\" src=\"https:\/\/www.youtube.com\/embed\/NXjG633rfhg?feature=oembed\" frameborder=\"0\" allow=\"accelerometer; autoplay; clipboard-write; encrypted-media; gyroscope; picture-in-picture; web-share\" referrerpolicy=\"strict-origin-when-cross-origin\" allowfullscreen><\/iframe><\/p>\n<p><span style=\"font-size: 14pt;\"><strong>&#8220;<b>Anuncia Nadal&#8221; (Isabel Barriel)<\/b><\/strong><\/span><\/p>\n<p><iframe loading=\"lazy\" title=\"4t Poema Anuncia Nadal&#039;22\" width=\"500\" height=\"281\" src=\"https:\/\/www.youtube.com\/embed\/keWKW9bIlNk?feature=oembed\" frameborder=\"0\" allow=\"accelerometer; autoplay; clipboard-write; encrypted-media; gyroscope; picture-in-picture; web-share\" referrerpolicy=\"strict-origin-when-cross-origin\" allowfullscreen><\/iframe><\/p>\n<p><span style=\"font-size: 14pt; background-color: #00ffff;\"><strong>5\u00e8<\/strong><\/span><\/p>\n<p><span style=\"font-size: 14pt;\"><strong><b>&#8220;S&#8217;acosta el Nadal&#8221;<\/b><\/strong><\/span><\/p>\n<p><iframe loading=\"lazy\" title=\"5e S&#039;acosta el Nadal&#039;22\" width=\"500\" height=\"281\" src=\"https:\/\/www.youtube.com\/embed\/eD3sZwuBw8E?feature=oembed\" frameborder=\"0\" allow=\"accelerometer; autoplay; clipboard-write; encrypted-media; gyroscope; picture-in-picture; web-share\" referrerpolicy=\"strict-origin-when-cross-origin\" allowfullscreen><\/iframe><\/p>\n<p><span style=\"font-size: 14pt;\"><strong><b>&#8220;Wonderful Christmas time&#8221;<\/b><\/strong><\/span><\/p>\n<p><iframe loading=\"lazy\" title=\"5\u00e8 Wonderful Christmas time&#039;22\" width=\"500\" height=\"281\" src=\"https:\/\/www.youtube.com\/embed\/SW7VmI_7PFI?feature=oembed\" frameborder=\"0\" allow=\"accelerometer; autoplay; clipboard-write; encrypted-media; gyroscope; picture-in-picture; web-share\" referrerpolicy=\"strict-origin-when-cross-origin\" allowfullscreen><\/iframe><\/p>\n<p><span style=\"font-size: 14pt;\"><strong>&#8220;<b>L\u2019home dels Nassos&#8221; (Francesc Gisbert)<\/b><\/strong><\/span><\/p>\n<p><iframe loading=\"lazy\" title=\"5\u00e8 L&#039;home dels nassos&#039;22\" width=\"500\" height=\"281\" src=\"https:\/\/www.youtube.com\/embed\/1H7TGLZb2o0?feature=oembed\" frameborder=\"0\" allow=\"accelerometer; autoplay; clipboard-write; encrypted-media; gyroscope; picture-in-picture; web-share\" referrerpolicy=\"strict-origin-when-cross-origin\" allowfullscreen><\/iframe><\/p>\n<p><span style=\"background-color: #00ffff; font-size: 14pt;\"><strong>6\u00e8<\/strong><\/span><\/p>\n<p><span style=\"font-size: 14pt;\"><strong><b>&#8220;Caganer Rock&#8221;<\/b><\/strong><\/span><\/p>\n<p><iframe loading=\"lazy\" title=\"6e Caganer Rock&#039;22\" width=\"500\" height=\"281\" src=\"https:\/\/www.youtube.com\/embed\/5PY6JEr6HT8?feature=oembed\" frameborder=\"0\" allow=\"accelerometer; autoplay; clipboard-write; encrypted-media; gyroscope; picture-in-picture; web-share\" referrerpolicy=\"strict-origin-when-cross-origin\" allowfullscreen><\/iframe><\/p>\n<p><span style=\"font-size: 14pt;\"><strong><b>&#8220;Step into Christmas&#8221;<\/b><\/strong><\/span><\/p>\n<p><iframe loading=\"lazy\" title=\"6th Step into Christmas&#039;22\" width=\"500\" height=\"281\" src=\"https:\/\/www.youtube.com\/embed\/T9G2pFdugjI?feature=oembed\" frameborder=\"0\" allow=\"accelerometer; autoplay; clipboard-write; encrypted-media; gyroscope; picture-in-picture; web-share\" referrerpolicy=\"strict-origin-when-cross-origin\" allowfullscreen><\/iframe><\/p>\n<p><span style=\"font-size: 14pt;\"><strong>&#8220;<b>Com si f\u00f3ssiu nens&#8221; (Dani Espresate)<\/b><\/strong><\/span><\/p>\n<p><iframe loading=\"lazy\" title=\"6\u00e8 Com si f\u00f3ssiu nens&#039;22\" width=\"500\" height=\"281\" src=\"https:\/\/www.youtube.com\/embed\/xDVHpTA8neE?feature=oembed\" frameborder=\"0\" allow=\"accelerometer; autoplay; clipboard-write; encrypted-media; gyroscope; picture-in-picture; web-share\" referrerpolicy=\"strict-origin-when-cross-origin\" allowfullscreen><\/iframe><\/p>\n<p><span style=\"font-size: 36pt;\"><strong>Us desitgem unes molt <span style=\"color: #ff0000;\">B<\/span><span style=\"color: #008000;\">O<\/span><span style=\"color: #ff6600;\">N<\/span><span style=\"color: #0000ff;\">E<\/span><span style=\"color: #cc99ff;\">S<\/span> <span style=\"color: #808080;\">F<\/span><span style=\"color: #ff00ff;\">E<\/span><span style=\"color: #00ffff;\">S<\/span><span style=\"color: #ff0000;\">T<\/span><span style=\"color: #008000;\">E<\/span><span style=\"color: #ff99cc;\">S<\/span> i un <span style=\"background-color: #ffff00;\">FELI\u00c7 2023<\/span>!!! <\/strong><\/span><\/p>\n<p><span style=\"font-size: 36pt;\"><strong>\ud83d\ude0d\ud83d\udcab\ud83c\udf84\ud83c\udfb6\ud83c\udf1f\u2744\u26c4<\/strong><\/span><\/p>\n<p><img loading=\"lazy\" decoding=\"async\" class=\"\" src=\"https:\/\/images-wixmp-ed30a86b8c4ca887773594c2.wixmp.com\/f\/87474851-d45e-436f-80d4-d1854d26f799\/d2f4lbt-a163eca1-4f46-43fd-8993-b2a2835d2aad.gif?token=eyJ0eXAiOiJKV1QiLCJhbGciOiJIUzI1NiJ9.eyJzdWIiOiJ1cm46YXBwOjdlMGQxODg5ODIyNjQzNzNhNWYwZDQxNWVhMGQyNmUwIiwiaXNzIjoidXJuOmFwcDo3ZTBkMTg4OTgyMjY0MzczYTVmMGQ0MTVlYTBkMjZlMCIsIm9iaiI6W1t7InBhdGgiOiJcL2ZcLzg3NDc0ODUxLWQ0NWUtNDM2Zi04MGQ0LWQxODU0ZDI2Zjc5OVwvZDJmNGxidC1hMTYzZWNhMS00ZjQ2LTQzZmQtODk5My1iMmEyODM1ZDJhYWQuZ2lmIn1dXSwiYXVkIjpbInVybjpzZXJ2aWNlOmZpbGUuZG93bmxvYWQiXX0.ELaMc_FZoTjhb0Ggcckxs531VudAv5EhAFagtypfbLc\" alt=\"Animated Christmas Tree 1425x1509 by Craig-Larsen on DeviantArt\" width=\"1001\" height=\"1060\" \/><\/p>\n<p style=\"text-align: justify;\"><span style=\"color: #0000ff; font-size: 14pt;\"><strong>Equip de mestres del Cassi\u00e0 Costal&#8230; sempre endavant! \u2665<\/strong><\/span><\/p>\n<p>&nbsp;<\/p>\n","protected":false},"excerpt":{"rendered":"<p>El passat divendres 16 de desembre tots els nens i nenes de l&#8217;escola vam anar a cantar unes can\u00e7ons i vam recitar uns poemes al Centre C\u00edvic de Sant Narc\u00eds.<\/p>\n<p>Va ser un mat\u00ed molt esperat, amb molts nervis per\u00f2 amb molta il\u00b7lusi\u00f3. Quin festival de Nadal!&hellip;  <a href=\"https:\/\/agora.xtec.cat\/ceipcassiacostal\/general\/%e2%99%aa-festival-de-nadal-al-centre-civic\/\" title=\"Read \u266a Festival de Nadal al Centre C\u00edvic\">Llegeix m\u00e9s\u00bb<\/a><\/p>\n","protected":false},"author":1,"featured_media":28210,"comment_status":"open","ping_status":"closed","sticky":false,"template":"","format":"standard","meta":{"_bbp_topic_count":0,"_bbp_reply_count":0,"_bbp_total_topic_count":0,"_bbp_total_reply_count":0,"_bbp_voice_count":0,"_bbp_anonymous_reply_count":0,"_bbp_topic_count_hidden":0,"_bbp_reply_count_hidden":0,"_bbp_forum_subforum_count":0,"footnotes":""},"categories":[10,11,12,13,14,15,97,183,28,1,3,8,9,2,182,4,5],"tags":[],"class_list":["post-28198","post","type-post","status-publish","format-standard","has-post-thumbnail","hentry","category-1r","category-2n","category-3r","category-4t","category-5e","category-6e","category-activitats-familiars-fora-de-lescola","category-angles","category-especialitats","category-general","category-i3","category-i4","category-i5","category-infantil","category-musica","category-portada","category-primaria"],"post_mailing_queue_ids":[],"_links":{"self":[{"href":"https:\/\/agora.xtec.cat\/ceipcassiacostal\/wp-json\/wp\/v2\/posts\/28198","targetHints":{"allow":["GET"]}}],"collection":[{"href":"https:\/\/agora.xtec.cat\/ceipcassiacostal\/wp-json\/wp\/v2\/posts"}],"about":[{"href":"https:\/\/agora.xtec.cat\/ceipcassiacostal\/wp-json\/wp\/v2\/types\/post"}],"author":[{"embeddable":true,"href":"https:\/\/agora.xtec.cat\/ceipcassiacostal\/wp-json\/wp\/v2\/users\/1"}],"replies":[{"embeddable":true,"href":"https:\/\/agora.xtec.cat\/ceipcassiacostal\/wp-json\/wp\/v2\/comments?post=28198"}],"version-history":[{"count":3,"href":"https:\/\/agora.xtec.cat\/ceipcassiacostal\/wp-json\/wp\/v2\/posts\/28198\/revisions"}],"predecessor-version":[{"id":28323,"href":"https:\/\/agora.xtec.cat\/ceipcassiacostal\/wp-json\/wp\/v2\/posts\/28198\/revisions\/28323"}],"wp:featuredmedia":[{"embeddable":true,"href":"https:\/\/agora.xtec.cat\/ceipcassiacostal\/wp-json\/wp\/v2\/media\/28210"}],"wp:attachment":[{"href":"https:\/\/agora.xtec.cat\/ceipcassiacostal\/wp-json\/wp\/v2\/media?parent=28198"}],"wp:term":[{"taxonomy":"category","embeddable":true,"href":"https:\/\/agora.xtec.cat\/ceipcassiacostal\/wp-json\/wp\/v2\/categories?post=28198"},{"taxonomy":"post_tag","embeddable":true,"href":"https:\/\/agora.xtec.cat\/ceipcassiacostal\/wp-json\/wp\/v2\/tags?post=28198"}],"curies":[{"name":"wp","href":"https:\/\/api.w.org\/{rel}","templated":true}]}}