{"id":25428,"date":"2022-04-29T20:13:39","date_gmt":"2022-04-29T18:13:39","guid":{"rendered":"https:\/\/agora.xtec.cat\/ceipcassiacostal\/?p=25428"},"modified":"2022-05-01T20:35:16","modified_gmt":"2022-05-01T18:35:16","slug":"3r-i-4t-celebrem-el-sant-jordi","status":"publish","type":"post","link":"https:\/\/agora.xtec.cat\/ceipcassiacostal\/general\/3r-i-4t-celebrem-el-sant-jordi\/","title":{"rendered":"3r i 4t: Celebrem el SANT JORDI!"},"content":{"rendered":"<p>Benvolgudes fam\u00edlies de tercer i quart,<\/p>\n<p><strong>\ud83c\udf39Divendres 22 d&#8217;abril<\/strong> vam celebrar la Diada de Sant Jordi a l&#8217;escola, tot fent diverses activitats relacionades amb aquesta tradici\u00f3 catalana.\u00a0 Durant al llarg del mat\u00ed, els nens i nenes van fer dibuixos, van elaborar una auca (una hist\u00f2ria pict\u00f2rica pr\u00f2pia de la cultura catalana que sol representar un esdeveniment hist\u00f2ric, una llegenda&#8230;), van escoltar can\u00e7ons, etc.<\/p>\n<p>A la tarda, tots junts vam fer el recital de poemes al pavell\u00f3 i aqu\u00ed podeu veure una mostra de les <span style=\"text-decoration: underline\"><strong>fotos<\/strong>:<\/span><\/p>\n<p><a href=\"https:\/\/agora.xtec.cat\/ceipcassiacostal\/wp-content\/uploads\/usu719\/2022\/04\/1-6.jpg\"><img loading=\"lazy\" decoding=\"async\" class=\"alignnone size-full wp-image-25437\" src=\"https:\/\/agora.xtec.cat\/ceipcassiacostal\/wp-content\/uploads\/usu719\/2022\/04\/1-6.jpg\" alt=\"\" width=\"2000\" height=\"1600\" srcset=\"https:\/\/agora.xtec.cat\/ceipcassiacostal\/wp-content\/uploads\/usu719\/2022\/04\/1-6.jpg 2000w, https:\/\/agora.xtec.cat\/ceipcassiacostal\/wp-content\/uploads\/usu719\/2022\/04\/1-6-300x240.jpg 300w, https:\/\/agora.xtec.cat\/ceipcassiacostal\/wp-content\/uploads\/usu719\/2022\/04\/1-6-1024x819.jpg 1024w, https:\/\/agora.xtec.cat\/ceipcassiacostal\/wp-content\/uploads\/usu719\/2022\/04\/1-6-768x614.jpg 768w, https:\/\/agora.xtec.cat\/ceipcassiacostal\/wp-content\/uploads\/usu719\/2022\/04\/1-6-1536x1229.jpg 1536w\" sizes=\"auto, (max-width: 2000px) 100vw, 2000px\" \/><\/a> <a href=\"https:\/\/agora.xtec.cat\/ceipcassiacostal\/wp-content\/uploads\/usu719\/2022\/04\/2-6.jpg\"><img loading=\"lazy\" decoding=\"async\" class=\"alignnone size-full wp-image-25438\" src=\"https:\/\/agora.xtec.cat\/ceipcassiacostal\/wp-content\/uploads\/usu719\/2022\/04\/2-6.jpg\" alt=\"\" width=\"2000\" height=\"1600\" srcset=\"https:\/\/agora.xtec.cat\/ceipcassiacostal\/wp-content\/uploads\/usu719\/2022\/04\/2-6.jpg 2000w, https:\/\/agora.xtec.cat\/ceipcassiacostal\/wp-content\/uploads\/usu719\/2022\/04\/2-6-300x240.jpg 300w, https:\/\/agora.xtec.cat\/ceipcassiacostal\/wp-content\/uploads\/usu719\/2022\/04\/2-6-1024x819.jpg 1024w, https:\/\/agora.xtec.cat\/ceipcassiacostal\/wp-content\/uploads\/usu719\/2022\/04\/2-6-768x614.jpg 768w, https:\/\/agora.xtec.cat\/ceipcassiacostal\/wp-content\/uploads\/usu719\/2022\/04\/2-6-1536x1229.jpg 1536w\" sizes=\"auto, (max-width: 2000px) 100vw, 2000px\" \/><\/a> <a href=\"https:\/\/agora.xtec.cat\/ceipcassiacostal\/wp-content\/uploads\/usu719\/2022\/04\/3-3.jpg\"><img loading=\"lazy\" decoding=\"async\" class=\"alignnone size-full wp-image-25439\" src=\"https:\/\/agora.xtec.cat\/ceipcassiacostal\/wp-content\/uploads\/usu719\/2022\/04\/3-3.jpg\" alt=\"\" width=\"2000\" height=\"1600\" srcset=\"https:\/\/agora.xtec.cat\/ceipcassiacostal\/wp-content\/uploads\/usu719\/2022\/04\/3-3.jpg 2000w, https:\/\/agora.xtec.cat\/ceipcassiacostal\/wp-content\/uploads\/usu719\/2022\/04\/3-3-300x240.jpg 300w, https:\/\/agora.xtec.cat\/ceipcassiacostal\/wp-content\/uploads\/usu719\/2022\/04\/3-3-1024x819.jpg 1024w, https:\/\/agora.xtec.cat\/ceipcassiacostal\/wp-content\/uploads\/usu719\/2022\/04\/3-3-768x614.jpg 768w, https:\/\/agora.xtec.cat\/ceipcassiacostal\/wp-content\/uploads\/usu719\/2022\/04\/3-3-1536x1229.jpg 1536w\" sizes=\"auto, (max-width: 2000px) 100vw, 2000px\" \/><\/a> <a href=\"https:\/\/agora.xtec.cat\/ceipcassiacostal\/wp-content\/uploads\/usu719\/2022\/04\/4-1.jpg\"><img loading=\"lazy\" decoding=\"async\" class=\"alignnone size-full wp-image-25440\" src=\"https:\/\/agora.xtec.cat\/ceipcassiacostal\/wp-content\/uploads\/usu719\/2022\/04\/4-1.jpg\" alt=\"\" width=\"2000\" height=\"1600\" srcset=\"https:\/\/agora.xtec.cat\/ceipcassiacostal\/wp-content\/uploads\/usu719\/2022\/04\/4-1.jpg 2000w, https:\/\/agora.xtec.cat\/ceipcassiacostal\/wp-content\/uploads\/usu719\/2022\/04\/4-1-300x240.jpg 300w, https:\/\/agora.xtec.cat\/ceipcassiacostal\/wp-content\/uploads\/usu719\/2022\/04\/4-1-1024x819.jpg 1024w, https:\/\/agora.xtec.cat\/ceipcassiacostal\/wp-content\/uploads\/usu719\/2022\/04\/4-1-768x614.jpg 768w, https:\/\/agora.xtec.cat\/ceipcassiacostal\/wp-content\/uploads\/usu719\/2022\/04\/4-1-1536x1229.jpg 1536w\" sizes=\"auto, (max-width: 2000px) 100vw, 2000px\" \/><\/a><\/p>\n<p><span style=\"text-decoration: underline\"><strong>V\u00eddeos<\/strong> dels poemes recitats al pavell\u00f3:<\/span><\/p>\n<p><span style=\"background-color: #ffff00\"><strong>3r A:<\/strong><\/span><\/p>\n<p><iframe loading=\"lazy\" title=\"3r A  Sant Jordi 2022\" width=\"500\" height=\"281\" src=\"https:\/\/www.youtube.com\/embed\/l7Pda4yGFTU?feature=oembed\" frameborder=\"0\" allow=\"accelerometer; autoplay; clipboard-write; encrypted-media; gyroscope; picture-in-picture; web-share\" referrerpolicy=\"strict-origin-when-cross-origin\" allowfullscreen><\/iframe><\/p>\n<p><span style=\"background-color: #ffff00\"><strong>3r B:<\/strong><\/span><\/p>\n<p><iframe loading=\"lazy\" title=\"3rB Sant Jordi 2022\" width=\"500\" height=\"281\" src=\"https:\/\/www.youtube.com\/embed\/WtG0yxdZooE?feature=oembed\" frameborder=\"0\" allow=\"accelerometer; autoplay; clipboard-write; encrypted-media; gyroscope; picture-in-picture; web-share\" referrerpolicy=\"strict-origin-when-cross-origin\" allowfullscreen><\/iframe><\/p>\n<p><strong><span style=\"background-color: #ffff00\">4t A:<\/span><\/strong><\/p>\n<p><iframe loading=\"lazy\" title=\"4A   Sant Jordi 2022\" width=\"500\" height=\"281\" src=\"https:\/\/www.youtube.com\/embed\/uyTTY7lTIDI?feature=oembed\" frameborder=\"0\" allow=\"accelerometer; autoplay; clipboard-write; encrypted-media; gyroscope; picture-in-picture; web-share\" referrerpolicy=\"strict-origin-when-cross-origin\" allowfullscreen><\/iframe><\/p>\n<p><span style=\"background-color: #ffff00\"><strong>4t B:<\/strong><\/span><\/p>\n<p><iframe loading=\"lazy\" title=\"4B  Sant Jordi 2022\" width=\"500\" height=\"281\" src=\"https:\/\/www.youtube.com\/embed\/LbJe4foSIpo?feature=oembed\" frameborder=\"0\" allow=\"accelerometer; autoplay; clipboard-write; encrypted-media; gyroscope; picture-in-picture; web-share\" referrerpolicy=\"strict-origin-when-cross-origin\" allowfullscreen><\/iframe><\/p>\n<p>A m\u00fasica, vam aprendre un rap, el Rap de Sant Jordi. Aqu\u00ed podeu escoltar-ne un trosset!!<\/p>\n<p><iframe loading=\"lazy\" title=\"V\u00cdDEO RAP CM\" width=\"500\" height=\"281\" src=\"https:\/\/www.youtube.com\/embed\/fLcGdwAFFHQ?feature=oembed\" frameborder=\"0\" allow=\"accelerometer; autoplay; clipboard-write; encrypted-media; gyroscope; picture-in-picture; web-share\" referrerpolicy=\"strict-origin-when-cross-origin\" allowfullscreen><\/iframe><\/p>\n<p>Va ser un dia especial i tots els nens i nenes s&#8217;ho van passar molt b\u00e9!<\/p>\n<p>Esperem que us hagi agradat i el detall de la rosa que heu rebut a casa amb el poema treballat, tamb\u00e9.<\/p>\n<p>&nbsp;<\/p>\n<p>\ud83c\udf39<strong><span style=\"color: #008000\"><em>\u201c\u00c9s el temps que has dedicat a la teva rosa el que la fa tan important\u201d<\/em><\/span>\ud83d\udcd6<\/strong><\/p>\n<p>Tutors i especialistes de 3r i 4t.<\/p>\n<p>&nbsp;<\/p>\n","protected":false},"excerpt":{"rendered":"<p>\ud83c\udf39Divendres 22 d&#8217;abril vam celebrar la Diada de Sant Jordi a l&#8217;escola, tot fent diverses activitats relacionades amb aquesta tradici\u00f3 catalana.\u00a0&hellip;  <a href=\"https:\/\/agora.xtec.cat\/ceipcassiacostal\/general\/3r-i-4t-celebrem-el-sant-jordi\/\" title=\"Read 3r i 4t: Celebrem el SANT JORDI!\">Llegeix m\u00e9s\u00bb<\/a><\/p>\n","protected":false},"author":17,"featured_media":25430,"comment_status":"open","ping_status":"closed","sticky":false,"template":"","format":"standard","meta":{"_bbp_topic_count":0,"_bbp_reply_count":0,"_bbp_total_topic_count":0,"_bbp_total_reply_count":0,"_bbp_voice_count":0,"_bbp_anonymous_reply_count":0,"_bbp_topic_count_hidden":0,"_bbp_reply_count_hidden":0,"_bbp_forum_subforum_count":0,"footnotes":""},"categories":[12,13,34,124,28,1,182,4,5,27],"tags":[],"class_list":["post-25428","post","type-post","status-publish","format-standard","has-post-thumbnail","hentry","category-3r","category-4t","category-consell-dalumnes","category-els-colors-de-la-llengua","category-especialitats","category-general","category-musica","category-portada","category-primaria","category-revista"],"post_mailing_queue_ids":[],"_links":{"self":[{"href":"https:\/\/agora.xtec.cat\/ceipcassiacostal\/wp-json\/wp\/v2\/posts\/25428","targetHints":{"allow":["GET"]}}],"collection":[{"href":"https:\/\/agora.xtec.cat\/ceipcassiacostal\/wp-json\/wp\/v2\/posts"}],"about":[{"href":"https:\/\/agora.xtec.cat\/ceipcassiacostal\/wp-json\/wp\/v2\/types\/post"}],"author":[{"embeddable":true,"href":"https:\/\/agora.xtec.cat\/ceipcassiacostal\/wp-json\/wp\/v2\/users\/17"}],"replies":[{"embeddable":true,"href":"https:\/\/agora.xtec.cat\/ceipcassiacostal\/wp-json\/wp\/v2\/comments?post=25428"}],"version-history":[{"count":4,"href":"https:\/\/agora.xtec.cat\/ceipcassiacostal\/wp-json\/wp\/v2\/posts\/25428\/revisions"}],"predecessor-version":[{"id":25565,"href":"https:\/\/agora.xtec.cat\/ceipcassiacostal\/wp-json\/wp\/v2\/posts\/25428\/revisions\/25565"}],"wp:featuredmedia":[{"embeddable":true,"href":"https:\/\/agora.xtec.cat\/ceipcassiacostal\/wp-json\/wp\/v2\/media\/25430"}],"wp:attachment":[{"href":"https:\/\/agora.xtec.cat\/ceipcassiacostal\/wp-json\/wp\/v2\/media?parent=25428"}],"wp:term":[{"taxonomy":"category","embeddable":true,"href":"https:\/\/agora.xtec.cat\/ceipcassiacostal\/wp-json\/wp\/v2\/categories?post=25428"},{"taxonomy":"post_tag","embeddable":true,"href":"https:\/\/agora.xtec.cat\/ceipcassiacostal\/wp-json\/wp\/v2\/tags?post=25428"}],"curies":[{"name":"wp","href":"https:\/\/api.w.org\/{rel}","templated":true}]}}