{"id":24968,"date":"2022-03-24T14:24:14","date_gmt":"2022-03-24T13:24:14","guid":{"rendered":"https:\/\/agora.xtec.cat\/ceipcassiacostal\/?p=24968"},"modified":"2022-05-01T20:31:18","modified_gmt":"2022-05-01T18:31:18","slug":"5e-sortida-de-musica-balla-amb-la-fallera-gironina","status":"publish","type":"post","link":"https:\/\/agora.xtec.cat\/ceipcassiacostal\/general\/5e-sortida-de-musica-balla-amb-la-fallera-gironina\/","title":{"rendered":"5\u00e8: Sortida de m\u00fasica &#8220;Balla amb la Fal\u00b7lera gironina!&#8221;"},"content":{"rendered":"<p>Bon dia fam\u00edlies de 5\u00e8!<\/p>\n<p>El passat <strong>divendres 18 de mar\u00e7 <\/strong>al mat\u00ed, vam anar a la sortida de m\u00fasica <span style=\"background-color: #ffff00;color: #0000ff\"><strong>&#8220;Balla amb la Fal\u00b7lera gironina&#8221;<\/strong><\/span> amb els nens i nenes de <span style=\"font-size: 14pt\"><strong>cinqu\u00e8<\/strong><\/span>. Caminant sota el \u2614xiri biri de la pluja, vam arribar a <strong>Mas Abella<\/strong>, on all\u00e0 ens esperaven els monitors de l&#8217;activitat.<\/p>\n<ul>\n<li><strong>\u00a0Qu\u00e8 \u00e9s la Fal\u00b7lera gironina? \ud83d\ude0f<\/strong><\/li>\n<\/ul>\n<p>La Fal\u00b7lera Gironina\u00a0\u00e9s una entitat que sorgeix a finals dels anys 90, concretament el 1997. Des d\u2019aleshores, s\u2019ha dedicat a recuperar la <strong>tradici\u00f3 gegantera a Girona<\/strong> i a mostrar la <strong>imatgeria (bestiari)<\/strong> de la ciutat en cercaviles de pobles i ciutats d&#8217;arreu de Catalunya (i d\u2019altres indrets com Balears, It\u00e0lia, B\u00e8lgica o Pa\u00eds Basc).<\/p>\n<ul>\n<li><strong>\u00a0Qu\u00e8 hi trobem dins la Fal\u00b7lera Gironina?\ud83d\ude0a<\/strong><\/li>\n<\/ul>\n<p>La Fal\u00b7lera per\u00f2, no nom\u00e9s treu al carrer els <strong>gegants i capgrossos de la ciutat de Girona<\/strong>, sin\u00f3 que tamb\u00e9 compta amb una animada <strong>banda de m\u00fasica<\/strong>, fent sonar instruments de vent-fusta (com la <span style=\"color: #99cc00\"><strong>gralla<\/strong><\/span>) i de percussi\u00f3 (com la <span style=\"color: #0000ff\"><strong>caixa<\/strong><\/span>, el <span style=\"color: #ff6600\"><strong>goliat<\/strong><\/span>, el <span style=\"color: #339966\"><strong>bombo<\/strong><\/span>, els <span style=\"color: #993300\"><strong>bastons<\/strong><\/span>, els\u00a0<span style=\"color: #ff0000\"><strong>cascabells<\/strong><\/span>, la\u00a0<span style=\"color: #ff00ff\"><strong>pandereta<\/strong><\/span>&#8230;), <span style=\"font-family: inherit;font-size: 1em\">un grup de <\/span><strong style=\"font-family: inherit;font-size: 1em\">bastoners<\/strong><span style=\"font-family: inherit;font-size: 1em\"> i diverses peces d&#8217;imatgeria que ajuden a crear un gran espectacle de carrer.<\/span><\/p>\n<ul>\n<li><strong>\u00a0On els podem trobar? \ud83e\udd13<\/strong><\/li>\n<\/ul>\n<p>Per Fires de Girona, sempre els podreu veure pels bonics carrers del <strong>Barri Vell<\/strong>, durant la cavalcada dels Reis d&#8217;Orient, al Preg\u00f3 de les Fires, tot ballant al so de la m\u00fasica amb els seus capgrossos (l&#8217;Esquivamosques, la Pericota, el Ballester, la Marieta de les Cols, el Merdisser, en Fraret&#8230;), els petits dragolins, els bastoners, els gegants, la Bruixa de la Catedral i el Beatusaure!<\/p>\n<ul style=\"list-style-type: square\">\n<li><strong>Qu\u00e8 vam fer a la sortida? \ud83d\ude0d<\/strong><\/li>\n<\/ul>\n<p>Primer de tot, els monitors ens van explicar qu\u00e8 far\u00edem i ens van preguntar qu\u00e8 sab\u00edem sobre la Fal\u00b7lera.\u00a0 Seguidament, vam comen\u00e7ar els tallers: Primer, un grup va anar a veure la <strong>imatgeria<\/strong> de la Fal\u00b7lera (<strong>la mula Baba<\/strong>, <strong>els capgrossos, els dragolins, els gegants, el Beatusaure, els bastons, la Bruixa i les seves xanques,&#8230;<\/strong>). L&#8217;altre grup, feia algunes <strong>danses<\/strong> i un exemple de <span style=\"background-color: #ccffcc\"><strong>ball de bastons<\/strong><\/span> a la sala del costat. Llavors, vam parar una estona\u00a0 per tal d&#8217;esmorzar sota el paraig\u00fces!\u00a0 <span style=\"font-family: inherit;font-size: 1em\">Finalment, vam fer la segona part de l&#8217;activitat que a cada grup classe li faltava fer.<\/span><\/p>\n<p>Aqu\u00ed teniu una mostra de les <span style=\"background-color: #ffff00\"><strong>fotografies<\/strong><\/span>:<\/p>\n<p><a href=\"https:\/\/agora.xtec.cat\/ceipcassiacostal\/wp-content\/uploads\/usu719\/2022\/03\/1-4.jpg\"><img loading=\"lazy\" decoding=\"async\" class=\"alignnone size-full wp-image-24973\" src=\"https:\/\/agora.xtec.cat\/ceipcassiacostal\/wp-content\/uploads\/usu719\/2022\/03\/1-4.jpg\" alt=\"\" width=\"2000\" height=\"1600\" srcset=\"https:\/\/agora.xtec.cat\/ceipcassiacostal\/wp-content\/uploads\/usu719\/2022\/03\/1-4.jpg 2000w, https:\/\/agora.xtec.cat\/ceipcassiacostal\/wp-content\/uploads\/usu719\/2022\/03\/1-4-300x240.jpg 300w, https:\/\/agora.xtec.cat\/ceipcassiacostal\/wp-content\/uploads\/usu719\/2022\/03\/1-4-1024x819.jpg 1024w, https:\/\/agora.xtec.cat\/ceipcassiacostal\/wp-content\/uploads\/usu719\/2022\/03\/1-4-768x614.jpg 768w, https:\/\/agora.xtec.cat\/ceipcassiacostal\/wp-content\/uploads\/usu719\/2022\/03\/1-4-1536x1229.jpg 1536w\" sizes=\"auto, (max-width: 2000px) 100vw, 2000px\" \/><\/a> <a href=\"https:\/\/agora.xtec.cat\/ceipcassiacostal\/wp-content\/uploads\/usu719\/2022\/03\/2-4.jpg\"><img loading=\"lazy\" decoding=\"async\" class=\"alignnone wp-image-24974\" src=\"https:\/\/agora.xtec.cat\/ceipcassiacostal\/wp-content\/uploads\/usu719\/2022\/03\/2-4.jpg\" alt=\"\" width=\"1286\" height=\"1029\" srcset=\"https:\/\/agora.xtec.cat\/ceipcassiacostal\/wp-content\/uploads\/usu719\/2022\/03\/2-4.jpg 2000w, https:\/\/agora.xtec.cat\/ceipcassiacostal\/wp-content\/uploads\/usu719\/2022\/03\/2-4-300x240.jpg 300w, https:\/\/agora.xtec.cat\/ceipcassiacostal\/wp-content\/uploads\/usu719\/2022\/03\/2-4-1024x819.jpg 1024w, https:\/\/agora.xtec.cat\/ceipcassiacostal\/wp-content\/uploads\/usu719\/2022\/03\/2-4-768x614.jpg 768w, https:\/\/agora.xtec.cat\/ceipcassiacostal\/wp-content\/uploads\/usu719\/2022\/03\/2-4-1536x1229.jpg 1536w\" sizes=\"auto, (max-width: 1286px) 100vw, 1286px\" \/><\/a> <a href=\"https:\/\/agora.xtec.cat\/ceipcassiacostal\/wp-content\/uploads\/usu719\/2022\/03\/3-4.jpg\"><img loading=\"lazy\" decoding=\"async\" class=\"alignnone wp-image-24975\" src=\"https:\/\/agora.xtec.cat\/ceipcassiacostal\/wp-content\/uploads\/usu719\/2022\/03\/3-4.jpg\" alt=\"\" width=\"1290\" height=\"1032\" srcset=\"https:\/\/agora.xtec.cat\/ceipcassiacostal\/wp-content\/uploads\/usu719\/2022\/03\/3-4.jpg 2000w, https:\/\/agora.xtec.cat\/ceipcassiacostal\/wp-content\/uploads\/usu719\/2022\/03\/3-4-300x240.jpg 300w, https:\/\/agora.xtec.cat\/ceipcassiacostal\/wp-content\/uploads\/usu719\/2022\/03\/3-4-1024x819.jpg 1024w, https:\/\/agora.xtec.cat\/ceipcassiacostal\/wp-content\/uploads\/usu719\/2022\/03\/3-4-768x614.jpg 768w, https:\/\/agora.xtec.cat\/ceipcassiacostal\/wp-content\/uploads\/usu719\/2022\/03\/3-4-1536x1229.jpg 1536w\" sizes=\"auto, (max-width: 1290px) 100vw, 1290px\" \/><\/a><\/p>\n<p><a href=\"https:\/\/agora.xtec.cat\/ceipcassiacostal\/wp-content\/uploads\/usu719\/2022\/03\/imatgeimatgeria.png\"><img loading=\"lazy\" decoding=\"async\" class=\"alignnone wp-image-24983\" src=\"https:\/\/agora.xtec.cat\/ceipcassiacostal\/wp-content\/uploads\/usu719\/2022\/03\/imatgeimatgeria.png\" alt=\"\" width=\"1295\" height=\"1037\" srcset=\"https:\/\/agora.xtec.cat\/ceipcassiacostal\/wp-content\/uploads\/usu719\/2022\/03\/imatgeimatgeria.png 681w, https:\/\/agora.xtec.cat\/ceipcassiacostal\/wp-content\/uploads\/usu719\/2022\/03\/imatgeimatgeria-300x240.png 300w\" sizes=\"auto, (max-width: 1295px) 100vw, 1295px\" \/><\/a> <a href=\"https:\/\/agora.xtec.cat\/ceipcassiacostal\/wp-content\/uploads\/usu719\/2022\/03\/4-3.jpg\"><img loading=\"lazy\" decoding=\"async\" class=\"alignnone wp-image-24976\" src=\"https:\/\/agora.xtec.cat\/ceipcassiacostal\/wp-content\/uploads\/usu719\/2022\/03\/4-3.jpg\" alt=\"\" width=\"1296\" height=\"1037\" srcset=\"https:\/\/agora.xtec.cat\/ceipcassiacostal\/wp-content\/uploads\/usu719\/2022\/03\/4-3.jpg 2000w, https:\/\/agora.xtec.cat\/ceipcassiacostal\/wp-content\/uploads\/usu719\/2022\/03\/4-3-300x240.jpg 300w, https:\/\/agora.xtec.cat\/ceipcassiacostal\/wp-content\/uploads\/usu719\/2022\/03\/4-3-1024x819.jpg 1024w, https:\/\/agora.xtec.cat\/ceipcassiacostal\/wp-content\/uploads\/usu719\/2022\/03\/4-3-768x614.jpg 768w, https:\/\/agora.xtec.cat\/ceipcassiacostal\/wp-content\/uploads\/usu719\/2022\/03\/4-3-1536x1229.jpg 1536w\" sizes=\"auto, (max-width: 1296px) 100vw, 1296px\" \/><\/a> <a href=\"https:\/\/agora.xtec.cat\/ceipcassiacostal\/wp-content\/uploads\/usu719\/2022\/03\/6-3.jpg\"><img loading=\"lazy\" decoding=\"async\" class=\"alignnone wp-image-24978\" src=\"https:\/\/agora.xtec.cat\/ceipcassiacostal\/wp-content\/uploads\/usu719\/2022\/03\/6-3.jpg\" alt=\"\" width=\"1295\" height=\"1037\" srcset=\"https:\/\/agora.xtec.cat\/ceipcassiacostal\/wp-content\/uploads\/usu719\/2022\/03\/6-3.jpg 2000w, https:\/\/agora.xtec.cat\/ceipcassiacostal\/wp-content\/uploads\/usu719\/2022\/03\/6-3-300x240.jpg 300w, https:\/\/agora.xtec.cat\/ceipcassiacostal\/wp-content\/uploads\/usu719\/2022\/03\/6-3-1024x819.jpg 1024w, https:\/\/agora.xtec.cat\/ceipcassiacostal\/wp-content\/uploads\/usu719\/2022\/03\/6-3-768x614.jpg 768w, https:\/\/agora.xtec.cat\/ceipcassiacostal\/wp-content\/uploads\/usu719\/2022\/03\/6-3-1536x1229.jpg 1536w\" sizes=\"auto, (max-width: 1295px) 100vw, 1295px\" \/><\/a> <a href=\"https:\/\/agora.xtec.cat\/ceipcassiacostal\/wp-content\/uploads\/usu719\/2022\/03\/7-3.jpg\"><img loading=\"lazy\" decoding=\"async\" class=\"alignnone wp-image-24979\" src=\"https:\/\/agora.xtec.cat\/ceipcassiacostal\/wp-content\/uploads\/usu719\/2022\/03\/7-3.jpg\" alt=\"\" width=\"1291\" height=\"1033\" srcset=\"https:\/\/agora.xtec.cat\/ceipcassiacostal\/wp-content\/uploads\/usu719\/2022\/03\/7-3.jpg 2000w, https:\/\/agora.xtec.cat\/ceipcassiacostal\/wp-content\/uploads\/usu719\/2022\/03\/7-3-300x240.jpg 300w, https:\/\/agora.xtec.cat\/ceipcassiacostal\/wp-content\/uploads\/usu719\/2022\/03\/7-3-1024x819.jpg 1024w, https:\/\/agora.xtec.cat\/ceipcassiacostal\/wp-content\/uploads\/usu719\/2022\/03\/7-3-768x614.jpg 768w, https:\/\/agora.xtec.cat\/ceipcassiacostal\/wp-content\/uploads\/usu719\/2022\/03\/7-3-1536x1229.jpg 1536w\" sizes=\"auto, (max-width: 1291px) 100vw, 1291px\" \/><\/a> <a href=\"https:\/\/agora.xtec.cat\/ceipcassiacostal\/wp-content\/uploads\/usu719\/2022\/03\/8-2.jpg\"><img loading=\"lazy\" decoding=\"async\" class=\"alignnone wp-image-24980\" src=\"https:\/\/agora.xtec.cat\/ceipcassiacostal\/wp-content\/uploads\/usu719\/2022\/03\/8-2.jpg\" alt=\"\" width=\"1297\" height=\"1038\" srcset=\"https:\/\/agora.xtec.cat\/ceipcassiacostal\/wp-content\/uploads\/usu719\/2022\/03\/8-2.jpg 2000w, https:\/\/agora.xtec.cat\/ceipcassiacostal\/wp-content\/uploads\/usu719\/2022\/03\/8-2-300x240.jpg 300w, https:\/\/agora.xtec.cat\/ceipcassiacostal\/wp-content\/uploads\/usu719\/2022\/03\/8-2-1024x819.jpg 1024w, https:\/\/agora.xtec.cat\/ceipcassiacostal\/wp-content\/uploads\/usu719\/2022\/03\/8-2-768x614.jpg 768w, https:\/\/agora.xtec.cat\/ceipcassiacostal\/wp-content\/uploads\/usu719\/2022\/03\/8-2-1536x1229.jpg 1536w\" sizes=\"auto, (max-width: 1297px) 100vw, 1297px\" \/><\/a> <a href=\"https:\/\/agora.xtec.cat\/ceipcassiacostal\/wp-content\/uploads\/usu719\/2022\/03\/9-1.jpg\"><img loading=\"lazy\" decoding=\"async\" class=\"alignnone wp-image-24981\" src=\"https:\/\/agora.xtec.cat\/ceipcassiacostal\/wp-content\/uploads\/usu719\/2022\/03\/9-1.jpg\" alt=\"\" width=\"1300\" height=\"1040\" srcset=\"https:\/\/agora.xtec.cat\/ceipcassiacostal\/wp-content\/uploads\/usu719\/2022\/03\/9-1.jpg 2000w, https:\/\/agora.xtec.cat\/ceipcassiacostal\/wp-content\/uploads\/usu719\/2022\/03\/9-1-300x240.jpg 300w, https:\/\/agora.xtec.cat\/ceipcassiacostal\/wp-content\/uploads\/usu719\/2022\/03\/9-1-1024x819.jpg 1024w, https:\/\/agora.xtec.cat\/ceipcassiacostal\/wp-content\/uploads\/usu719\/2022\/03\/9-1-768x614.jpg 768w, https:\/\/agora.xtec.cat\/ceipcassiacostal\/wp-content\/uploads\/usu719\/2022\/03\/9-1-1536x1229.jpg 1536w\" sizes=\"auto, (max-width: 1300px) 100vw, 1300px\" \/><\/a><\/p>\n<p>&nbsp;<\/p>\n<p>Tot i ser un mat\u00ed pluj\u00f3s i ennuvolat, l&#8217;experi\u00e8ncia musical de Balla amb la Fal\u00b7lera ens ha agradat!!!<\/p>\n<p><iframe loading=\"lazy\" title=\"5A  dansa cavall\" width=\"500\" height=\"281\" src=\"https:\/\/www.youtube.com\/embed\/SvUsv-yDq40?feature=oembed\" frameborder=\"0\" allow=\"accelerometer; autoplay; clipboard-write; encrypted-media; gyroscope; picture-in-picture; web-share\" referrerpolicy=\"strict-origin-when-cross-origin\" allowfullscreen><\/iframe><\/p>\n<p><iframe loading=\"lazy\" title=\"5A video bastons drac\" width=\"500\" height=\"281\" src=\"https:\/\/www.youtube.com\/embed\/XIx-6u8HRLA?feature=oembed\" frameborder=\"0\" allow=\"accelerometer; autoplay; clipboard-write; encrypted-media; gyroscope; picture-in-picture; web-share\" referrerpolicy=\"strict-origin-when-cross-origin\" allowfullscreen><\/iframe><\/p>\n<p><iframe loading=\"lazy\" title=\"5A bastons mig grup\" width=\"500\" height=\"281\" src=\"https:\/\/www.youtube.com\/embed\/VkHxJy_SaAA?feature=oembed\" frameborder=\"0\" allow=\"accelerometer; autoplay; clipboard-write; encrypted-media; gyroscope; picture-in-picture; web-share\" referrerpolicy=\"strict-origin-when-cross-origin\" allowfullscreen><\/iframe><\/p>\n<p><iframe loading=\"lazy\" title=\"5B polka d&#039;ours\" width=\"500\" height=\"281\" src=\"https:\/\/www.youtube.com\/embed\/VoZs6Yx9_wo?feature=oembed\" frameborder=\"0\" allow=\"accelerometer; autoplay; clipboard-write; encrypted-media; gyroscope; picture-in-picture; web-share\" referrerpolicy=\"strict-origin-when-cross-origin\" allowfullscreen><\/iframe><\/p>\n<p><iframe loading=\"lazy\" title=\"5B bastons mig grup\" width=\"500\" height=\"281\" src=\"https:\/\/www.youtube.com\/embed\/xXuKk0meEkg?feature=oembed\" frameborder=\"0\" allow=\"accelerometer; autoplay; clipboard-write; encrypted-media; gyroscope; picture-in-picture; web-share\" referrerpolicy=\"strict-origin-when-cross-origin\" allowfullscreen><\/iframe><\/p>\n<p><iframe loading=\"lazy\" title=\"5B bastons mig grup2\" width=\"500\" height=\"281\" src=\"https:\/\/www.youtube.com\/embed\/SBKwmvo638o?feature=oembed\" frameborder=\"0\" allow=\"accelerometer; autoplay; clipboard-write; encrypted-media; gyroscope; picture-in-picture; web-share\" referrerpolicy=\"strict-origin-when-cross-origin\" allowfullscreen><\/iframe><\/p>\n<p><iframe loading=\"lazy\" title=\"v\u00eddeo gegantAnnaGironella\" width=\"500\" height=\"281\" src=\"https:\/\/www.youtube.com\/embed\/9llTiBWqpDI?feature=oembed\" frameborder=\"0\" allow=\"accelerometer; autoplay; clipboard-write; encrypted-media; gyroscope; picture-in-picture; web-share\" referrerpolicy=\"strict-origin-when-cross-origin\" allowfullscreen><\/iframe><\/p>\n","protected":false},"excerpt":{"rendered":"<p>El passat divendres 18 de mar\u00e7 al mat\u00ed, vam anar a la sortida de m\u00fasica &#8220;Balla amb la Fal\u00b7lera gironina&#8221; amb els nens i nenes de cinqu\u00e8. Caminant sota el \u2614xiri biri de la pluja, vam arribar a Mas Abella, on all\u00e0 ens esperaven els monitors de l&#8217;activitat.&hellip;  <a href=\"https:\/\/agora.xtec.cat\/ceipcassiacostal\/general\/5e-sortida-de-musica-balla-amb-la-fallera-gironina\/\" title=\"Read 5\u00e8: Sortida de m\u00fasica &#8220;Balla amb la Fal\u00b7lera gironina!&#8221;\">Llegeix m\u00e9s\u00bb<\/a><\/p>\n","protected":false},"author":17,"featured_media":24971,"comment_status":"open","ping_status":"closed","sticky":false,"template":"","format":"standard","meta":{"_bbp_topic_count":0,"_bbp_reply_count":0,"_bbp_total_topic_count":0,"_bbp_total_reply_count":0,"_bbp_voice_count":0,"_bbp_anonymous_reply_count":0,"_bbp_topic_count_hidden":0,"_bbp_reply_count_hidden":0,"_bbp_forum_subforum_count":0,"footnotes":""},"categories":[14,28,1,182,4,5,27],"tags":[],"class_list":["post-24968","post","type-post","status-publish","format-standard","has-post-thumbnail","hentry","category-5e","category-especialitats","category-general","category-musica","category-portada","category-primaria","category-revista"],"post_mailing_queue_ids":[],"_links":{"self":[{"href":"https:\/\/agora.xtec.cat\/ceipcassiacostal\/wp-json\/wp\/v2\/posts\/24968","targetHints":{"allow":["GET"]}}],"collection":[{"href":"https:\/\/agora.xtec.cat\/ceipcassiacostal\/wp-json\/wp\/v2\/posts"}],"about":[{"href":"https:\/\/agora.xtec.cat\/ceipcassiacostal\/wp-json\/wp\/v2\/types\/post"}],"author":[{"embeddable":true,"href":"https:\/\/agora.xtec.cat\/ceipcassiacostal\/wp-json\/wp\/v2\/users\/17"}],"replies":[{"embeddable":true,"href":"https:\/\/agora.xtec.cat\/ceipcassiacostal\/wp-json\/wp\/v2\/comments?post=24968"}],"version-history":[{"count":4,"href":"https:\/\/agora.xtec.cat\/ceipcassiacostal\/wp-json\/wp\/v2\/posts\/24968\/revisions"}],"predecessor-version":[{"id":25104,"href":"https:\/\/agora.xtec.cat\/ceipcassiacostal\/wp-json\/wp\/v2\/posts\/24968\/revisions\/25104"}],"wp:featuredmedia":[{"embeddable":true,"href":"https:\/\/agora.xtec.cat\/ceipcassiacostal\/wp-json\/wp\/v2\/media\/24971"}],"wp:attachment":[{"href":"https:\/\/agora.xtec.cat\/ceipcassiacostal\/wp-json\/wp\/v2\/media?parent=24968"}],"wp:term":[{"taxonomy":"category","embeddable":true,"href":"https:\/\/agora.xtec.cat\/ceipcassiacostal\/wp-json\/wp\/v2\/categories?post=24968"},{"taxonomy":"post_tag","embeddable":true,"href":"https:\/\/agora.xtec.cat\/ceipcassiacostal\/wp-json\/wp\/v2\/tags?post=24968"}],"curies":[{"name":"wp","href":"https:\/\/api.w.org\/{rel}","templated":true}]}}