{"id":22701,"date":"2021-10-20T18:57:47","date_gmt":"2021-10-20T16:57:47","guid":{"rendered":"https:\/\/agora.xtec.cat\/ceipcassiacostal\/?p=22701"},"modified":"2021-10-26T17:13:41","modified_gmt":"2021-10-26T15:13:41","slug":"p4-que-fem-a-lescola-mireu-com-aprenem","status":"publish","type":"post","link":"https:\/\/agora.xtec.cat\/ceipcassiacostal\/general\/p4-que-fem-a-lescola-mireu-com-aprenem\/","title":{"rendered":"P4: QU\u00c8 FEM A L&#8217;ESCOLA? MIREU COM APRENEM!"},"content":{"rendered":"<p style=\"text-align: justify\"><span style=\"color: #33cccc\">Benvolgudes fam\u00edlies<\/span> \ud83d\ude0a<\/p>\n<p>Ja portem m\u00e9s d&#8217;un mes a l&#8217;escola i <span style=\"color: #808000\">les nenes i els nens de P4 tenim moltes ganes d&#8217;ensenyar-vos el que fem i com aprenem dia a dia. <\/span><\/p>\n<p>A l&#8217;escola, aprenem jugant i, agrupem les propostes amb racons d&#8217;aprenentatge. Hi ha diferents racons: el rac\u00f3 de les lletres (lectoescriptura), el rac\u00f3 dels n\u00fameros (matem\u00e0tiques), el rac\u00f3 d&#8217;art i el rac\u00f3 de joc simb\u00f2lic &#8211; mini m\u00f3n i safates toca &#8211; toca. Cada setmana, ens trobem una proposta a cada rac\u00f3. La roda de racons ens ajuda a saber quin rac\u00f3 ens toca cada dia, quina emoci\u00f3! Feu una ullada!<\/p>\n<p style=\"text-align: center\"><a href=\"https:\/\/drive.google.com\/drive\/folders\/1Wr0A3d9IfymX_3V5WBo_6ffSm9WrlQYE?usp=sharing\">P4A:TREBALLEM PER RACONS!<\/a><\/p>\n<p style=\"text-align: center\"><a href=\"https:\/\/drive.google.com\/drive\/folders\/1-A1fge35lz739CBeVMYgdAuNFb5atYDx?usp=sharing\">P4B:TREBALLEM PER RACONS!<\/a><\/p>\n<p>I aix\u00f2 no \u00e9s tot fam\u00edlies! Tamb\u00e9, aprenem tocant, olorant, tastant, <span style=\"color: #99cc00\">manipulant i experimentant<\/span>! Doncs, aquest primer trimestre, estem gaudint tot explorant i descobrint <span style=\"color: #ff9900\">els fruits i els animals de la tardor, <span style=\"color: #000000\">mireu mireu!<\/span><\/span><\/p>\n<p style=\"text-align: center\"><a href=\"https:\/\/drive.google.com\/drive\/folders\/1-8PSmNqgXHDZHymCPSWttvyGHsT0I8Uq?usp=sharing\">EXPERIMENTEM AMB BLAT DE MORO<\/a><\/p>\n<p style=\"text-align: center\"><a href=\"https:\/\/drive.google.com\/drive\/folders\/1-90cmdz-WQHEA0wovTQLfJzhnTqwWfBH?usp=sharing\">EXPERIMENTEM AMB MAGRANA<\/a><\/p>\n<p style=\"text-align: center\"><a href=\"https:\/\/drive.google.com\/drive\/folders\/1-7XH4s4MzXUrDocc5GQLKHIT3pTJbE5T?usp=sharing\">EXPERIMENTEM AMB MONIATO<\/a><\/p>\n<p style=\"text-align: center\"><a href=\"https:\/\/drive.google.com\/drive\/folders\/1-Fs1a3uJEM8mOS7e7QZSz7ePuGTZOGpP?usp=sharing\">EXPERIMENTS AMB ELS COLORS DE LA TARDOR<\/a><\/p>\n<p style=\"text-align: center\"><a href=\"https:\/\/drive.google.com\/drive\/folders\/1-sUc0RJOgc9oV01QbzgdUGFcRioF3pbE?usp=sharing\">P4A:PROJECTE DELS ESQUIROLS!<\/a><\/p>\n<p>Per \u00faltim, us hem d&#8217;anunciar que a l&#8217;escola ha arribat una artista molt divertida! Voleu saber qui \u00e9s? Doncs, la <span style=\"color: #ff0000\">Yayoi Kusama.\u00a0<span style=\"color: #000000\">Cada setmana, ens encomana alguna tasca a fer i, aix\u00ed \u00e9s com poc a poc anem entenent el seu estil art\u00edstic. Mireu, mireu!<\/span><\/span><\/p>\n<p style=\"text-align: center\"><a href=\"https:\/\/drive.google.com\/drive\/folders\/1273FlvV1Xek9swYUyj7N0ou8Y2GCHl-t?usp=sharing\">P4A:PROJECTE D&#8217;ART &#8211; YAYOI KUSAMA<\/a><\/p>\n<p style=\"text-align: center\"><a href=\"https:\/\/drive.google.com\/drive\/folders\/1-3zAW2qnC_KYQy02x8T2F7XuIElpZ1sj?usp=sharing\">P4B:PROJECTE D&#8217;ART: YAYOI KUSAMA!<\/a><\/p>\n<p>Ara ja sabeu perqu\u00e8 ens agrada venir a l&#8217;escola, oi? \ud83d\ude0d L&#8217;aventura de P4 nom\u00e9s acaba de comen\u00e7ar! I estem molt feli\u00e7os que vosaltres, les nostres fam\u00edlies, ens acompanyeu dia a dia.<\/p>\n","protected":false},"excerpt":{"rendered":"<p>El dia a dia a l&#8217;escola de P4. Qu\u00e8 fem a l&#8217;aula i com aprenem: racons, experimentaci\u00f3 i projecte d&#8217;art.&hellip;  <a href=\"https:\/\/agora.xtec.cat\/ceipcassiacostal\/general\/p4-que-fem-a-lescola-mireu-com-aprenem\/\" title=\"Read P4: QU\u00c8 FEM A L&#8217;ESCOLA? MIREU COM APRENEM!\">Llegeix m\u00e9s\u00bb<\/a><\/p>\n","protected":false},"author":55,"featured_media":22703,"comment_status":"closed","ping_status":"closed","sticky":false,"template":"","format":"standard","meta":{"_bbp_topic_count":0,"_bbp_reply_count":0,"_bbp_total_topic_count":0,"_bbp_total_reply_count":0,"_bbp_voice_count":0,"_bbp_anonymous_reply_count":0,"_bbp_topic_count_hidden":0,"_bbp_reply_count_hidden":0,"_bbp_forum_subforum_count":0,"footnotes":""},"categories":[1,8,2,4],"tags":[],"class_list":["post-22701","post","type-post","status-publish","format-standard","has-post-thumbnail","hentry","category-general","category-i4","category-infantil","category-portada"],"post_mailing_queue_ids":[],"_links":{"self":[{"href":"https:\/\/agora.xtec.cat\/ceipcassiacostal\/wp-json\/wp\/v2\/posts\/22701","targetHints":{"allow":["GET"]}}],"collection":[{"href":"https:\/\/agora.xtec.cat\/ceipcassiacostal\/wp-json\/wp\/v2\/posts"}],"about":[{"href":"https:\/\/agora.xtec.cat\/ceipcassiacostal\/wp-json\/wp\/v2\/types\/post"}],"author":[{"embeddable":true,"href":"https:\/\/agora.xtec.cat\/ceipcassiacostal\/wp-json\/wp\/v2\/users\/55"}],"replies":[{"embeddable":true,"href":"https:\/\/agora.xtec.cat\/ceipcassiacostal\/wp-json\/wp\/v2\/comments?post=22701"}],"version-history":[{"count":3,"href":"https:\/\/agora.xtec.cat\/ceipcassiacostal\/wp-json\/wp\/v2\/posts\/22701\/revisions"}],"predecessor-version":[{"id":22718,"href":"https:\/\/agora.xtec.cat\/ceipcassiacostal\/wp-json\/wp\/v2\/posts\/22701\/revisions\/22718"}],"wp:featuredmedia":[{"embeddable":true,"href":"https:\/\/agora.xtec.cat\/ceipcassiacostal\/wp-json\/wp\/v2\/media\/22703"}],"wp:attachment":[{"href":"https:\/\/agora.xtec.cat\/ceipcassiacostal\/wp-json\/wp\/v2\/media?parent=22701"}],"wp:term":[{"taxonomy":"category","embeddable":true,"href":"https:\/\/agora.xtec.cat\/ceipcassiacostal\/wp-json\/wp\/v2\/categories?post=22701"},{"taxonomy":"post_tag","embeddable":true,"href":"https:\/\/agora.xtec.cat\/ceipcassiacostal\/wp-json\/wp\/v2\/tags?post=22701"}],"curies":[{"name":"wp","href":"https:\/\/api.w.org\/{rel}","templated":true}]}}