{"id":22679,"date":"2021-10-15T20:51:22","date_gmt":"2021-10-15T18:51:22","guid":{"rendered":"https:\/\/agora.xtec.cat\/ceipcassiacostal\/?p=22679"},"modified":"2021-10-15T20:51:22","modified_gmt":"2021-10-15T18:51:22","slug":"p5-gaudim-del-conte-corre-corre-carbasseta","status":"publish","type":"post","link":"https:\/\/agora.xtec.cat\/ceipcassiacostal\/general\/p5-gaudim-del-conte-corre-corre-carbasseta\/","title":{"rendered":"P5: GAUDIM DEL CONTE CORRE, CORRE, CARBASSETA!"},"content":{"rendered":"<p>Benvolgudes fam\u00edlies i nens i nenes de P5,<\/p>\n<p>Aprofitant que fa pocs dies que hem entrat a <span style=\"color: #ff6600\"><strong>LA TARDOR<\/strong><\/span>, els nens i nenes de P5 hem treballat els elements d\u2019aquesta estaci\u00f3, mitjan\u00e7ant la conversa i l\u2019aprenentatge de vocabulari. Una altra activitat que hem fet, relacionada amb la conversa oral i l\u2019aprenentatge de la llengua, \u00e9s l\u2019escolta activa del conte <strong><span style=\"color: #ff6600\">CORRE, CORRE, CARBASSETA!<\/span><\/strong><\/p>\n<p>\u00c9s un conte divertit i els infants n&#8217;han gaudit molt\u00edssim! A partir d\u2019aquesta hist\u00f2ria, han fet un treball art\u00edstic, que els ha quedat ben xulo, i tamb\u00e9 l&#8217;hem treballat a l&#8217;hora de m\u00fasica!<\/p>\n<p>Mireu quins artistes que tenim a les classes de les <strong><span style=\"color: #0000ff\">MALLERENGUES<\/span><\/strong> i dels <strong><span style=\"color: #ff9900\">PIT-ROIGS<\/span><\/strong>!<\/p>\n<p>P5A: <a href=\"https:\/\/drive.google.com\/drive\/folders\/1TsqSZNgd4Can9tYy6DFo9LE3jen4qzTd?usp=sharing\"><strong><span style=\"color: #ff9900\">PIT-ROIGS<\/span><\/strong><\/a><\/p>\n<p>P5B: <a href=\"https:\/\/drive.google.com\/drive\/folders\/1KSmwQdK7cH1-zwnzXkg88NIFvAizsVRa?usp=sharing\"><strong><span style=\"color: #0000ff\">MALLERENGUES<\/span><\/strong><\/a><\/p>\n<p>Una abra\u00e7ada.<\/p>\n<p>Les mestres de P5<\/p>\n","protected":false},"excerpt":{"rendered":"<p>A partir del conte CORRE, CORRE, CARBASSETA fem moltes activitats!&hellip;  <a href=\"https:\/\/agora.xtec.cat\/ceipcassiacostal\/general\/p5-gaudim-del-conte-corre-corre-carbasseta\/\" title=\"Read P5: GAUDIM DEL CONTE CORRE, CORRE, CARBASSETA!\">Llegeix m\u00e9s\u00bb<\/a><\/p>\n","protected":false},"author":1,"featured_media":22680,"comment_status":"open","ping_status":"closed","sticky":false,"template":"","format":"standard","meta":{"_bbp_topic_count":0,"_bbp_reply_count":0,"_bbp_total_topic_count":0,"_bbp_total_reply_count":0,"_bbp_voice_count":0,"_bbp_anonymous_reply_count":0,"_bbp_topic_count_hidden":0,"_bbp_reply_count_hidden":0,"_bbp_forum_subforum_count":0,"footnotes":""},"categories":[24,1,9,2,4],"tags":[],"class_list":["post-22679","post","type-post","status-publish","format-standard","has-post-thumbnail","hentry","category-biblio","category-general","category-i5","category-infantil","category-portada"],"post_mailing_queue_ids":[],"_links":{"self":[{"href":"https:\/\/agora.xtec.cat\/ceipcassiacostal\/wp-json\/wp\/v2\/posts\/22679","targetHints":{"allow":["GET"]}}],"collection":[{"href":"https:\/\/agora.xtec.cat\/ceipcassiacostal\/wp-json\/wp\/v2\/posts"}],"about":[{"href":"https:\/\/agora.xtec.cat\/ceipcassiacostal\/wp-json\/wp\/v2\/types\/post"}],"author":[{"embeddable":true,"href":"https:\/\/agora.xtec.cat\/ceipcassiacostal\/wp-json\/wp\/v2\/users\/1"}],"replies":[{"embeddable":true,"href":"https:\/\/agora.xtec.cat\/ceipcassiacostal\/wp-json\/wp\/v2\/comments?post=22679"}],"version-history":[{"count":1,"href":"https:\/\/agora.xtec.cat\/ceipcassiacostal\/wp-json\/wp\/v2\/posts\/22679\/revisions"}],"predecessor-version":[{"id":22681,"href":"https:\/\/agora.xtec.cat\/ceipcassiacostal\/wp-json\/wp\/v2\/posts\/22679\/revisions\/22681"}],"wp:featuredmedia":[{"embeddable":true,"href":"https:\/\/agora.xtec.cat\/ceipcassiacostal\/wp-json\/wp\/v2\/media\/22680"}],"wp:attachment":[{"href":"https:\/\/agora.xtec.cat\/ceipcassiacostal\/wp-json\/wp\/v2\/media?parent=22679"}],"wp:term":[{"taxonomy":"category","embeddable":true,"href":"https:\/\/agora.xtec.cat\/ceipcassiacostal\/wp-json\/wp\/v2\/categories?post=22679"},{"taxonomy":"post_tag","embeddable":true,"href":"https:\/\/agora.xtec.cat\/ceipcassiacostal\/wp-json\/wp\/v2\/tags?post=22679"}],"curies":[{"name":"wp","href":"https:\/\/api.w.org\/{rel}","templated":true}]}}