{"id":22212,"date":"2021-06-21T22:01:23","date_gmt":"2021-06-21T20:01:23","guid":{"rendered":"http:\/\/agora.xtec.cat\/ceipcassiacostal\/?p=22212"},"modified":"2021-06-21T22:03:48","modified_gmt":"2021-06-21T20:03:48","slug":"%e2%99%ab%e2%99%ab-recomanacions-musicals-%e2%99%ab%e2%99%ab","status":"publish","type":"post","link":"https:\/\/agora.xtec.cat\/ceipcassiacostal\/general\/%e2%99%ab%e2%99%ab-recomanacions-musicals-%e2%99%ab%e2%99%ab\/","title":{"rendered":"\u266b\u266b ReCoManAciOnS mUsIcaLs! \u266b\u266b"},"content":{"rendered":"<p><span style=\"font-size: 18pt\"><strong>Hola nens i nenes i fam\u00edlies,<\/strong><\/span><\/p>\n<p><span style=\"font-size: 18pt\"><strong><span style=\"background-color: #ffff00\">L&#8217;estiu<\/span> ja \u00e9s aqu\u00ed i s&#8217;acosten molts dies de <span style=\"background-color: #ccffff\">vacances<\/span>&#8230;<\/strong><\/span><\/p>\n<p><span style=\"font-size: 18pt\"><strong>Si encara no ho has fet &#8230; aqu\u00ed tens una <span style=\"text-decoration: underline;font-size: 24pt\"><span style=\"background-color: #ffffff;color: #ff6600;text-decoration: underline\">llista de 10 coses <\/span><\/span>a fer per aquest estiu, relacionades amb la <span style=\"color: #ff00ff;font-family: 'trebuchet ms', geneva, sans-serif;font-size: 24pt\">m\u00fasica<\/span>.<\/strong><\/span><\/p>\n<p><span style=\"font-size: 18pt\"><strong> Pots triar-ne algunes, fer les que m\u00e9s t&#8217;agradin, fer-ne una selecci\u00f3, fer-les totes o tan sols una, inventar-te&#8217;n alguna tu mateix\/a&#8230;\u00a0 <\/strong><\/span><\/p>\n<p><span style=\"font-size: 18pt\"><strong>Vinga, comencem? \ud83d\ude09\u00a0<\/strong><\/span><\/p>\n<p>&nbsp;<\/p>\n<p><img loading=\"lazy\" decoding=\"async\" class=\"alignnone wp-image-22213\" src=\"https:\/\/agora.xtec.cat\/ceipcassiacostal\/wp-content\/uploads\/usu719\/2021\/06\/poster-musica.jpg\" alt=\"\" width=\"1696\" height=\"954\" srcset=\"https:\/\/agora.xtec.cat\/ceipcassiacostal\/wp-content\/uploads\/usu719\/2021\/06\/poster-musica.jpg 1106w, https:\/\/agora.xtec.cat\/ceipcassiacostal\/wp-content\/uploads\/usu719\/2021\/06\/poster-musica-300x169.jpg 300w, https:\/\/agora.xtec.cat\/ceipcassiacostal\/wp-content\/uploads\/usu719\/2021\/06\/poster-musica-768x433.jpg 768w, https:\/\/agora.xtec.cat\/ceipcassiacostal\/wp-content\/uploads\/usu719\/2021\/06\/poster-musica-1024x577.jpg 1024w\" sizes=\"auto, (max-width: 1696px) 100vw, 1696px\" \/><\/p>\n<p style=\"text-align: center\"><span style=\"font-size: 24pt;background-color: #99ccff\"><strong>No t&#8217;avorreixis i pensa en la m\u00fasica que t&#8217;acompanya!!!<\/strong><\/span><\/p>\n<p><span style=\"font-size: 18pt\"><strong>Pots enviar-me un @ (correu) a la meva adre\u00e7a personal:<\/strong><\/span><\/p>\n<p><span style=\"font-size: 24pt;color: #0000ff;background-color: #ffff00\"><strong>marta.alberti@escolacassiacostal.cat<\/strong><\/span><\/p>\n<p><span style=\"font-size: 18pt\"><strong>Aix\u00ed estarem en contacte i em podreu enviar qualsevol coseta de la llista (una foto del que hagis fet&#8230;) i jo us donar\u00e9 un feedback (resposta) tan aviat com pugui!<\/strong><\/span><\/p>\n<p>&nbsp;<\/p>\n<p><span style=\"font-size: 24pt\"><strong><span style=\"color: #3366ff\">Bon estiu<\/span>, <span style=\"color: #008000\">salut<\/span> i <span style=\"background-color: #ffffff;color: #ff0000\">molt de ritme!<\/span><\/strong><\/span><\/p>\n<p><span style=\"font-size: 24pt;color: #ffffff;background-color: #cc99ff\"><strong>Marta de m\u00fasica \u266b<\/strong><\/span><\/p>\n<p><img decoding=\"async\" src=\"https:\/\/media3.giphy.com\/media\/3ohzdTus9Fkt0ihsfm\/giphy.gif\" alt=\"Music Notes Gif Transparent Background\" \/><\/p>\n","protected":false},"excerpt":{"rendered":"<p>Hola nens i nenes i fam\u00edlies,<br \/>\nL&#8217;estiu ja \u00e9s aqu\u00ed i s&#8217;acosten molts dies de vacances&#8230;Si encara no ho has fet, &#8230; aqu\u00ed tens una llista de 10 coses a fer per aquest estiu, relacionades amb la m\u00fasica. &hellip;  <a href=\"https:\/\/agora.xtec.cat\/ceipcassiacostal\/general\/%e2%99%ab%e2%99%ab-recomanacions-musicals-%e2%99%ab%e2%99%ab\/\" title=\"Read \u266b\u266b ReCoManAciOnS mUsIcaLs! \u266b\u266b\">Llegeix m\u00e9s\u00bb<\/a><\/p>\n","protected":false},"author":17,"featured_media":22213,"comment_status":"open","ping_status":"closed","sticky":false,"template":"","format":"standard","meta":{"_bbp_topic_count":0,"_bbp_reply_count":0,"_bbp_total_topic_count":0,"_bbp_total_reply_count":0,"_bbp_voice_count":0,"_bbp_anonymous_reply_count":0,"_bbp_topic_count_hidden":0,"_bbp_reply_count_hidden":0,"_bbp_forum_subforum_count":0,"footnotes":""},"categories":[10,11,12,13,14,15,28,1,182,4,5],"tags":[],"class_list":["post-22212","post","type-post","status-publish","format-standard","has-post-thumbnail","hentry","category-1r","category-2n","category-3r","category-4t","category-5e","category-6e","category-especialitats","category-general","category-musica","category-portada","category-primaria"],"post_mailing_queue_ids":[],"_links":{"self":[{"href":"https:\/\/agora.xtec.cat\/ceipcassiacostal\/wp-json\/wp\/v2\/posts\/22212","targetHints":{"allow":["GET"]}}],"collection":[{"href":"https:\/\/agora.xtec.cat\/ceipcassiacostal\/wp-json\/wp\/v2\/posts"}],"about":[{"href":"https:\/\/agora.xtec.cat\/ceipcassiacostal\/wp-json\/wp\/v2\/types\/post"}],"author":[{"embeddable":true,"href":"https:\/\/agora.xtec.cat\/ceipcassiacostal\/wp-json\/wp\/v2\/users\/17"}],"replies":[{"embeddable":true,"href":"https:\/\/agora.xtec.cat\/ceipcassiacostal\/wp-json\/wp\/v2\/comments?post=22212"}],"version-history":[{"count":2,"href":"https:\/\/agora.xtec.cat\/ceipcassiacostal\/wp-json\/wp\/v2\/posts\/22212\/revisions"}],"predecessor-version":[{"id":22215,"href":"https:\/\/agora.xtec.cat\/ceipcassiacostal\/wp-json\/wp\/v2\/posts\/22212\/revisions\/22215"}],"wp:featuredmedia":[{"embeddable":true,"href":"https:\/\/agora.xtec.cat\/ceipcassiacostal\/wp-json\/wp\/v2\/media\/22213"}],"wp:attachment":[{"href":"https:\/\/agora.xtec.cat\/ceipcassiacostal\/wp-json\/wp\/v2\/media?parent=22212"}],"wp:term":[{"taxonomy":"category","embeddable":true,"href":"https:\/\/agora.xtec.cat\/ceipcassiacostal\/wp-json\/wp\/v2\/categories?post=22212"},{"taxonomy":"post_tag","embeddable":true,"href":"https:\/\/agora.xtec.cat\/ceipcassiacostal\/wp-json\/wp\/v2\/tags?post=22212"}],"curies":[{"name":"wp","href":"https:\/\/api.w.org\/{rel}","templated":true}]}}