{"id":21465,"date":"2021-04-28T10:19:52","date_gmt":"2021-04-28T08:19:52","guid":{"rendered":"http:\/\/agora.xtec.cat\/ceipcassiacostal\/?p=21465"},"modified":"2021-05-01T10:31:32","modified_gmt":"2021-05-01T08:31:32","slug":"poema-de-sant-jordi-3r-a-i-b","status":"publish","type":"post","link":"https:\/\/agora.xtec.cat\/ceipcassiacostal\/general\/poema-de-sant-jordi-3r-a-i-b\/","title":{"rendered":"Poema de Sant Jordi 3r A i B"},"content":{"rendered":"<p>Hola fam\u00edlies de 3r,<\/p>\n<p>Durant el mes d&#8217;abril hem estat treballant de valent el<strong> poema de Sant Jordi<\/strong> amb els nens i nenes de <strong>3r A i 3rB.\u00a0<\/strong>L&#8217;hem apr\u00e8s per\u00f2 tamb\u00e9 hem treballat a fons el vocabulari dels versos i el significat de les dues estrofes.<\/p>\n<p>A m\u00e9s a m\u00e9s, hem explicat la llegenda de Sant Jordi utilitzant un mosaic molt vist\u00f3s de suport. A ells els ha encantat!<\/p>\n<p>Aquest poema es titula\u00a0 &#8220;Poesia a Sant Jordi&#8221; de Josep Maria de Segarra.<\/p>\n<p>Aqu\u00ed us deixem el<strong> v\u00eddeo de 3rA<\/strong> i <strong>el v\u00eddeo de 3rB <\/strong>del resultat final del poema apr\u00e8s:<\/p>\n<p><iframe loading=\"lazy\" title=\"Poema Sant Jordi 3r A\" width=\"500\" height=\"281\" src=\"https:\/\/www.youtube.com\/embed\/JPqvGH4irJA?feature=oembed\" frameborder=\"0\" allow=\"accelerometer; autoplay; clipboard-write; encrypted-media; gyroscope; picture-in-picture; web-share\" referrerpolicy=\"strict-origin-when-cross-origin\" allowfullscreen><\/iframe><\/p>\n<p>&nbsp;<\/p>\n<p><iframe loading=\"lazy\" title=\"Poema Sant Jordi 3r B\" width=\"500\" height=\"281\" src=\"https:\/\/www.youtube.com\/embed\/4mTh8wwhvWY?feature=oembed\" frameborder=\"0\" allow=\"accelerometer; autoplay; clipboard-write; encrypted-media; gyroscope; picture-in-picture; web-share\" referrerpolicy=\"strict-origin-when-cross-origin\" allowfullscreen><\/iframe><\/p>\n<p>Esperem que disfrutessiu d&#8217;una bona Diada de Sant Jordi!<\/p>\n<p>Les tutores de 3r.<\/p>\n","protected":false},"excerpt":{"rendered":"<p>Hola fam\u00edlies de 3r,Durant el mes d&#8217;abril hem estat treballant de valent el poema de Sant Jordi amb els nens i nenes de 3r A i 3rB.&hellip;  <a href=\"https:\/\/agora.xtec.cat\/ceipcassiacostal\/general\/poema-de-sant-jordi-3r-a-i-b\/\" title=\"Read Poema de Sant Jordi 3r A i B\">Llegeix m\u00e9s\u00bb<\/a><\/p>\n","protected":false},"author":31,"featured_media":15260,"comment_status":"open","ping_status":"closed","sticky":false,"template":"","format":"standard","meta":{"_bbp_topic_count":0,"_bbp_reply_count":0,"_bbp_total_topic_count":0,"_bbp_total_reply_count":0,"_bbp_voice_count":0,"_bbp_anonymous_reply_count":0,"_bbp_topic_count_hidden":0,"_bbp_reply_count_hidden":0,"_bbp_forum_subforum_count":0,"footnotes":""},"categories":[12,1,4],"tags":[],"class_list":["post-21465","post","type-post","status-publish","format-standard","has-post-thumbnail","hentry","category-3r","category-general","category-portada"],"post_mailing_queue_ids":[],"_links":{"self":[{"href":"https:\/\/agora.xtec.cat\/ceipcassiacostal\/wp-json\/wp\/v2\/posts\/21465","targetHints":{"allow":["GET"]}}],"collection":[{"href":"https:\/\/agora.xtec.cat\/ceipcassiacostal\/wp-json\/wp\/v2\/posts"}],"about":[{"href":"https:\/\/agora.xtec.cat\/ceipcassiacostal\/wp-json\/wp\/v2\/types\/post"}],"author":[{"embeddable":true,"href":"https:\/\/agora.xtec.cat\/ceipcassiacostal\/wp-json\/wp\/v2\/users\/31"}],"replies":[{"embeddable":true,"href":"https:\/\/agora.xtec.cat\/ceipcassiacostal\/wp-json\/wp\/v2\/comments?post=21465"}],"version-history":[{"count":3,"href":"https:\/\/agora.xtec.cat\/ceipcassiacostal\/wp-json\/wp\/v2\/posts\/21465\/revisions"}],"predecessor-version":[{"id":21476,"href":"https:\/\/agora.xtec.cat\/ceipcassiacostal\/wp-json\/wp\/v2\/posts\/21465\/revisions\/21476"}],"wp:featuredmedia":[{"embeddable":true,"href":"https:\/\/agora.xtec.cat\/ceipcassiacostal\/wp-json\/wp\/v2\/media\/15260"}],"wp:attachment":[{"href":"https:\/\/agora.xtec.cat\/ceipcassiacostal\/wp-json\/wp\/v2\/media?parent=21465"}],"wp:term":[{"taxonomy":"category","embeddable":true,"href":"https:\/\/agora.xtec.cat\/ceipcassiacostal\/wp-json\/wp\/v2\/categories?post=21465"},{"taxonomy":"post_tag","embeddable":true,"href":"https:\/\/agora.xtec.cat\/ceipcassiacostal\/wp-json\/wp\/v2\/tags?post=21465"}],"curies":[{"name":"wp","href":"https:\/\/api.w.org\/{rel}","templated":true}]}}