{"id":20449,"date":"2021-02-15T09:24:45","date_gmt":"2021-02-15T08:24:45","guid":{"rendered":"http:\/\/agora.xtec.cat\/ceipcassiacostal\/?p=20449"},"modified":"2021-02-15T09:24:45","modified_gmt":"2021-02-15T08:24:45","slug":"%e2%99%aa-ara-arriba-el-carnestoltes-a-2na-i-2nb","status":"publish","type":"post","link":"https:\/\/agora.xtec.cat\/ceipcassiacostal\/general\/%e2%99%aa-ara-arriba-el-carnestoltes-a-2na-i-2nb\/","title":{"rendered":"\u266a Ara arriba el Carnestoltes&#8230;a 2nA i 2nB!"},"content":{"rendered":"<p>Bon dia fam\u00edlies de <strong>2nA i 2nB,<\/strong><\/p>\n<p><span style=\"background-color: #ccffff\">La setmana del 8 de febrer, a <strong>M\u00fasica<\/strong>, vam aprendre una <span style=\"text-decoration: underline\"><strong>can\u00e7\u00f3<\/strong> <\/span>del <strong>Carnestoltes<\/strong> i vam confeccionar una <span style=\"text-decoration: underline\"><strong>m\u00e0scara musical<\/strong><\/span> molt bonica.<\/span><\/p>\n<p><span style=\"background-color: #ffff99\">Aquesta \u00e9s la can\u00e7\u00f3 que vam estar treballant i tamb\u00e9 teniu <strong>l&#8217;\u00e0udio<\/strong> al youtube per escoltar-la i ballar-la tantes vegades com desitgeu:<\/span><\/p>\n<p><span style=\"background-color: #cc99ff\">La <span style=\"text-decoration: underline\"><strong>fitxa<\/strong><\/span> de la can\u00e7\u00f3:<\/span><\/p>\n<p><a href=\"https:\/\/agora.xtec.cat\/ceipcassiacostal\/wp-content\/uploads\/usu719\/2021\/02\/can\u00e7o-carnestoltes-ci.jpg\"><img loading=\"lazy\" decoding=\"async\" class=\"alignnone size-full wp-image-20440\" src=\"https:\/\/agora.xtec.cat\/ceipcassiacostal\/wp-content\/uploads\/usu719\/2021\/02\/can\u00e7o-carnestoltes-ci.jpg\" alt=\"\" width=\"791\" height=\"546\" srcset=\"https:\/\/agora.xtec.cat\/ceipcassiacostal\/wp-content\/uploads\/usu719\/2021\/02\/can\u00e7o-carnestoltes-ci.jpg 791w, https:\/\/agora.xtec.cat\/ceipcassiacostal\/wp-content\/uploads\/usu719\/2021\/02\/can\u00e7o-carnestoltes-ci-300x207.jpg 300w, https:\/\/agora.xtec.cat\/ceipcassiacostal\/wp-content\/uploads\/usu719\/2021\/02\/can\u00e7o-carnestoltes-ci-768x530.jpg 768w\" sizes=\"auto, (max-width: 791px) 100vw, 791px\" \/><\/a><\/p>\n<p><span style=\"background-color: #ffcc00\"><strong><span style=\"text-decoration: underline\">Can\u00e7\u00f3<\/span> de Carnestoltes del Pot Petit:<\/strong><\/span><\/p>\n<p><iframe loading=\"lazy\" title=\"Can\u00e7\u00f3 de Carnestoltes del Pot Petit\" width=\"500\" height=\"375\" src=\"https:\/\/www.youtube.com\/embed\/Wop4sLUiaMQ?feature=oembed\" frameborder=\"0\" allow=\"accelerometer; autoplay; clipboard-write; encrypted-media; gyroscope; picture-in-picture; web-share\" referrerpolicy=\"strict-origin-when-cross-origin\" allowfullscreen><\/iframe><\/p>\n<p><span style=\"background-color: #cc99ff\">Aqu\u00ed podeu veure com vam anar <strong>pintant i retallant la nostra <span style=\"text-decoration: underline\">m\u00e0scara musical<\/span><\/strong><span style=\"text-decoration: underline\">,<\/span> tot dibuixant el <strong>nom de les notes, la clau de sol, algunes figures musicals&#8230;<\/strong> i la vam enganxar en una <span style=\"text-decoration: underline\"><strong>partitura<\/strong><\/span> enrotllant el full de paper. Van quedar molt boniques i vam fer un mural al passad\u00eds de cicle inicial de l&#8217;escola.<\/span><\/p>\n<p><a href=\"https:\/\/agora.xtec.cat\/ceipcassiacostal\/wp-content\/uploads\/usu719\/2021\/02\/2n-a-treballant.jpg\"><img loading=\"lazy\" decoding=\"async\" class=\"alignnone size-full wp-image-20450\" src=\"https:\/\/agora.xtec.cat\/ceipcassiacostal\/wp-content\/uploads\/usu719\/2021\/02\/2n-a-treballant.jpg\" alt=\"\" width=\"1654\" height=\"1654\" srcset=\"https:\/\/agora.xtec.cat\/ceipcassiacostal\/wp-content\/uploads\/usu719\/2021\/02\/2n-a-treballant.jpg 1654w, https:\/\/agora.xtec.cat\/ceipcassiacostal\/wp-content\/uploads\/usu719\/2021\/02\/2n-a-treballant-150x150.jpg 150w, https:\/\/agora.xtec.cat\/ceipcassiacostal\/wp-content\/uploads\/usu719\/2021\/02\/2n-a-treballant-300x300.jpg 300w, https:\/\/agora.xtec.cat\/ceipcassiacostal\/wp-content\/uploads\/usu719\/2021\/02\/2n-a-treballant-768x768.jpg 768w, https:\/\/agora.xtec.cat\/ceipcassiacostal\/wp-content\/uploads\/usu719\/2021\/02\/2n-a-treballant-1024x1024.jpg 1024w\" sizes=\"auto, (max-width: 1654px) 100vw, 1654px\" \/><\/a> <a href=\"https:\/\/agora.xtec.cat\/ceipcassiacostal\/wp-content\/uploads\/usu719\/2021\/02\/2nA-junts.jpg\"><img loading=\"lazy\" decoding=\"async\" class=\"alignnone size-full wp-image-20451\" src=\"https:\/\/agora.xtec.cat\/ceipcassiacostal\/wp-content\/uploads\/usu719\/2021\/02\/2nA-junts.jpg\" alt=\"\" width=\"1654\" height=\"1654\" srcset=\"https:\/\/agora.xtec.cat\/ceipcassiacostal\/wp-content\/uploads\/usu719\/2021\/02\/2nA-junts.jpg 1654w, https:\/\/agora.xtec.cat\/ceipcassiacostal\/wp-content\/uploads\/usu719\/2021\/02\/2nA-junts-150x150.jpg 150w, https:\/\/agora.xtec.cat\/ceipcassiacostal\/wp-content\/uploads\/usu719\/2021\/02\/2nA-junts-300x300.jpg 300w, https:\/\/agora.xtec.cat\/ceipcassiacostal\/wp-content\/uploads\/usu719\/2021\/02\/2nA-junts-768x768.jpg 768w, https:\/\/agora.xtec.cat\/ceipcassiacostal\/wp-content\/uploads\/usu719\/2021\/02\/2nA-junts-1024x1024.jpg 1024w\" sizes=\"auto, (max-width: 1654px) 100vw, 1654px\" \/><\/a><\/p>\n<p><a href=\"https:\/\/agora.xtec.cat\/ceipcassiacostal\/wp-content\/uploads\/usu719\/2021\/02\/carnestoltes-2nB-2.jpg\"><img loading=\"lazy\" decoding=\"async\" class=\"alignnone size-full wp-image-20452\" src=\"https:\/\/agora.xtec.cat\/ceipcassiacostal\/wp-content\/uploads\/usu719\/2021\/02\/carnestoltes-2nB-2.jpg\" alt=\"\" width=\"1654\" height=\"1654\" srcset=\"https:\/\/agora.xtec.cat\/ceipcassiacostal\/wp-content\/uploads\/usu719\/2021\/02\/carnestoltes-2nB-2.jpg 1654w, https:\/\/agora.xtec.cat\/ceipcassiacostal\/wp-content\/uploads\/usu719\/2021\/02\/carnestoltes-2nB-2-150x150.jpg 150w, https:\/\/agora.xtec.cat\/ceipcassiacostal\/wp-content\/uploads\/usu719\/2021\/02\/carnestoltes-2nB-2-300x300.jpg 300w, https:\/\/agora.xtec.cat\/ceipcassiacostal\/wp-content\/uploads\/usu719\/2021\/02\/carnestoltes-2nB-2-768x768.jpg 768w, https:\/\/agora.xtec.cat\/ceipcassiacostal\/wp-content\/uploads\/usu719\/2021\/02\/carnestoltes-2nB-2-1024x1024.jpg 1024w\" sizes=\"auto, (max-width: 1654px) 100vw, 1654px\" \/><\/a> <a href=\"https:\/\/agora.xtec.cat\/ceipcassiacostal\/wp-content\/uploads\/usu719\/2021\/02\/carnestoltes-2nb-1.jpg\"><img loading=\"lazy\" decoding=\"async\" class=\"alignnone size-full wp-image-20453\" src=\"https:\/\/agora.xtec.cat\/ceipcassiacostal\/wp-content\/uploads\/usu719\/2021\/02\/carnestoltes-2nb-1.jpg\" alt=\"\" width=\"1654\" height=\"1654\" srcset=\"https:\/\/agora.xtec.cat\/ceipcassiacostal\/wp-content\/uploads\/usu719\/2021\/02\/carnestoltes-2nb-1.jpg 1654w, https:\/\/agora.xtec.cat\/ceipcassiacostal\/wp-content\/uploads\/usu719\/2021\/02\/carnestoltes-2nb-1-150x150.jpg 150w, https:\/\/agora.xtec.cat\/ceipcassiacostal\/wp-content\/uploads\/usu719\/2021\/02\/carnestoltes-2nb-1-300x300.jpg 300w, https:\/\/agora.xtec.cat\/ceipcassiacostal\/wp-content\/uploads\/usu719\/2021\/02\/carnestoltes-2nb-1-768x768.jpg 768w, https:\/\/agora.xtec.cat\/ceipcassiacostal\/wp-content\/uploads\/usu719\/2021\/02\/carnestoltes-2nb-1-1024x1024.jpg 1024w\" sizes=\"auto, (max-width: 1654px) 100vw, 1654px\" \/><\/a><\/p>\n<p><a href=\"https:\/\/agora.xtec.cat\/ceipcassiacostal\/wp-content\/uploads\/usu719\/2021\/02\/la-can\u00e7\u00f3.jpg\"><img loading=\"lazy\" decoding=\"async\" class=\"alignnone size-full wp-image-20454\" src=\"https:\/\/agora.xtec.cat\/ceipcassiacostal\/wp-content\/uploads\/usu719\/2021\/02\/la-can\u00e7\u00f3.jpg\" alt=\"\" width=\"1654\" height=\"1654\" srcset=\"https:\/\/agora.xtec.cat\/ceipcassiacostal\/wp-content\/uploads\/usu719\/2021\/02\/la-can\u00e7\u00f3.jpg 1654w, https:\/\/agora.xtec.cat\/ceipcassiacostal\/wp-content\/uploads\/usu719\/2021\/02\/la-can\u00e7\u00f3-150x150.jpg 150w, https:\/\/agora.xtec.cat\/ceipcassiacostal\/wp-content\/uploads\/usu719\/2021\/02\/la-can\u00e7\u00f3-300x300.jpg 300w, https:\/\/agora.xtec.cat\/ceipcassiacostal\/wp-content\/uploads\/usu719\/2021\/02\/la-can\u00e7\u00f3-768x768.jpg 768w, https:\/\/agora.xtec.cat\/ceipcassiacostal\/wp-content\/uploads\/usu719\/2021\/02\/la-can\u00e7\u00f3-1024x1024.jpg 1024w\" sizes=\"auto, (max-width: 1654px) 100vw, 1654px\" \/><\/a><\/p>\n<p><span style=\"background-color: #99cc00\">Va ser una setmana molt divertida, juntament amb les consignes i les disfresses!!! Fins l&#8217;any que ve, Rei Carnestoltes!!!<\/span><\/p>\n<p><strong>Una abra\u00e7ada,<\/strong><\/p>\n<p><img decoding=\"async\" src=\"https:\/\/img1.picmix.com\/output\/stamp\/normal\/7\/2\/1\/3\/1603127_26450.gif\" alt=\"Resultat d'imatges per a &quot;carnival music gif&quot;\" \/><\/p>\n<p><span style=\"background-color: #ff99cc\"><strong>Marta de m\u00fasica<\/strong><\/span><\/p>\n","protected":false},"excerpt":{"rendered":"<p>Bon dia fam\u00edlies de 2nA i 2nB,<br \/>\nLa setmana del 8 de febrer, a M\u00fasica, vam aprendre una can\u00e7\u00f3 del Carnestoltes i vam confeccionar una m\u00e0scara musical molt bonica.&hellip;  <a href=\"https:\/\/agora.xtec.cat\/ceipcassiacostal\/general\/%e2%99%aa-ara-arriba-el-carnestoltes-a-2na-i-2nb\/\" title=\"Read \u266a Ara arriba el Carnestoltes&#8230;a 2nA i 2nB!\">Llegeix m\u00e9s\u00bb<\/a><\/p>\n","protected":false},"author":17,"featured_media":20458,"comment_status":"open","ping_status":"closed","sticky":false,"template":"","format":"standard","meta":{"_bbp_topic_count":0,"_bbp_reply_count":0,"_bbp_total_topic_count":0,"_bbp_total_reply_count":0,"_bbp_voice_count":0,"_bbp_anonymous_reply_count":0,"_bbp_topic_count_hidden":0,"_bbp_reply_count_hidden":0,"_bbp_forum_subforum_count":0,"footnotes":""},"categories":[11,28,1,182,4,5],"tags":[],"class_list":["post-20449","post","type-post","status-publish","format-standard","has-post-thumbnail","hentry","category-2n","category-especialitats","category-general","category-musica","category-portada","category-primaria"],"post_mailing_queue_ids":[],"_links":{"self":[{"href":"https:\/\/agora.xtec.cat\/ceipcassiacostal\/wp-json\/wp\/v2\/posts\/20449","targetHints":{"allow":["GET"]}}],"collection":[{"href":"https:\/\/agora.xtec.cat\/ceipcassiacostal\/wp-json\/wp\/v2\/posts"}],"about":[{"href":"https:\/\/agora.xtec.cat\/ceipcassiacostal\/wp-json\/wp\/v2\/types\/post"}],"author":[{"embeddable":true,"href":"https:\/\/agora.xtec.cat\/ceipcassiacostal\/wp-json\/wp\/v2\/users\/17"}],"replies":[{"embeddable":true,"href":"https:\/\/agora.xtec.cat\/ceipcassiacostal\/wp-json\/wp\/v2\/comments?post=20449"}],"version-history":[{"count":3,"href":"https:\/\/agora.xtec.cat\/ceipcassiacostal\/wp-json\/wp\/v2\/posts\/20449\/revisions"}],"predecessor-version":[{"id":20494,"href":"https:\/\/agora.xtec.cat\/ceipcassiacostal\/wp-json\/wp\/v2\/posts\/20449\/revisions\/20494"}],"wp:featuredmedia":[{"embeddable":true,"href":"https:\/\/agora.xtec.cat\/ceipcassiacostal\/wp-json\/wp\/v2\/media\/20458"}],"wp:attachment":[{"href":"https:\/\/agora.xtec.cat\/ceipcassiacostal\/wp-json\/wp\/v2\/media?parent=20449"}],"wp:term":[{"taxonomy":"category","embeddable":true,"href":"https:\/\/agora.xtec.cat\/ceipcassiacostal\/wp-json\/wp\/v2\/categories?post=20449"},{"taxonomy":"post_tag","embeddable":true,"href":"https:\/\/agora.xtec.cat\/ceipcassiacostal\/wp-json\/wp\/v2\/tags?post=20449"}],"curies":[{"name":"wp","href":"https:\/\/api.w.org\/{rel}","templated":true}]}}