{"id":20245,"date":"2021-01-18T18:49:23","date_gmt":"2021-01-18T17:49:23","guid":{"rendered":"http:\/\/agora.xtec.cat\/ceipcassiacostal\/?p=20245"},"modified":"2021-02-01T19:46:16","modified_gmt":"2021-02-01T18:46:16","slug":"taller-de-rumba-catalana-2na-i-2nb","status":"publish","type":"post","link":"https:\/\/agora.xtec.cat\/ceipcassiacostal\/general\/taller-de-rumba-catalana-2na-i-2nb\/","title":{"rendered":"Taller de Rumba catalana 2nA i 2nB"},"content":{"rendered":"<p>Hola fam\u00edlies, nens i nenes de <strong>2n,<\/strong><\/p>\n<p><strong>Dimarts 12 de gener<\/strong> al mat\u00ed vam fer un <span style=\"color: #33cccc; font-size: 18pt;\"><strong>taller musical<\/strong><\/span> sobre la <span style=\"background-color: #ffcc00;\"><strong>Rumba catalana i els seus colors.<\/strong><\/span> En <span style=\"color: #ff0000;\"><strong>Papet i la Lola (la seva guitarra)<\/strong> <\/span>ens van ensenyar qu\u00e8 \u00e9s la Rumba, quins s\u00f3n els instruments que la componen, quins colors i ritmes t\u00e9 i per acabar vam ballar una can\u00e7\u00f3 rumbera amb uns passos t\u00edpics d&#8217;aquest estil musical.<\/p>\n<p>La <strong>Rumba catalana<\/strong> neix als ports de <span style=\"color: #ff0000; font-size: 18pt;\">Barcelona<\/span>, t\u00e9 <span style=\"font-size: 18pt;\"><strong><span style=\"color: #0000ff;\">cultura gitana<\/span><\/strong><\/span> i petits tocs caribenys de <span style=\"color: #ff00ff; font-size: 18pt;\"><strong>Cuba<\/strong><\/span>. Per tant, podem barrejar aquests 3 elements dins d&#8217;un pot m\u00e0gic com ens va ensenyar en Papet, i &#8230;&#8221;abracadabra&#8221;, ja tenim la Rumba catalana!<\/p>\n<p>Els seus instruments s\u00f3n: <strong>la guitarra, el caj\u00f3n, els bongos, les &#8220;palmas&#8221; i &#8230;la veu!<\/strong><\/p>\n<p>Els colors r\u00edtmics que vam aprendre amb les &#8220;palmas&#8221; eren el<span style=\"color: #ffffff;\"> <strong><span style=\"background-color: #800080;\">MAGENTA\u00a0<\/span> <\/strong><\/span>i el <span style=\"background-color: #00ccff;\"><strong>BLAU TURQUESA.\u00a0<\/strong><\/span><\/p>\n<p>Mireu quines <span style=\"background-color: #ffff00;\"><strong>fotografies<\/strong> <\/span>&#8230;i no us podeu perdre el <span style=\"background-color: #ccffcc;\"><strong>v\u00eddeo<\/strong><\/span> on tots i totes seguim el ritme rumbero amb molta alegria i ritme.<\/p>\n<p><span style=\"text-decoration: underline; font-size: 24pt;\"><strong>CLASSE DE 2n A:<\/strong><\/span><\/p>\n<p><a href=\"https:\/\/agora.xtec.cat\/ceipcassiacostal\/wp-content\/uploads\/usu719\/2021\/01\/rumba2nA.jpg\"><img loading=\"lazy\" decoding=\"async\" class=\"alignnone size-full wp-image-20247\" src=\"https:\/\/agora.xtec.cat\/ceipcassiacostal\/wp-content\/uploads\/usu719\/2021\/01\/rumba2nA.jpg\" alt=\"\" width=\"1587\" height=\"2245\" srcset=\"https:\/\/agora.xtec.cat\/ceipcassiacostal\/wp-content\/uploads\/usu719\/2021\/01\/rumba2nA.jpg 1587w, https:\/\/agora.xtec.cat\/ceipcassiacostal\/wp-content\/uploads\/usu719\/2021\/01\/rumba2nA-212x300.jpg 212w, https:\/\/agora.xtec.cat\/ceipcassiacostal\/wp-content\/uploads\/usu719\/2021\/01\/rumba2nA-768x1086.jpg 768w, https:\/\/agora.xtec.cat\/ceipcassiacostal\/wp-content\/uploads\/usu719\/2021\/01\/rumba2nA-724x1024.jpg 724w\" sizes=\"auto, (max-width: 1587px) 100vw, 1587px\" \/><\/a><\/p>\n<p><a href=\"https:\/\/agora.xtec.cat\/ceipcassiacostal\/wp-content\/uploads\/usu719\/2021\/01\/rumba2nA-INSTRU.jpg\"><img loading=\"lazy\" decoding=\"async\" class=\"alignnone size-full wp-image-20246\" src=\"https:\/\/agora.xtec.cat\/ceipcassiacostal\/wp-content\/uploads\/usu719\/2021\/01\/rumba2nA-INSTRU.jpg\" alt=\"\" width=\"1587\" height=\"2245\" srcset=\"https:\/\/agora.xtec.cat\/ceipcassiacostal\/wp-content\/uploads\/usu719\/2021\/01\/rumba2nA-INSTRU.jpg 1587w, https:\/\/agora.xtec.cat\/ceipcassiacostal\/wp-content\/uploads\/usu719\/2021\/01\/rumba2nA-INSTRU-212x300.jpg 212w, https:\/\/agora.xtec.cat\/ceipcassiacostal\/wp-content\/uploads\/usu719\/2021\/01\/rumba2nA-INSTRU-768x1086.jpg 768w, https:\/\/agora.xtec.cat\/ceipcassiacostal\/wp-content\/uploads\/usu719\/2021\/01\/rumba2nA-INSTRU-724x1024.jpg 724w\" sizes=\"auto, (max-width: 1587px) 100vw, 1587px\" \/><\/a><\/p>\n<p><span style=\"text-decoration: underline; font-size: 24pt;\"><strong>V\u00cdDEO 2n A:<\/strong><\/span><\/p>\n<p><iframe loading=\"lazy\" title=\"rumba 2nA\" width=\"500\" height=\"281\" src=\"https:\/\/www.youtube.com\/embed\/uggyLmQy4IA?feature=oembed\" frameborder=\"0\" allow=\"accelerometer; autoplay; clipboard-write; encrypted-media; gyroscope; picture-in-picture; web-share\" referrerpolicy=\"strict-origin-when-cross-origin\" allowfullscreen><\/iframe><\/p>\n<p><span style=\"text-decoration: underline; font-size: 24pt;\"><strong>CLASSE DE 2n B:<\/strong><\/span><\/p>\n<p><a href=\"https:\/\/agora.xtec.cat\/ceipcassiacostal\/wp-content\/uploads\/usu719\/2021\/01\/rumba-INSTR2nB.jpg\"><img loading=\"lazy\" decoding=\"async\" class=\"alignnone size-full wp-image-20248\" src=\"https:\/\/agora.xtec.cat\/ceipcassiacostal\/wp-content\/uploads\/usu719\/2021\/01\/rumba-INSTR2nB.jpg\" alt=\"\" width=\"1587\" height=\"2245\" srcset=\"https:\/\/agora.xtec.cat\/ceipcassiacostal\/wp-content\/uploads\/usu719\/2021\/01\/rumba-INSTR2nB.jpg 1587w, https:\/\/agora.xtec.cat\/ceipcassiacostal\/wp-content\/uploads\/usu719\/2021\/01\/rumba-INSTR2nB-212x300.jpg 212w, https:\/\/agora.xtec.cat\/ceipcassiacostal\/wp-content\/uploads\/usu719\/2021\/01\/rumba-INSTR2nB-768x1086.jpg 768w, https:\/\/agora.xtec.cat\/ceipcassiacostal\/wp-content\/uploads\/usu719\/2021\/01\/rumba-INSTR2nB-724x1024.jpg 724w\" sizes=\"auto, (max-width: 1587px) 100vw, 1587px\" \/><\/a><\/p>\n<p><a href=\"https:\/\/agora.xtec.cat\/ceipcassiacostal\/wp-content\/uploads\/usu719\/2021\/01\/rumba2nB.jpg\"><img loading=\"lazy\" decoding=\"async\" class=\"alignnone size-full wp-image-20249\" src=\"https:\/\/agora.xtec.cat\/ceipcassiacostal\/wp-content\/uploads\/usu719\/2021\/01\/rumba2nB.jpg\" alt=\"\" width=\"1587\" height=\"2245\" srcset=\"https:\/\/agora.xtec.cat\/ceipcassiacostal\/wp-content\/uploads\/usu719\/2021\/01\/rumba2nB.jpg 1587w, https:\/\/agora.xtec.cat\/ceipcassiacostal\/wp-content\/uploads\/usu719\/2021\/01\/rumba2nB-212x300.jpg 212w, https:\/\/agora.xtec.cat\/ceipcassiacostal\/wp-content\/uploads\/usu719\/2021\/01\/rumba2nB-768x1086.jpg 768w, https:\/\/agora.xtec.cat\/ceipcassiacostal\/wp-content\/uploads\/usu719\/2021\/01\/rumba2nB-724x1024.jpg 724w\" sizes=\"auto, (max-width: 1587px) 100vw, 1587px\" \/><\/a><\/p>\n<p><span style=\"text-decoration: underline; font-size: 24pt;\"><strong>V\u00cdDEO 2n B:<\/strong><\/span><\/p>\n<p><iframe loading=\"lazy\" title=\"Rumba 2nB\" width=\"500\" height=\"281\" src=\"https:\/\/www.youtube.com\/embed\/DGCisbw05Kk?feature=oembed\" frameborder=\"0\" allow=\"accelerometer; autoplay; clipboard-write; encrypted-media; gyroscope; picture-in-picture; web-share\" referrerpolicy=\"strict-origin-when-cross-origin\" allowfullscreen><\/iframe><\/p>\n<p>Vam passar una molt bona estona i podem dir que vam comen\u00e7ar aquest <strong>2n trimestre.<\/strong>..amb molta <strong>m\u00fasica<\/strong> i molta <strong>rumba<\/strong>!<\/p>\n<p>Moltes gr\u00e0cies a l&#8217;artista Papet per fer-nos gaudir al m\u00e0xim d&#8217;aquesta experi\u00e8ncia!!<\/p>\n<p>Que tinguem tots i totes un bon any 2021 i molta salut!<\/p>\n<p>&nbsp;<\/p>\n<p><strong>Marta de m\u00fasica \u266b\u266b<\/strong><\/p>\n<p><img decoding=\"async\" src=\"https:\/\/encrypted-tbn0.gstatic.com\/images?q=tbn:ANd9GcSZUQUzeaTIOT0krOnOHvAqqZepXGBZc-4PWw&amp;usqp=CAU\" alt=\"Music Animated Clipart - Animated Gifs\" \/><\/p>\n","protected":false},"excerpt":{"rendered":"<p>Dimarts 12 de gener al mat\u00ed vam fer un taller musical sobre la Rumba catalana i els seus colors. En Papet i la Lola (la seva guitarra) ens van ensenyar qu\u00e8 \u00e9s la Rumba, quins s\u00f3n els instruments que la componen, quins colors i ritmes t\u00e9 i per acabar vam ballar una can\u00e7\u00f3 rumbera amb uns passos t\u00edpics d&#8217;aquest estil musical.&hellip;  <a href=\"https:\/\/agora.xtec.cat\/ceipcassiacostal\/general\/taller-de-rumba-catalana-2na-i-2nb\/\" title=\"Read Taller de Rumba catalana 2nA i 2nB\">Llegeix m\u00e9s\u00bb<\/a><\/p>\n","protected":false},"author":17,"featured_media":20237,"comment_status":"open","ping_status":"closed","sticky":false,"template":"","format":"standard","meta":{"_bbp_topic_count":0,"_bbp_reply_count":0,"_bbp_total_topic_count":0,"_bbp_total_reply_count":0,"_bbp_voice_count":0,"_bbp_anonymous_reply_count":0,"_bbp_topic_count_hidden":0,"_bbp_reply_count_hidden":0,"_bbp_forum_subforum_count":0,"footnotes":""},"categories":[11,28,1,182,4,5],"tags":[],"class_list":["post-20245","post","type-post","status-publish","format-standard","has-post-thumbnail","hentry","category-2n","category-especialitats","category-general","category-musica","category-portada","category-primaria"],"post_mailing_queue_ids":[],"_links":{"self":[{"href":"https:\/\/agora.xtec.cat\/ceipcassiacostal\/wp-json\/wp\/v2\/posts\/20245","targetHints":{"allow":["GET"]}}],"collection":[{"href":"https:\/\/agora.xtec.cat\/ceipcassiacostal\/wp-json\/wp\/v2\/posts"}],"about":[{"href":"https:\/\/agora.xtec.cat\/ceipcassiacostal\/wp-json\/wp\/v2\/types\/post"}],"author":[{"embeddable":true,"href":"https:\/\/agora.xtec.cat\/ceipcassiacostal\/wp-json\/wp\/v2\/users\/17"}],"replies":[{"embeddable":true,"href":"https:\/\/agora.xtec.cat\/ceipcassiacostal\/wp-json\/wp\/v2\/comments?post=20245"}],"version-history":[{"count":3,"href":"https:\/\/agora.xtec.cat\/ceipcassiacostal\/wp-json\/wp\/v2\/posts\/20245\/revisions"}],"predecessor-version":[{"id":20342,"href":"https:\/\/agora.xtec.cat\/ceipcassiacostal\/wp-json\/wp\/v2\/posts\/20245\/revisions\/20342"}],"wp:featuredmedia":[{"embeddable":true,"href":"https:\/\/agora.xtec.cat\/ceipcassiacostal\/wp-json\/wp\/v2\/media\/20237"}],"wp:attachment":[{"href":"https:\/\/agora.xtec.cat\/ceipcassiacostal\/wp-json\/wp\/v2\/media?parent=20245"}],"wp:term":[{"taxonomy":"category","embeddable":true,"href":"https:\/\/agora.xtec.cat\/ceipcassiacostal\/wp-json\/wp\/v2\/categories?post=20245"},{"taxonomy":"post_tag","embeddable":true,"href":"https:\/\/agora.xtec.cat\/ceipcassiacostal\/wp-json\/wp\/v2\/tags?post=20245"}],"curies":[{"name":"wp","href":"https:\/\/api.w.org\/{rel}","templated":true}]}}