{"id":20176,"date":"2020-12-21T19:41:19","date_gmt":"2020-12-21T18:41:19","guid":{"rendered":"http:\/\/agora.xtec.cat\/ceipcassiacostal\/?p=20176"},"modified":"2020-12-22T08:09:11","modified_gmt":"2020-12-22T07:09:11","slug":"fem-anys-aniversaris-de-p4-setembre-desembre","status":"publish","type":"post","link":"https:\/\/agora.xtec.cat\/ceipcassiacostal\/general\/fem-anys-aniversaris-de-p4-setembre-desembre\/","title":{"rendered":"FEM ANYS!!! ANIVERSARIS DE P4: SETEMBRE \u2013 DESEMBRE"},"content":{"rendered":"<p><strong><span style=\"color: #ff0000;\">Hola fam\u00edlies i nens i nenes de P4!<\/span><\/strong><\/p>\n<p>Des que hem tornat a comen\u00e7ar l\u2019escola hi ha hagut alguns nens i nenes que han fet <span style=\"background-color: #ffffff; color: #ff0000;\"><strong>4 ANYS!<\/strong><\/span>!!! Com sempre, ens ho hem passat molt b\u00e9! Els nens i nenes que han celebrat l\u2019aniversari s\u2019han fet una corona i han bufat l\u2019espelma del <span style=\"color: #ff0000;\"><strong>N\u00daMERO 4<\/strong><\/span>!<\/p>\n<p>Tamb\u00e9 hem cantat les can\u00e7ons de l\u2019aniversari, que podeu tornar a escoltar clicant els seg\u00fcents enlla\u00e7os, i hem berenat les galetes, bon\u00edssimes, que les fam\u00edlies heu portat! Moltes gr\u00e0cies, fam\u00edlies, per aquests berenars!<\/p>\n<ul>\n<li>Can\u00e7\u00f3 dels 4 anys Pa\u00eds de Xauxa: <a href=\"https:\/\/www.youtube.com\/watch?v=gIrJojkWv-U\">https:\/\/www.youtube.com\/watch?v=gIrJojkWv-U<\/a><\/li>\n<li>Can\u00e7\u00f3 de l\u2019Aniversari S\u00faper 3: <a href=\"https:\/\/www.youtube.com\/watch?v=VyMLSJwehyI\">https:\/\/www.youtube.com\/watch?v=VyMLSJwehyI<\/a><\/li>\n<\/ul>\n<p><a href=\"https:\/\/drive.google.com\/drive\/folders\/1YznMIvF8-AkxbsfAwzk2uMcbatA-68as?usp=sharing\"><strong><span style=\"color: #ff0000;\"> \u27a1 Moltes felicitats!!:<\/span> <\/strong><\/a>Hawa, Maryam, Keila, l\u2019Anas, Diego, Navraj, Emily, Moncef, Nerea, Noor, Matteo i Barratou.<\/p>\n<p>Que grans que sou!<\/p>\n<p>Una abra\u00e7ada.<\/p>\n<p>Les mestres de P4<\/p>\n<p>&nbsp;<\/p>\n","protected":false},"excerpt":{"rendered":"<p>Aqu\u00ed podeu veure els aniversaris que hem celebrat els nens i nenes de P4, des de setembre fins a desembre!&hellip;  <a href=\"https:\/\/agora.xtec.cat\/ceipcassiacostal\/general\/fem-anys-aniversaris-de-p4-setembre-desembre\/\" title=\"Read FEM ANYS!!! ANIVERSARIS DE P4: SETEMBRE \u2013 DESEMBRE\">Llegeix m\u00e9s\u00bb<\/a><\/p>\n","protected":false},"author":1,"featured_media":20177,"comment_status":"open","ping_status":"closed","sticky":false,"template":"","format":"standard","meta":{"_bbp_topic_count":0,"_bbp_reply_count":0,"_bbp_total_topic_count":0,"_bbp_total_reply_count":0,"_bbp_voice_count":0,"_bbp_anonymous_reply_count":0,"_bbp_topic_count_hidden":0,"_bbp_reply_count_hidden":0,"_bbp_forum_subforum_count":0,"footnotes":""},"categories":[1,8,2,4],"tags":[],"class_list":["post-20176","post","type-post","status-publish","format-standard","has-post-thumbnail","hentry","category-general","category-i4","category-infantil","category-portada"],"post_mailing_queue_ids":[],"_links":{"self":[{"href":"https:\/\/agora.xtec.cat\/ceipcassiacostal\/wp-json\/wp\/v2\/posts\/20176","targetHints":{"allow":["GET"]}}],"collection":[{"href":"https:\/\/agora.xtec.cat\/ceipcassiacostal\/wp-json\/wp\/v2\/posts"}],"about":[{"href":"https:\/\/agora.xtec.cat\/ceipcassiacostal\/wp-json\/wp\/v2\/types\/post"}],"author":[{"embeddable":true,"href":"https:\/\/agora.xtec.cat\/ceipcassiacostal\/wp-json\/wp\/v2\/users\/1"}],"replies":[{"embeddable":true,"href":"https:\/\/agora.xtec.cat\/ceipcassiacostal\/wp-json\/wp\/v2\/comments?post=20176"}],"version-history":[{"count":2,"href":"https:\/\/agora.xtec.cat\/ceipcassiacostal\/wp-json\/wp\/v2\/posts\/20176\/revisions"}],"predecessor-version":[{"id":20179,"href":"https:\/\/agora.xtec.cat\/ceipcassiacostal\/wp-json\/wp\/v2\/posts\/20176\/revisions\/20179"}],"wp:featuredmedia":[{"embeddable":true,"href":"https:\/\/agora.xtec.cat\/ceipcassiacostal\/wp-json\/wp\/v2\/media\/20177"}],"wp:attachment":[{"href":"https:\/\/agora.xtec.cat\/ceipcassiacostal\/wp-json\/wp\/v2\/media?parent=20176"}],"wp:term":[{"taxonomy":"category","embeddable":true,"href":"https:\/\/agora.xtec.cat\/ceipcassiacostal\/wp-json\/wp\/v2\/categories?post=20176"},{"taxonomy":"post_tag","embeddable":true,"href":"https:\/\/agora.xtec.cat\/ceipcassiacostal\/wp-json\/wp\/v2\/tags?post=20176"}],"curies":[{"name":"wp","href":"https:\/\/api.w.org\/{rel}","templated":true}]}}